{"id":10311,"date":"2022-03-04T18:42:47","date_gmt":"2022-03-04T18:42:47","guid":{"rendered":"https:\/\/juliancastiblanco.com\/web\/?p=10311"},"modified":"2022-05-05T11:59:35","modified_gmt":"2022-05-05T11:59:35","slug":"ingenieros-de-marketing-destacado-en-fabricas-de-productividad-por-su-labor-en-la-transformacion-digital-de-las-empresas-del-programa","status":"publish","type":"post","link":"https:\/\/juliancastiblanco.com\/web\/ingenieros-de-marketing-destacado-en-fabricas-de-productividad-por-su-labor-en-la-transformacion-digital-de-las-empresas-del-programa\/","title":{"rendered":"Ingenieros de Marketing destacado en F\u00e1bricas de Productividad por su labor en la Transformaci\u00f3n Digital de las empresas del programa."},"content":{"rendered":"<p>En el marco de la presentaci\u00f3n de resultados del programa F\u00e1bricas de Productividad por parte del Presidente de la Rep\u00fablica Iv\u00e1n Duque M\u00e1rquez, de la Ministra de Comercio Industria y Turismo Mar\u00eda Ximena Lombana Villalba y del Presidente de Colombia Productiva\u00a0 Camilo Fern\u00e1ndez de Soto.<\/p>\n<p><img loading=\"lazy\" decoding=\"async\" class=\"wp-image-10313 aligncenter\" src=\"https:\/\/juliancastiblanco.com\/web\/wp-content\/uploads\/2022\/03\/WhatsApp-Image-2022-03-04-at-11.41.41-AM.jpeg\" alt=\"\" width=\"630\" height=\"354\" srcset=\"https:\/\/juliancastiblanco.com\/web\/wp-content\/uploads\/2022\/03\/WhatsApp-Image-2022-03-04-at-11.41.41-AM.jpeg 800w, https:\/\/juliancastiblanco.com\/web\/wp-content\/uploads\/2022\/03\/WhatsApp-Image-2022-03-04-at-11.41.41-AM-300x169.jpeg 300w, https:\/\/juliancastiblanco.com\/web\/wp-content\/uploads\/2022\/03\/WhatsApp-Image-2022-03-04-at-11.41.41-AM-768x432.jpeg 768w\" sizes=\"auto, (max-width: 630px) 100vw, 630px\" \/><\/p>\n<p>Se presentaron los resultados m\u00e1s importantes y relevantes del programa que m\u00e1s productividad ha tra\u00eddo a las empresas en los \u00faltimos cuatro a\u00f1os. sin duda es un programa que ha alcanzado m\u00e1s de 5.000 empresas para mejorar la productividad y ayudarlas en los procesos de reactivaci\u00f3n econ\u00f3mica a lo largo de la pandemia.<\/p>\n<p><img loading=\"lazy\" decoding=\"async\" class=\"wp-image-10323 aligncenter\" src=\"https:\/\/juliancastiblanco.com\/web\/wp-content\/uploads\/2022\/03\/WhatsApp-Image-2022-03-02-at-7.22.51-PM-13.jpeg\" alt=\"\" width=\"625\" height=\"591\" srcset=\"https:\/\/juliancastiblanco.com\/web\/wp-content\/uploads\/2022\/03\/WhatsApp-Image-2022-03-02-at-7.22.51-PM-13.jpeg 1199w, https:\/\/juliancastiblanco.com\/web\/wp-content\/uploads\/2022\/03\/WhatsApp-Image-2022-03-02-at-7.22.51-PM-13-300x284.jpeg 300w, https:\/\/juliancastiblanco.com\/web\/wp-content\/uploads\/2022\/03\/WhatsApp-Image-2022-03-02-at-7.22.51-PM-13-1024x968.jpeg 1024w, https:\/\/juliancastiblanco.com\/web\/wp-content\/uploads\/2022\/03\/WhatsApp-Image-2022-03-02-at-7.22.51-PM-13-768x726.jpeg 768w, https:\/\/juliancastiblanco.com\/web\/wp-content\/uploads\/2022\/03\/WhatsApp-Image-2022-03-02-at-7.22.51-PM-13-810x766.jpeg 810w, https:\/\/juliancastiblanco.com\/web\/wp-content\/uploads\/2022\/03\/WhatsApp-Image-2022-03-02-at-7.22.51-PM-13-1140x1078.jpeg 1140w\" sizes=\"auto, (max-width: 625px) 100vw, 625px\" \/><\/p>\n<p>Como Ingenieros de M\u00e1rketing hemos tenido el privilegio de participar en el programa desde el primer ciclo y en 5 regiones\u00a0 del pa\u00eds hemos acompa\u00f1ado a m\u00e1s de 70 empresas a mejorar la productividad en indicadores de transformaci\u00f3n digital, gesti\u00f3n comercial, productividad operacional y laboral, entre otros.<\/p>\n<p>Para nosotros y el equipo de trabajo es muy grato recibir reconocimiento por nuestro destacado trabajo. agradecemos a todas las empresas, gestores, C\u00e1maras de Comercio que nos han apoyado y\u00a0 acompa\u00f1ado para lograr los resultados por los cuales hemos recibido \u00e9ste reconocimiento entre m\u00e1s de 100 extensionistas.<\/p>\n<p>Compartimos\u00a0 el siguiente video (click en la imagen).<\/p>\n<p><a href=\"https:\/\/www.facebook.com\/watch\/?v=330926792207261\"><img loading=\"lazy\" decoding=\"async\" class=\"wp-image-10546 aligncenter\" src=\"https:\/\/juliancastiblanco.com\/web\/wp-content\/uploads\/2022\/03\/2022-03-24-2.png\" alt=\"\" width=\"585\" height=\"336\" srcset=\"https:\/\/juliancastiblanco.com\/web\/wp-content\/uploads\/2022\/03\/2022-03-24-2.png 768w, https:\/\/juliancastiblanco.com\/web\/wp-content\/uploads\/2022\/03\/2022-03-24-2-300x172.png 300w\" sizes=\"auto, (max-width: 585px) 100vw, 585px\" \/><\/a><\/p>\n<p>Seguiremos trabajando por la productividad del pa\u00eds ahora en el ciclo 4 donde esperamos acompa\u00f1ar empresas en todo el pa\u00eds, lo invitamos a contar con Ingenieros de M\u00e1rketing con\u00a0 su equipo y cada uno de los especialistas para poder llevar a cabo los retos de transformaci\u00f3n digital, comercial, eficiencia energ\u00e9tica, productividad laboral, entre otros.<\/p>\n<h2>Testimonios de algunas empresas intervenidas<\/h2>\n<p><iframe loading=\"lazy\" src=\"https:\/\/widget.spreaker.com\/player?show_id=5547383&amp;theme=light&amp;playlist=show&amp;playlist-continuous=false&amp;chapters-image=true&amp;episode_image_position=right&amp;hide-logo=false&amp;hide-likes=false&amp;hide-comments=false&amp;hide-sharing=false&amp;hide-download=true&amp;cover_image_url=https%3A%2F%2Fd3wo5wojvuv7l.cloudfront.net%2Fimages.spreaker.com%2Foriginal%2F380bde9cc1287f39dc35bb214f016c51.jpg\" width=\"100%\" height=\"750px\" frameborder=\"0\"><\/iframe><\/p>\n<p><script charset=\"utf-8\" type=\"text\/javascript\" src=\"\/\/js.hsforms.net\/forms\/shell.js\"><\/script><br \/>\n<script>\n  hbspt.forms.create({\n\tregion: \"na1\",\n\tportalId: \"19974782\",\n\tformId: \"59166c9e-1473-46ee-bdbf-f72444e59fbf\"\n});\n<\/script><\/p>\n<p>&nbsp;<\/p>\n<blockquote><p>Te puede interesar<\/p><\/blockquote>\n<blockquote class=\"wp-embedded-content\" data-secret=\"txldtzSZnt\"><p><a href=\"https:\/\/juliancastiblanco.com\/web\/ingenieros-de-marketing-invita-a-participar-en-el-ciclo-4-de-fabricas-de-productividad-de-mincit\/\">Ingenieros de Marketing invita a participar en el Ciclo 4 de Fabricas de Productividad de MINCIT<\/a><\/p><\/blockquote>\n<p><iframe loading=\"lazy\" class=\"wp-embedded-content\" sandbox=\"allow-scripts\" security=\"restricted\" style=\"position: absolute; clip: rect(1px, 1px, 1px, 1px);\" title=\"\u00abIngenieros de Marketing invita a participar en el Ciclo 4 de Fabricas de Productividad de MINCIT\u00bb \u2014 JulianCastiblanco.com\" src=\"https:\/\/juliancastiblanco.com\/web\/ingenieros-de-marketing-invita-a-participar-en-el-ciclo-4-de-fabricas-de-productividad-de-mincit\/embed\/#?secret=rqBvxcuLXu#?secret=txldtzSZnt\" data-secret=\"txldtzSZnt\" width=\"600\" height=\"338\" frameborder=\"0\" marginwidth=\"0\" marginheight=\"0\" scrolling=\"no\"><\/iframe><\/p>\n<p><span data-contrast=\"none\">_____________________________<\/span><\/p>\n<p><span data-contrast=\"none\">\u00a0Reproducido por Contenidos Digitales Ingenieros de Marketing<\/span><\/p>\n<p><a href=\"http:\/\/www.ingenierosdemarketing.com.co\/\"><span data-contrast=\"auto\">www.ingenierosdemarketing.com.co<\/span><\/a><\/p>\n<p><a href=\"http:\/\/www.juliancastiblanco.com\/\"><span data-contrast=\"auto\">www.JulianCastiblanco.com<\/span><\/a><\/p>\n<p><a href=\"http:\/\/www.deceroasapo.com\/\"><span data-contrast=\"auto\">www.deceroasapo.com<\/span><\/a><\/p>\n<p><a href=\"http:\/\/www.oceanosvioleta.com\/\"><span data-contrast=\"auto\">www.oceanosvioleta.com<\/span><\/a><\/p>\n","protected":false},"excerpt":{"rendered":"<p>En el marco de la presentaci\u00f3n de resultados del programa F\u00e1bricas de Productividad por parte del Presidente de la Rep\u00fablica Iv\u00e1n Duque M\u00e1rquez, de la Ministra de Comercio Industria y [&hellip;]<\/p>\n","protected":false},"author":4,"featured_media":10312,"comment_status":"closed","ping_status":"closed","sticky":false,"template":"","format":"standard","meta":{"footnotes":""},"categories":[9],"tags":[],"class_list":["post-10311","post","type-post","status-publish","format-standard","has-post-thumbnail","hentry","category-tecnologia"],"_links":{"self":[{"href":"https:\/\/juliancastiblanco.com\/web\/wp-json\/wp\/v2\/posts\/10311","targetHints":{"allow":["GET"]}}],"collection":[{"href":"https:\/\/juliancastiblanco.com\/web\/wp-json\/wp\/v2\/posts"}],"about":[{"href":"https:\/\/juliancastiblanco.com\/web\/wp-json\/wp\/v2\/types\/post"}],"author":[{"embeddable":true,"href":"https:\/\/juliancastiblanco.com\/web\/wp-json\/wp\/v2\/users\/4"}],"replies":[{"embeddable":true,"href":"https:\/\/juliancastiblanco.com\/web\/wp-json\/wp\/v2\/comments?post=10311"}],"version-history":[{"count":12,"href":"https:\/\/juliancastiblanco.com\/web\/wp-json\/wp\/v2\/posts\/10311\/revisions"}],"predecessor-version":[{"id":11051,"href":"https:\/\/juliancastiblanco.com\/web\/wp-json\/wp\/v2\/posts\/10311\/revisions\/11051"}],"wp:featuredmedia":[{"embeddable":true,"href":"https:\/\/juliancastiblanco.com\/web\/wp-json\/wp\/v2\/media\/10312"}],"wp:attachment":[{"href":"https:\/\/juliancastiblanco.com\/web\/wp-json\/wp\/v2\/media?parent=10311"}],"wp:term":[{"taxonomy":"category","embeddable":true,"href":"https:\/\/juliancastiblanco.com\/web\/wp-json\/wp\/v2\/categories?post=10311"},{"taxonomy":"post_tag","embeddable":true,"href":"https:\/\/juliancastiblanco.com\/web\/wp-json\/wp\/v2\/tags?post=10311"}],"curies":[{"name":"wp","href":"https:\/\/api.w.org\/{rel}","templated":true}]}}