{"id":10493,"date":"2022-03-18T17:56:53","date_gmt":"2022-03-18T17:56:53","guid":{"rendered":"https:\/\/juliancastiblanco.com\/web\/?p=10493"},"modified":"2022-03-18T17:56:53","modified_gmt":"2022-03-18T17:56:53","slug":"crecieron-en-enero-el-comercio-al-por-menor-y-el-electronico","status":"publish","type":"post","link":"https:\/\/juliancastiblanco.com\/web\/crecieron-en-enero-el-comercio-al-por-menor-y-el-electronico\/","title":{"rendered":"Crecieron en enero el comercio al por menor y el electr\u00f3nico"},"content":{"rendered":"<p>\u25cf El empleo del sector de comercio al por menor subi\u00f3 en 2,2%.<\/p>\n<p>\u25cf El comercio electr\u00f3nico aument\u00f3 sus ventas 47,8% en enero.<\/p>\n<p>Bogot\u00e1 D.C., 17 de marzo de 2022.- En enero de este a\u00f1o las ventas de comercio al por menor y de comercio electr\u00f3nico siguieron por la senda del crecimiento. De acuerdo con un an\u00e1lisis de la Oficina de Estudios Econ\u00f3micos del Ministerio de Comercio, Industria y Turismo, con base en cifras del DANE, en el primer mes del a\u00f1o el aumento en ventas de comercio al por menor fue del 20,9% comparado con igual per\u00edodo de 2021, mientras que las de comercio electr\u00f3nico aumentaron 47,8%.<\/p>\n<p>El informe resalt\u00f3 que reportaron crecimiento los 19 sectores de comercio al por menor analizados. El mayor aumento se registr\u00f3 en sectores como el de veh\u00edculos, con una variaci\u00f3n del 70,6%; combustibles con 16,6%; motos con 30,4%; prendas de vestir con 71,4%, y calzado con 97,3%.<\/p>\n<p>El buen comportamiento de este sector provoc\u00f3 tambi\u00e9n un incremento en el empleo del 2,2%. Por regiones, la din\u00e1mica en las ventas se registr\u00f3 en todos los departamentos medidos por el DANE, destac\u00e1ndose Antioquia, Cundinamarca, Santander, Valle, Atl\u00e1ntico y Bogot\u00e1.<\/p>\n<p>En cuanto al comercio electr\u00f3nico, el informe resalta que su crecimiento fue de 47,8% en comparaci\u00f3n con enero de 2021 y de 160,7% frente al mismo periodo de 2020, mes durante el cual todav\u00eda no se hab\u00eda registrado la pandemia en el pa\u00eds. Esto confirma la positiva evoluci\u00f3n que esta actividad ha tenido durante la emergencia sanitaria.<\/p>\n<p>Las ventas del comercio al por menor tambi\u00e9n impactaron positivamente el \u00cdndice de Confianza Comercial que mide Fedesarrollo a trav\u00e9s de encuestas a empresas del sector, y que se ubic\u00f3 en 39,5%. Esto representa 7,5 puntos porcentuales por encima del dato reportado en el mismo mes del a\u00f1o pasado.<\/p>\n<p>Durante los \u00faltimos 19 meses ese \u00edndice se viene ubicando en terreno positivo, lo cual es s\u00edntoma de que avanza la reactivaci\u00f3n econ\u00f3mica segura del pa\u00eds que impulsa el gobierno del presidente Iv\u00e1n Duque.<\/p>\n<p>Contenido tomado de bolet\u00edn de prensa de <strong class=\"x_gmail_sendername\" dir=\"auto\">MinCIT<\/strong><\/p>\n<blockquote><p>Te puede interesar:<\/p><\/blockquote>\n<p><a href=\"https:\/\/juliancastiblanco.com\/web\/ingenieros-de-marketing-destacado-en-fabricas-de-productividad-por-su-labor-en-la-transformacion-digital-de-las-empresas-del-programa\/\">https:\/\/juliancastiblanco.com\/web\/ingenieros-de-marketing-destacado-en-fabricas-de-productividad-por-su-labor-en-la-transformacion-digital-de-las-empresas-del-programa\/<\/a><\/p>\n<p><span data-contrast=\"none\">_____________________________<\/span><\/p>\n<p><span data-contrast=\"none\">\u00a0Reproducido por Contenidos Digitales Ingenieros de Marketing<\/span><\/p>\n<p><a href=\"http:\/\/www.ingenierosdemarketing.com.co\/\"><span data-contrast=\"auto\">www.ingenierosdemarketing.com.co<\/span><\/a><\/p>\n<p><a href=\"http:\/\/www.juliancastiblanco.com\/\"><span data-contrast=\"auto\">www.JulianCastiblanco.com<\/span><\/a><\/p>\n<p><a href=\"http:\/\/www.deceroasapo.com\/\"><span data-contrast=\"auto\">www.deceroasapo.com<\/span><\/a><\/p>\n<p><a href=\"http:\/\/www.oceanosvioleta.com\/\"><span data-contrast=\"auto\">www.oceanosvioleta.com<\/span><\/a><\/p>\n","protected":false},"excerpt":{"rendered":"<p>\u25cf El empleo del sector de comercio al por menor subi\u00f3 en 2,2%. \u25cf El comercio electr\u00f3nico aument\u00f3 sus ventas 47,8% en enero. Bogot\u00e1 D.C., 17 de marzo de 2022.- [&hellip;]<\/p>\n","protected":false},"author":4,"featured_media":10494,"comment_status":"closed","ping_status":"closed","sticky":false,"template":"","format":"standard","meta":{"footnotes":""},"categories":[9],"tags":[],"class_list":["post-10493","post","type-post","status-publish","format-standard","has-post-thumbnail","hentry","category-tecnologia"],"_links":{"self":[{"href":"https:\/\/juliancastiblanco.com\/web\/wp-json\/wp\/v2\/posts\/10493","targetHints":{"allow":["GET"]}}],"collection":[{"href":"https:\/\/juliancastiblanco.com\/web\/wp-json\/wp\/v2\/posts"}],"about":[{"href":"https:\/\/juliancastiblanco.com\/web\/wp-json\/wp\/v2\/types\/post"}],"author":[{"embeddable":true,"href":"https:\/\/juliancastiblanco.com\/web\/wp-json\/wp\/v2\/users\/4"}],"replies":[{"embeddable":true,"href":"https:\/\/juliancastiblanco.com\/web\/wp-json\/wp\/v2\/comments?post=10493"}],"version-history":[{"count":2,"href":"https:\/\/juliancastiblanco.com\/web\/wp-json\/wp\/v2\/posts\/10493\/revisions"}],"predecessor-version":[{"id":10496,"href":"https:\/\/juliancastiblanco.com\/web\/wp-json\/wp\/v2\/posts\/10493\/revisions\/10496"}],"wp:featuredmedia":[{"embeddable":true,"href":"https:\/\/juliancastiblanco.com\/web\/wp-json\/wp\/v2\/media\/10494"}],"wp:attachment":[{"href":"https:\/\/juliancastiblanco.com\/web\/wp-json\/wp\/v2\/media?parent=10493"}],"wp:term":[{"taxonomy":"category","embeddable":true,"href":"https:\/\/juliancastiblanco.com\/web\/wp-json\/wp\/v2\/categories?post=10493"},{"taxonomy":"post_tag","embeddable":true,"href":"https:\/\/juliancastiblanco.com\/web\/wp-json\/wp\/v2\/tags?post=10493"}],"curies":[{"name":"wp","href":"https:\/\/api.w.org\/{rel}","templated":true}]}}