{"id":10664,"date":"2022-04-04T14:24:47","date_gmt":"2022-04-04T14:24:47","guid":{"rendered":"https:\/\/juliancastiblanco.com\/web\/?p=10664"},"modified":"2022-04-04T22:08:53","modified_gmt":"2022-04-04T22:08:53","slug":"viti-control-la-faja-que-marco-la-diferencia-en-la-macrorrueda-9010664-2","status":"publish","type":"post","link":"https:\/\/juliancastiblanco.com\/web\/viti-control-la-faja-que-marco-la-diferencia-en-la-macrorrueda-9010664-2\/","title":{"rendered":"VIT\u00cd\u2122 Control LA FAJA que marc\u00f3 la diferencia en la Macrorrueda 90"},"content":{"rendered":"<p>VIT\u00cd\u2122 Control LAS FAJAS DIFERENTES.<\/p>\n<h1>Con frases como: \u201cQue buen producto tienen\u201d \u201cSon diferentes\u201d \u201cEsto es lo que andaba buscando\u201d<\/h1>\n<p>\u201cSe nota la pasi\u00f3n que tienes por tu empresa\u201d la marca cartagenera de fajas VIT\u00cd\u2122 Control inici\u00f3 su participaci\u00f3n en la Macrorrueda 90, que continu\u00f3 con visitas de compradores internacionales en el VIT\u00cd\u2122 BUSINESS CENTER en la ciudad de Cartagena.<\/p>\n<p>VIT\u00cd\u2122 Control en La MACRORRUEDA 90.<\/p>\n<p>El espacio comercial m\u00e1s importante de internacionalizaci\u00f3n del pa\u00eds, en donde exportadores colombianos y compradores internacionales llevan a cabo citas de negocio.<\/p>\n<p>El cual se llev\u00f3 a cabo en el marco de la celebraci\u00f3n de los 30 a\u00f1os de ProColombia y por primera vez se realiz\u00f3 en dos ciudades, Medell\u00edn y Cali, los d\u00edas 28 y 29 de marzo de 2022 en Medell\u00edn con la participaci\u00f3n de las cadenas de Sistema Moda e Industrias 4.0 reuniendo a m\u00e1s de 3.000 empresarios nacionales e internacionales.<\/p>\n<p>Compradores de Estados Unidos, Canad\u00e1, M\u00e9xico, Per\u00fa, Bolivia, Guatemala, Rep\u00fablica Dominicana, Chile y Egipto recibieron, reconocieron la calidad, el conocimiento y la experiencia, que en prendas de control tiene VIT\u00cd\u2122Control y que adem\u00e1s de ofrecer un producto lleva consigo un modelo de negocio que facilita la comercializaci\u00f3n del mismo.<\/p>\n<p>Tambi\u00e9n puedes leer: <a href=\"https:\/\/byviti.com\/viti-control-lider-del-nucleo-empresarial-textil-y-confeccion\/\">VIT\u00cd\u00ae Control L\u00edder del N\u00facleo Textil y Confecci\u00f3n<\/a><\/p>\n<h2><strong>VIT\u00cd\u2122 Control crea un hito en la historia del sector textil y confecci\u00f3n en Cartagena.<\/strong><\/h2>\n<p>Siendo VIT\u00cd\u2122 Control la \u00fanica empresa que dise\u00f1a y produce fajas y ropa de control con tecnolog\u00eda aplicada, en la ciudad Cartagena de Indias y adem\u00e1s es comercializador nacional e internacional, estuvo presente como empresa colombiana exportadora de prendas de control, liderando una estrategia de CONSORCIO EXPORTADOR con la Marca K\u00b4lamar de trajes de ba\u00f1o y ropa de playa, tambi\u00e9n de la ciudad de Cartagena y que hacen parte de la alianza OR\u00cdGENES del N\u00facleo Textil y Confecci\u00f3n de la C\u00e1mara de Comercio de Cartagena.<\/p>\n<p><img loading=\"lazy\" decoding=\"async\" class=\"aligncenter\" src=\"https:\/\/byviti.com\/wp-content\/uploads\/2022\/04\/VITI-Control-en-la-macrorrueda90-1024x1024.jpeg\" width=\"333\" height=\"332\" \/><\/p>\n<p style=\"text-align: left;\"><em>\u201cMe emociona abrir puertas a las personas que i<\/em><em>dentific\u00f3 <\/em><em>que tienen talento, disciplina, ganas de hacer las cosas bien y acompa\u00f1arlas en sus procesos\u201d. \u201cGanan ellos, ganamos nosotros y gana la ciudad, que paso a paso, se consolida y construye reputaci\u00f3n en el sector textil y confecci\u00f3n a nivel nacional\u201d<\/em><\/p>\n<p>Dice a CEO de VIT\u00cd\u2122 Control Uberlis Blanco<\/p>\n<p>Tambi\u00e9n puedes leer: <a href=\"https:\/\/byviti.com\/viti-control-pioneros-en-reescribir-la-nueva-calidad-de-las-fajas-colombianas\/\">VIT\u00cd\u00ae Control pioneros en reescribir La Nueva Calidad de las Fajas Colombianas.<\/a><\/p>\n<p><img loading=\"lazy\" decoding=\"async\" class=\"aligncenter\" src=\"https:\/\/byviti.com\/wp-content\/uploads\/2022\/04\/VITI-CONTROL-presentes-en-la-macrorrueda90-1024x1024.jpg\" width=\"302\" height=\"301\" \/><\/p>\n<p>VIT\u00cd\u2122Control lleg\u00f3 con toda su nueva oferta en prendas de control, en dos l\u00edneas:<\/p>\n<ul>\n<li>La faja Plus<\/li>\n<li>Fajatech<\/li>\n<\/ul>\n<p>Fajas en Powernet y Smart Textiles ambas fabricadas con fibra LYCRA\u00ae, con control fuerte y medio y un tacto especialmente suave que permite mejorar la experiencia de uso de producto.<\/p>\n<p>VIT\u00cd\u2122Control es la \u00fanica empresa que dise\u00f1a, fabrica y comercializa en Cartagena de indias y por casi 10 a\u00f1os, prendas de control de diferentes categor\u00edas: Fajas, ropa exterior, ropa interior, vestidos de ba\u00f1o, ropa deportiva.<\/p>\n<p><iframe loading=\"lazy\" title=\"YouTube video player\" src=\"https:\/\/www.youtube.com\/embed\/dRS46cZgFi4\" width=\"487\" height=\"274\" frameborder=\"0\" allowfullscreen=\"allowfullscreen\"><\/iframe><\/p>\n<p>VIT\u00cd\u00ae CONTROL siempre un paso adelante entregando la mejor experiencia y conocimiento disponible en el mundo de las prendas de control trae para ustedes, la m\u00e1s completa compilaci\u00f3n de informaci\u00f3n relacionada a las prendas de control y todos sus beneficios, adem\u00e1s de la posibilidad de aportar en su construcci\u00f3n, escr\u00edbenos y haz parte de esta comunidad, Fajas Casos de \u00c8xito.<\/p>\n<p>Fajas, salud, bienestar, moda, tendencias y tecnolog\u00eda todo esto y mucho m\u00e1s en <a href=\"http:\/\/byviti.com\/blog\">byviti.com\/blog<\/a><\/p>\n<p>UBERLIS BLANCO<\/p>\n<p>CEO<\/p>\n<p>Contenido tomado de <a href=\"https:\/\/byviti.com\/viti-control-la-faja-que-marco-la-diferencia-en-la-macrorrueda-90\/\">https:\/\/byviti.com\/viti-control-la-faja-que-marco-la-diferencia-en-la-macrorrueda-90\/<\/a><\/p>\n<blockquote><p><span data-contrast=\"none\">Te puede interesar<\/span><\/p><\/blockquote>\n<p><span data-contrast=\"none\"> <a href=\"https:\/\/juliancastiblanco.com\/web\/ingenieros-de-marketing-destacado-en-fabricas-de-productividad-por-su-labor-en-la-transformacion-digital-de-las-empresas-del-programa\/\">https:\/\/juliancastiblanco.com\/web\/ingenieros-de-marketing-destacado-en-fabricas-de-productividad-por-su-labor-en-la-transformacion-digital-de-las-empresas-del-programa\/<\/a><\/span><\/p>\n<p><span data-contrast=\"none\">_____________________________<\/span><\/p>\n<p><span data-contrast=\"none\">\u00a0Reproducido por Contenidos Digitales Ingenieros de Marketing<\/span><\/p>\n<p><a href=\"http:\/\/www.ingenierosdemarketing.com.co\/\"><span data-contrast=\"auto\">www.ingenierosdemarketing.com.co<\/span><\/a><\/p>\n<p><a href=\"http:\/\/www.juliancastiblanco.com\/\"><span data-contrast=\"auto\">www.JulianCastiblanco.com<\/span><\/a><\/p>\n<p><a href=\"http:\/\/www.deceroasapo.com\/\"><span data-contrast=\"auto\">www.deceroasapo.com<\/span><\/a><\/p>\n<p><a href=\"http:\/\/www.oceanosvioleta.com\/\"><span data-contrast=\"auto\">www.oceanosvioleta.com<\/span><\/a><\/p>\n<p><a href=\"http:\/\/www.gerenciadigital.com.co\/\"><span data-contrast=\"auto\">www.<\/span><span data-contrast=\"auto\">GerenciaDigital.com.co<\/span><\/a><\/p>\n<p><a href=\"http:\/\/www.socry.co\/\"><span data-contrast=\"auto\">www.Socry.co<\/span><\/a><\/p>\n","protected":false},"excerpt":{"rendered":"<p>VIT\u00cd\u2122 Control LAS FAJAS DIFERENTES. Con frases como: \u201cQue buen producto tienen\u201d \u201cSon diferentes\u201d \u201cEsto es lo que andaba buscando\u201d \u201cSe nota la pasi\u00f3n que tienes por tu empresa\u201d la [&hellip;]<\/p>\n","protected":false},"author":4,"featured_media":10667,"comment_status":"closed","ping_status":"closed","sticky":false,"template":"","format":"standard","meta":{"footnotes":""},"categories":[9],"tags":[],"class_list":["post-10664","post","type-post","status-publish","format-standard","has-post-thumbnail","hentry","category-tecnologia"],"_links":{"self":[{"href":"https:\/\/juliancastiblanco.com\/web\/wp-json\/wp\/v2\/posts\/10664","targetHints":{"allow":["GET"]}}],"collection":[{"href":"https:\/\/juliancastiblanco.com\/web\/wp-json\/wp\/v2\/posts"}],"about":[{"href":"https:\/\/juliancastiblanco.com\/web\/wp-json\/wp\/v2\/types\/post"}],"author":[{"embeddable":true,"href":"https:\/\/juliancastiblanco.com\/web\/wp-json\/wp\/v2\/users\/4"}],"replies":[{"embeddable":true,"href":"https:\/\/juliancastiblanco.com\/web\/wp-json\/wp\/v2\/comments?post=10664"}],"version-history":[{"count":23,"href":"https:\/\/juliancastiblanco.com\/web\/wp-json\/wp\/v2\/posts\/10664\/revisions"}],"predecessor-version":[{"id":10701,"href":"https:\/\/juliancastiblanco.com\/web\/wp-json\/wp\/v2\/posts\/10664\/revisions\/10701"}],"wp:featuredmedia":[{"embeddable":true,"href":"https:\/\/juliancastiblanco.com\/web\/wp-json\/wp\/v2\/media\/10667"}],"wp:attachment":[{"href":"https:\/\/juliancastiblanco.com\/web\/wp-json\/wp\/v2\/media?parent=10664"}],"wp:term":[{"taxonomy":"category","embeddable":true,"href":"https:\/\/juliancastiblanco.com\/web\/wp-json\/wp\/v2\/categories?post=10664"},{"taxonomy":"post_tag","embeddable":true,"href":"https:\/\/juliancastiblanco.com\/web\/wp-json\/wp\/v2\/tags?post=10664"}],"curies":[{"name":"wp","href":"https:\/\/api.w.org\/{rel}","templated":true}]}}