{"id":11369,"date":"2022-06-21T23:15:31","date_gmt":"2022-06-21T23:15:31","guid":{"rendered":"https:\/\/juliancastiblanco.com\/web\/?p=11369"},"modified":"2022-06-22T00:40:47","modified_gmt":"2022-06-22T00:40:47","slug":"10-practicas-que-fortalecen-las-pymes-en-tiempos-complejos","status":"publish","type":"post","link":"https:\/\/juliancastiblanco.com\/web\/10-practicas-que-fortalecen-las-pymes-en-tiempos-complejos\/","title":{"rendered":"10 pr\u00e1cticas que fortalecen las Pymes en tiempos complejos"},"content":{"rendered":"<p><span data-contrast=\"none\">Estamos en tiempos de incertidumbre, a partir de los eventos ocurridos en el mundo. Seg\u00fan datos de la Cepal, \u201cla pandemia impact\u00f3 negativamente en la ocupaci\u00f3n y en las condiciones laborales de las mujeres en Am\u00e9rica Latina y el Caribe, generando un retroceso de m\u00e1s de una d\u00e9cada en los avances logrados en materia de participaci\u00f3n laboral\u201d.<\/span><span data-ccp-props=\"{&quot;201341983&quot;:0,&quot;335559739&quot;:160,&quot;335559740&quot;:259}\">\u00a0<\/span><\/p>\n<p><span data-contrast=\"none\">Esto representa un gran desaf\u00edo para las Pymes latinoamericanas, ya que se deben generar nuevas estrategias de liderazgo que permitan a los trabajadores realizar su trabajo de forma efectiva y eficaz, lo que va de la mano con el bienestar integral de todo el equipo de trabajo. Aqu\u00ed queremos brindarte 10 recomendaciones para potenciar tu empresa y liderar exitosamente en estos tiempos:<\/span><span data-ccp-props=\"{&quot;201341983&quot;:0,&quot;335559739&quot;:160,&quot;335559740&quot;:259}\">\u00a0<\/span><\/p>\n<ol>\n<li><b><span data-contrast=\"none\"> Desarrollar un liderazgo horizontal\u00a0<\/span><\/b><\/li>\n<\/ol>\n<p><span data-contrast=\"none\">Es una forma de organizar el trabajo en equipo seg\u00fan la cual todos sus componentes conforman una red de personas, es caracter\u00edstico de este tipo de estructuras que se capacite a los colaboradores y colaboradoras para hacerse cargo, participar en la tomar decisiones y sentirse responsables del \u00e9xito de la compa\u00f1\u00eda<\/span><span data-ccp-props=\"{&quot;201341983&quot;:0,&quot;335559739&quot;:160,&quot;335559740&quot;:259}\">\u00a0<\/span><\/p>\n<ol start=\"2\">\n<li><b><span data-contrast=\"none\"> Participaci\u00f3n<\/span><\/b><\/li>\n<\/ol>\n<p><span data-contrast=\"none\">Siguiendo el punto anterior, es importante que los trabajadores y las trabajadoras se sientan parte de la toma de decisiones dentro de la empresa. Los elementos de confianza y di\u00e1logo son super valiosos para la creaci\u00f3n de una buena relaci\u00f3n entre pares y jefes.<\/span><span data-ccp-props=\"{&quot;201341983&quot;:0,&quot;335559739&quot;:160,&quot;335559740&quot;:259}\">\u00a0<\/span><\/p>\n<ol start=\"3\">\n<li><b><span data-contrast=\"none\"> Balance vida personal y laboral\u00a0<\/span><\/b><\/li>\n<\/ol>\n<p><span data-contrast=\"none\">Instaurar medidas de conciliaci\u00f3n que permitan el balance de la vida personal y laboral, as\u00ed como el flexibilizar los horarios, otorgar permisos para atender necesidades personales o familiares y sobretodo tener en cuenta la situaci\u00f3n sociofamiliar de cada trabajador es algo fundamental para mejorar la satisfacci\u00f3n del personal y el desempe\u00f1o laboral.<\/span><span data-ccp-props=\"{&quot;201341983&quot;:0,&quot;335559739&quot;:160,&quot;335559740&quot;:259}\">\u00a0<\/span><\/p>\n<ol start=\"4\">\n<li><b><span data-contrast=\"none\"> Fomentar el sentido del trabajo<\/span><\/b><\/li>\n<\/ol>\n<p><span data-contrast=\"none\">Es enriquecedor para una empresa que los trabajadores\u00a0 y trabajadoras sientan que su trabajo y esfuerzo contribuye a generar valor en la empresa. Este prop\u00f3sito se puede conseguir a trav\u00e9s de:<\/span><span data-ccp-props=\"{&quot;201341983&quot;:0,&quot;335559739&quot;:160,&quot;335559740&quot;:259}\">\u00a0<\/span><\/p>\n<p><span data-contrast=\"none\">Tener una estructura s\u00f3lida de valores, los cuales se comunican y ponen en pr\u00e1ctica dentro de la empresa<\/span><span data-ccp-props=\"{&quot;201341983&quot;:0,&quot;335559739&quot;:160,&quot;335559740&quot;:259}\">\u00a0<\/span><\/p>\n<p><span data-contrast=\"none\">Centrar los esfuerzos de la empresa en trabajar para los clientes y sus colaboradores.<\/span><span data-ccp-props=\"{&quot;201341983&quot;:0,&quot;335559739&quot;:160,&quot;335559740&quot;:259}\">\u00a0<\/span><\/p>\n<ol start=\"5\">\n<li><b><span data-contrast=\"none\"> Resaltar la importancia de un descanso adecuado<\/span><\/b><\/li>\n<\/ol>\n<p><span data-contrast=\"none\">Si bien, no todas las personas necesitan dormir lo mismo para poder ofrecer un buen rendimiento, los expertos han concluido que es el descanso diario ideal est\u00e1 entre\u00a0 6 a 8 horas de sue\u00f1o. El descanso es fundamental para el buen rendimiento laboral y para mantener la salud a largo plazo de todas las personas.\u00a0 El descanso se asocia con el aumento de la concentraci\u00f3n, la efectividad y el buen humor.\u00a0<\/span><span data-ccp-props=\"{&quot;201341983&quot;:0,&quot;335559739&quot;:160,&quot;335559740&quot;:259}\">\u00a0<\/span><\/p>\n<p>Te puede interesar<\/p>\n<blockquote class=\"wp-embedded-content\" data-secret=\"C9v7aKkHcb\"><p><a href=\"https:\/\/juliancastiblanco.com\/web\/fabricas-de-productividad-impulso-el-desarrollo-de-mas-empresas\/\">F\u00e1bricas de Productividad impuls\u00f3 el desarrollo de m\u00e1s empresas<\/a><\/p><\/blockquote>\n<p><iframe loading=\"lazy\" class=\"wp-embedded-content\" sandbox=\"allow-scripts\" security=\"restricted\" style=\"position: absolute; clip: rect(1px, 1px, 1px, 1px);\" title=\"\u00abF\u00e1bricas de Productividad impuls\u00f3 el desarrollo de m\u00e1s empresas\u00bb \u2014 JulianCastiblanco.com\" src=\"https:\/\/juliancastiblanco.com\/web\/fabricas-de-productividad-impulso-el-desarrollo-de-mas-empresas\/embed\/#?secret=o1eXZvBDUL#?secret=C9v7aKkHcb\" data-secret=\"C9v7aKkHcb\" width=\"600\" height=\"338\" frameborder=\"0\" marginwidth=\"0\" marginheight=\"0\" scrolling=\"no\"><\/iframe><\/p>\n<ol start=\"6\">\n<li><b><span data-contrast=\"none\"> Diversidad<\/span><\/b><\/li>\n<\/ol>\n<p><span data-contrast=\"none\">El talento diverso promueve la innovaci\u00f3n en las organizaciones, pero adem\u00e1s permite que se puedan general productos y servicios mejor adaptados a segmentos de clientes diversos, promueve la resiliencia y la soluci\u00f3n creativa de problemas. Tener equipos de diversas carreras, edades, experiencias, g\u00e9neros y capacidades, \u00a1trae muchos beneficios para las empresas y el personal!<\/span><span data-ccp-props=\"{&quot;201341983&quot;:0,&quot;335559739&quot;:160,&quot;335559740&quot;:259}\">\u00a0<\/span><\/p>\n<ol start=\"7\">\n<li><b><span data-contrast=\"none\"> Corresponsabilidad parental<\/span><\/b><\/li>\n<\/ol>\n<p><span data-contrast=\"none\">Hoy sabemos que para alcanzar la equidad laboral entre hombres y mujeres, es necesario que hablemos de corresponsabilidad parental, que las labores dom\u00e9sticas est\u00e9n mayoritariamente en cabeza de las mujeres, les impide dedicar el mismo tiempo y energ\u00eda al avance de sus carreras. Los hombres y las empresas pueden contribuir a la equidad de g\u00e9nero. Algunas nuevas\u00a0 leyes han otorgado y garantizado condiciones que le permiten a los hombres\u00a0 asumir su responsabilidad en las labores de cuidado del hogar y de terceros. Tambi\u00e9n, algunas empresas por iniciativa propia reconocen la importancia de una mayor flexibilidad horaria, la posibilidad de teletrabajar, permisos equitativos para hombres y mujeres cuidadoras.\u00a0\u00a0<\/span><span data-ccp-props=\"{&quot;201341983&quot;:0,&quot;335559739&quot;:160,&quot;335559740&quot;:259}\">\u00a0<\/span><\/p>\n<ol start=\"8\">\n<li><b><span data-contrast=\"none\"> Pol\u00edticas de bienestar<\/span><\/b><\/li>\n<\/ol>\n<p><span data-contrast=\"none\">Muchas empresas ofrecen beneficios m\u00e1s all\u00e1 del \u00e1mbito laboral para favorecer el bienestar en la vida personal de cada persona. Algunos ejemplos son los centros de deportes, cursos para el desarrollo personal o espiritual, asesoramiento psicol\u00f3gico o incluso actividades recreativas como fiestas de navidad o fin de a\u00f1o para disfrutar con la familia. Celebramos esas organizaciones que reconocen a sus trabajadores y trabajadoras como seres multidimensionales que merecen salario emocional y bienestar, adem\u00e1s de una remuneraci\u00f3n justa.\u00a0\u00a0<\/span><span data-ccp-props=\"{&quot;201341983&quot;:0,&quot;335559739&quot;:160,&quot;335559740&quot;:259}\">\u00a0<\/span><\/p>\n<ol start=\"9\">\n<li><b><span data-contrast=\"none\"> Transparencia dentro de la empresa<\/span><\/b><\/li>\n<\/ol>\n<p><span data-contrast=\"none\">Es necesario que exista un di\u00e1logo constructivo dentro de las empresas, basados en premisas reales y efectivas. Para esto, se recomienda una entrega de confianza por parte de los empleadores y empleadoras para transparentar los datos de la empresa y generar reuniones con el prop\u00f3sito de exponer cu\u00e1l es la realidad actual de la empresa y todos los desaf\u00edos que est\u00e1n presentes, incluyendo los objetivos estrat\u00e9gicos.<\/span><span data-ccp-props=\"{&quot;201341983&quot;:0,&quot;335559739&quot;:160,&quot;335559740&quot;:259}\">\u00a0<\/span><\/p>\n<ol start=\"10\">\n<li><b><span data-contrast=\"none\"> Pagar un sueldo justo y equitativo<\/span><\/b><\/li>\n<\/ol>\n<p><span data-contrast=\"none\">Crear un sistema de retribuci\u00f3n y remuneraciones complementarias a los sueldos base, la creaci\u00f3n de un plan de proyecci\u00f3n laboral a corto o mediano plazo, con los pisos que se pueden llegar a alcanzar al cumplir los objetivos es fundamental para fomentar un ambiente de transparencia y una sana competitividad.<\/span><span data-ccp-props=\"{&quot;201341983&quot;:0,&quot;335559739&quot;:160,&quot;335559740&quot;:259}\">\u00a0<\/span><\/p>\n<p><b><span data-contrast=\"none\">\u00bfQu\u00e9 puede obtener mi Pyme con todo esto?<\/span><\/b><span data-ccp-props=\"{&quot;201341983&quot;:0,&quot;335559739&quot;:160,&quot;335559740&quot;:259}\">\u00a0<\/span><\/p>\n<p><span data-contrast=\"none\">Los trabajadores y trabajadoras m\u00e1s felices, son tambi\u00e9n m\u00e1s productivos, por lo que la empresa obtiene un incremento en la motivaci\u00f3n del equipo, mejora el clima organizacional y retenci\u00f3n de talentos, con personal m\u00e1s sano, productivo y enfocado. Hay buenas pr\u00e1cticas que las Pymes pueden implementar sin necesidad de invertir muchos recursos, crear ambientes laborales inclusivos, equitativos y diversos desde el nacimiento de la empresa, \u00a1te ayudar\u00e1 a atraer el mejor talento!<\/span><span data-ccp-props=\"{&quot;201341983&quot;:0,&quot;335559739&quot;:160,&quot;335559740&quot;:259}\">\u00a0<\/span><\/p>\n<p>Fuente: <a href=\"https:\/\/connectamericas.com\/es\/10-practicas-fortalecer-pymes-post-covid\">https:\/\/connectamericas.com\/es\/10-practicas-fortalecer-pymes-post-covid<\/a><\/p>\n<p><span data-ccp-props=\"{&quot;201341983&quot;:0,&quot;335559739&quot;:160,&quot;335559740&quot;:259}\">\u00a0<\/span><span data-contrast=\"auto\">Reproducido por Contenidos Digitales Ingenieros de Marketing\u00a0<\/span><span data-ccp-props=\"{&quot;201341983&quot;:0,&quot;335559739&quot;:160,&quot;335559740&quot;:259}\">\u00a0<\/span><\/p>\n<p><a href=\"https:\/\/imk.global\/\"><span data-contrast=\"none\">www.imkglobal.com<\/span><\/a><span data-contrast=\"auto\">\u00a0<\/span><span data-ccp-props=\"{&quot;201341983&quot;:0,&quot;335559739&quot;:160,&quot;335559740&quot;:259}\">\u00a0<\/span><\/p>\n<p><a href=\"http:\/\/www.ingenierosdemarketing.com.co\/\"><span data-contrast=\"none\">www.ingenierosdemarketing.com.co<\/span><\/a><span data-contrast=\"auto\">\u00a0<\/span><span data-ccp-props=\"{&quot;201341983&quot;:0,&quot;335559739&quot;:160,&quot;335559740&quot;:259}\">\u00a0<\/span><\/p>\n<p><a href=\"http:\/\/www.juliancastiblanco.com\/\"><span data-contrast=\"none\">www.JulianCastiblanco.com<\/span><\/a><span data-contrast=\"auto\">\u00a0<\/span><span data-ccp-props=\"{&quot;201341983&quot;:0,&quot;335559739&quot;:160,&quot;335559740&quot;:259}\">\u00a0<\/span><\/p>\n<p><a href=\"http:\/\/www.deceroasapo.com\/\"><span data-contrast=\"none\">www.deceroasapo.com<\/span><\/a><span data-contrast=\"auto\">\u00a0<\/span><span data-ccp-props=\"{&quot;201341983&quot;:0,&quot;335559739&quot;:160,&quot;335559740&quot;:259}\">\u00a0<\/span><\/p>\n<p><a href=\"http:\/\/www.oceanosvioleta.com\/\"><span data-contrast=\"none\">www.oceanosvioleta.com<\/span><\/a><span data-contrast=\"auto\">\u00a0<\/span><span data-ccp-props=\"{&quot;201341983&quot;:0,&quot;335559739&quot;:160,&quot;335559740&quot;:259}\">\u00a0<\/span><\/p>\n<p><a href=\"http:\/\/www.aprendizajeconresultados.com\/\"><span data-contrast=\"none\">www.aprendizajeconresultados.com<\/span><\/a><span data-contrast=\"auto\">\u00a0<\/span><span data-ccp-props=\"{&quot;201341983&quot;:0,&quot;335559739&quot;:160,&quot;335559740&quot;:259}\">\u00a0<\/span><\/p>\n<p><a href=\"http:\/\/www.gerenciadigital.com.co\/\"><span data-contrast=\"none\">www.GerenciaDigital.com.co<\/span><\/a><span data-contrast=\"auto\">\u00a0<\/span><span data-ccp-props=\"{&quot;201341983&quot;:0,&quot;335559739&quot;:160,&quot;335559740&quot;:259}\">\u00a0<\/span><\/p>\n<p><a href=\"http:\/\/www.socry.co\/\"><span data-contrast=\"none\">www.Socry.co<\/span><\/a><span data-contrast=\"auto\">\u00a0<\/span><span data-ccp-props=\"{&quot;201341983&quot;:0,&quot;335559739&quot;:160,&quot;335559740&quot;:259}\">\u00a0<\/span><\/p>\n<p><span data-ccp-props=\"{&quot;201341983&quot;:0,&quot;335559739&quot;:160,&quot;335559740&quot;:259}\">\u00a0<\/span><\/p>\n<p><span data-contrast=\"auto\">QUIERES POSICIONAR TU MARCA EN INTERNET? SOLICITA INFORMACI\u00d3N DE CONTENT ADS de IMK GLOBAL\u00a0<\/span><span data-ccp-props=\"{&quot;201341983&quot;:0,&quot;335559739&quot;:160,&quot;335559740&quot;:259}\">\u00a0<\/span><\/p>\n<ul>\n<li data-leveltext=\"\uf0b7\" data-font=\"Symbol\" data-listid=\"16\" data-list-defn-props=\"{&quot;335552541&quot;:1,&quot;335559684&quot;:-2,&quot;335559685&quot;:720,&quot;335559991&quot;:360,&quot;469769226&quot;:&quot;Symbol&quot;,&quot;469769242&quot;:[8226],&quot;469777803&quot;:&quot;left&quot;,&quot;469777804&quot;:&quot;\uf0b7&quot;,&quot;469777815&quot;:&quot;hybridMultilevel&quot;}\" aria-setsize=\"-1\" data-aria-posinset=\"1\" data-aria-level=\"1\"><span data-contrast=\"auto\">Red de portales de noticias y blogs de nicho para posicionar y aumentar la reputaci\u00f3n de tu marca.\u00a0<\/span><span data-ccp-props=\"{&quot;201341983&quot;:0,&quot;335559739&quot;:160,&quot;335559740&quot;:259}\">\u00a0<\/span><\/li>\n<li data-leveltext=\"\uf0b7\" data-font=\"Symbol\" data-listid=\"16\" data-list-defn-props=\"{&quot;335552541&quot;:1,&quot;335559684&quot;:-2,&quot;335559685&quot;:720,&quot;335559991&quot;:360,&quot;469769226&quot;:&quot;Symbol&quot;,&quot;469769242&quot;:[8226],&quot;469777803&quot;:&quot;left&quot;,&quot;469777804&quot;:&quot;\uf0b7&quot;,&quot;469777815&quot;:&quot;hybridMultilevel&quot;}\" aria-setsize=\"-1\" data-aria-posinset=\"2\" data-aria-level=\"1\"><span data-contrast=\"auto\">Apalancamiento Digital consiste mencionarte desde portales de alto tr\u00e1fico, posicionamiento y reputaci\u00f3n.\u00a0<\/span><span data-ccp-props=\"{&quot;201341983&quot;:0,&quot;335559739&quot;:160,&quot;335559740&quot;:259}\">\u00a0<\/span><\/li>\n<li data-leveltext=\"\uf0b7\" data-font=\"Symbol\" data-listid=\"16\" data-list-defn-props=\"{&quot;335552541&quot;:1,&quot;335559684&quot;:-2,&quot;335559685&quot;:720,&quot;335559991&quot;:360,&quot;469769226&quot;:&quot;Symbol&quot;,&quot;469769242&quot;:[8226],&quot;469777803&quot;:&quot;left&quot;,&quot;469777804&quot;:&quot;\uf0b7&quot;,&quot;469777815&quot;:&quot;hybridMultilevel&quot;}\" aria-setsize=\"-1\" data-aria-posinset=\"3\" data-aria-level=\"1\"><span data-contrast=\"auto\">Por ejemplo busca: el mejor profe de marketing digital\u00a0<\/span><span data-ccp-props=\"{&quot;201341983&quot;:0,&quot;335559739&quot;:160,&quot;335559740&quot;:259}\">\u00a0<\/span><\/li>\n<\/ul>\n<ul>\n<li data-leveltext=\"\uf0b7\" data-font=\"Symbol\" data-listid=\"16\" data-list-defn-props=\"{&quot;335552541&quot;:1,&quot;335559684&quot;:-2,&quot;335559685&quot;:720,&quot;335559991&quot;:360,&quot;469769226&quot;:&quot;Symbol&quot;,&quot;469769242&quot;:[8226],&quot;469777803&quot;:&quot;left&quot;,&quot;469777804&quot;:&quot;\uf0b7&quot;,&quot;469777815&quot;:&quot;hybridMultilevel&quot;}\" aria-setsize=\"-1\" data-aria-posinset=\"1\" data-aria-level=\"1\"><span data-contrast=\"auto\">Formatos: menciones, art\u00edculos, banners, entrevistas\u00a0<\/span><span data-ccp-props=\"{&quot;201341983&quot;:0,&quot;335559739&quot;:160,&quot;335559740&quot;:259}\">\u00a0<\/span><\/li>\n<\/ul>\n<p><a href=\"https:\/\/wa.link\/fwrf7b\"><span data-contrast=\"none\">https:\/\/wa.link\/fwrf7b\u00a0<\/span><\/a><span data-ccp-props=\"{&quot;201341983&quot;:0,&quot;335559739&quot;:160,&quot;335559740&quot;:259}\">\u00a0<\/span><\/p>\n","protected":false},"excerpt":{"rendered":"<p>Estamos en tiempos de incertidumbre, a partir de los eventos ocurridos en el mundo. Seg\u00fan datos de la Cepal, \u201cla pandemia impact\u00f3 negativamente en la ocupaci\u00f3n y en las condiciones [&hellip;]<\/p>\n","protected":false},"author":4,"featured_media":11370,"comment_status":"closed","ping_status":"closed","sticky":false,"template":"","format":"standard","meta":{"footnotes":""},"categories":[9],"tags":[],"class_list":["post-11369","post","type-post","status-publish","format-standard","has-post-thumbnail","hentry","category-tecnologia"],"_links":{"self":[{"href":"https:\/\/juliancastiblanco.com\/web\/wp-json\/wp\/v2\/posts\/11369","targetHints":{"allow":["GET"]}}],"collection":[{"href":"https:\/\/juliancastiblanco.com\/web\/wp-json\/wp\/v2\/posts"}],"about":[{"href":"https:\/\/juliancastiblanco.com\/web\/wp-json\/wp\/v2\/types\/post"}],"author":[{"embeddable":true,"href":"https:\/\/juliancastiblanco.com\/web\/wp-json\/wp\/v2\/users\/4"}],"replies":[{"embeddable":true,"href":"https:\/\/juliancastiblanco.com\/web\/wp-json\/wp\/v2\/comments?post=11369"}],"version-history":[{"count":3,"href":"https:\/\/juliancastiblanco.com\/web\/wp-json\/wp\/v2\/posts\/11369\/revisions"}],"predecessor-version":[{"id":11373,"href":"https:\/\/juliancastiblanco.com\/web\/wp-json\/wp\/v2\/posts\/11369\/revisions\/11373"}],"wp:featuredmedia":[{"embeddable":true,"href":"https:\/\/juliancastiblanco.com\/web\/wp-json\/wp\/v2\/media\/11370"}],"wp:attachment":[{"href":"https:\/\/juliancastiblanco.com\/web\/wp-json\/wp\/v2\/media?parent=11369"}],"wp:term":[{"taxonomy":"category","embeddable":true,"href":"https:\/\/juliancastiblanco.com\/web\/wp-json\/wp\/v2\/categories?post=11369"},{"taxonomy":"post_tag","embeddable":true,"href":"https:\/\/juliancastiblanco.com\/web\/wp-json\/wp\/v2\/tags?post=11369"}],"curies":[{"name":"wp","href":"https:\/\/api.w.org\/{rel}","templated":true}]}}