{"id":12760,"date":"2023-01-31T18:25:17","date_gmt":"2023-01-31T18:25:17","guid":{"rendered":"https:\/\/juliancastiblanco.com\/web\/?p=12760"},"modified":"2023-01-31T18:25:17","modified_gmt":"2023-01-31T18:25:17","slug":"empresa-colombiana-de-fajas-conquista-el-mercado-internacional","status":"publish","type":"post","link":"https:\/\/juliancastiblanco.com\/web\/empresa-colombiana-de-fajas-conquista-el-mercado-internacional\/","title":{"rendered":"Empresa colombiana de fajas conquista el mercado internacional"},"content":{"rendered":"<p><b><span data-contrast=\"none\">Fajas VIT\u00cd\u2122\ufe0f Control exporta sus productos a m\u00e1s de 10 pa\u00edses y planea abrir este a\u00f1o su tienda f\u00edsica en Estados Unidos.<\/span><\/b><span data-ccp-props=\"{&quot;201341983&quot;:0,&quot;335551550&quot;:1,&quot;335551620&quot;:1,&quot;335559739&quot;:160,&quot;335559740&quot;:259}\">\u00a0<\/span><\/p>\n<p><span data-contrast=\"none\">Ubicada en Cartagena, desde donde dise\u00f1a, produce y comercializa fajas desde el 2014, la empresa Fajas VIT\u00cd\u2122\ufe0f Control logr\u00f3 conquistar el mercado internacional enfoc\u00e1ndose principalmente en la salud, bienestar y necesidades de las personas.\u00a0<\/span><span data-ccp-props=\"{&quot;201341983&quot;:0,&quot;335551550&quot;:1,&quot;335551620&quot;:1,&quot;335559739&quot;:160,&quot;335559740&quot;:259}\">\u00a0<\/span><\/p>\n<p><span data-contrast=\"none\"><em>La compa\u00f1\u00eda, que participar\u00e1 en la <a href=\"https:\/\/juliancastiblanco.com\/web\/?s=fajas\">Macrorrueda de Negocios<\/a> de las Regiones del Ministerio de Comercio, Industria y Turismo y ProColombia el 22 y 23 de marzo en Barranquilla<\/em>, vienen registrando un importante crecimiento en sus exportaciones. En 2021 aumentaron 650% con respecto al 2020 a ra\u00edz de la pandemia, debido a que las personas comenzaron a estar m\u00e1s tiempo en sus casas y a tener la necesidad de estar c\u00f3modos o mejorar su bienestar y problemas de postura; y en 2022 tuvieron un mayor reconocimiento, ya que crearon medios digitales, lo que les permiti\u00f3 tener m\u00e1s interacci\u00f3n con clientes, abrir sus canales e-commerce y tener presencia en plataformas como Mercado Libre y Linio, aumentando sus ventas en el exterior 150%.\u00a0\u00a0<\/span><span data-ccp-props=\"{&quot;201341983&quot;:0,&quot;335551550&quot;:1,&quot;335551620&quot;:1,&quot;335559739&quot;:160,&quot;335559740&quot;:259}\">\u00a0<\/span><\/p>\n<blockquote><p><span data-contrast=\"none\">\u201cSoy odont\u00f3loga de profesi\u00f3n, me gusta mucho todo lo relacionado con el servicio, bienestar y est\u00e9tica. Uso faja desde que tengo 25 a\u00f1os y me di cuenta de que la gente usa el producto con fines relacionados a la est\u00e9tica, la comodidad y temas de salud. Fue as\u00ed como cre\u00e9 mi primera tienda que se llamaba \u201cEsencia de mujer\u201d que es la precursora de\u00a0<\/span><i><span data-contrast=\"none\">VIT\u00cd\u2122\ufe0f Control<\/span><\/i><span data-contrast=\"none\">\u201d, afirm\u00f3 Uberlis Blanco, gerente general y CEO de Summa Gestiones, propietaria de\u00a0<\/span><i><span data-contrast=\"none\">VIT\u00cd\u2122\ufe0f Control\u00a0<\/span><\/i><span data-ccp-props=\"{&quot;201341983&quot;:0,&quot;335551550&quot;:1,&quot;335551620&quot;:1,&quot;335559739&quot;:160,&quot;335559740&quot;:259}\">\u00a0<\/span><\/p><\/blockquote>\n<p><span data-contrast=\"none\">Actualmente, cuenta con dos l\u00edneas, la primera llamada <a href=\"https:\/\/juliancastiblanco.com\/web\/?s=fajas\">\u201cLa faja\u201d<\/a> que son m\u00e1s tradicionales, con un material licrado y la segunda \u201cFajatech\u201d que son en textil inteligente y con fibras microtexturizadas, lo que hace que sea m\u00e1s suave y contiene un alto porcentaje de spandex que favorece la puesta del producto.\u00a0\u00a0<\/span><span data-ccp-props=\"{&quot;201341983&quot;:0,&quot;335551550&quot;:1,&quot;335551620&quot;:1,&quot;335559739&quot;:160,&quot;335559740&quot;:259}\">\u00a0<\/span><\/p>\n<p><span data-contrast=\"none\">As\u00ed mismo, ha exportado sus productos a diferentes pa\u00edses como Chile, Per\u00fa, Ecuador, Bolivia, Rep\u00fablica Dominicana, M\u00e9xico, Costa Rica, Estados Unidos, Alemania, Holanda, Espa\u00f1a, Francia, Australia, con acercamientos de negocios en Emiratos \u00c1rabes e Italia. Sus prendas m\u00e1s solicitadas son de la l\u00ednea Fajatech, y en los \u00faltimos a\u00f1os han logrado exportar anualmente alrededor de 10.000 unidades a Estados Unidos.\u00a0<\/span><span data-ccp-props=\"{&quot;201341983&quot;:0,&quot;335551550&quot;:1,&quot;335551620&quot;:1,&quot;335559739&quot;:160,&quot;335559740&quot;:259}\">\u00a0<\/span><\/p>\n<p><span data-contrast=\"none\">\u201cHe aprovechado al m\u00e1ximo todas las oportunidades que nos ha dado el Ministerio de Comercio, Industria y Turismo y ProColombia. La primera participaci\u00f3n que tuvimos fue en Turqu\u00eda, despu\u00e9s en el programa de mujeres empresarias de la Alianza del Pacifico, ruedas virtuales en pandemia, en la Macrorrueda de Negocios de Dub\u00e1i, la misi\u00f3n comercial de Atlanta en 2022 y en noviembre pasado, en la Macrorrueda de Negocios de Houston. Tenemos una participaci\u00f3n muy activa con todos los programas de ProColombia y aprovechamos todo lo que desde el Ministerio de Comercio, Industria y Turismo pueda permitir que avancemos en nuestro plan de internacionalizaci\u00f3n\u201d, concluy\u00f3 Blanco.\u00a0\u00a0\u00a0\u00a0\u00a0\u00a0<\/span><span data-ccp-props=\"{&quot;201341983&quot;:0,&quot;335551550&quot;:1,&quot;335551620&quot;:1,&quot;335559739&quot;:160,&quot;335559740&quot;:259}\">\u00a0<\/span><\/p>\n<p><span data-contrast=\"none\">Una de las principales metas para 2023 es abrir su primer centro de experiencias y negocios en California, Estados Unidos. Va a ser una tienda f\u00edsica de 450 metros en donde la mayor parte tendr\u00e1 las fajas de la marca VIT\u00cd, junto con productos de emprendimientos colombianos que puedan hacer conjunto con las fajas, como vestidos, camisas, pantalones o vestidos de ba\u00f1o. Por otra parte, tendr\u00e1 un espacio de negocios para las personas que quieran distribuir los productos en otros estados.\u00a0<\/span><span data-ccp-props=\"{&quot;201341983&quot;:0,&quot;335551550&quot;:1,&quot;335551620&quot;:1,&quot;335559739&quot;:160,&quot;335559740&quot;:259}\">\u00a0<\/span><\/p>\n<p><span data-contrast=\"none\">\u201cEn Cartagena, en el Centro Hist\u00f3rico, hay mucho extranjero que viene a comprar productos en la tienda f\u00edsica, el 80% de clientes en el centro de negocios y experiencias, son extranjeros, y de ese 80%, el 60% son de Estados Unidos\u201d, asegur\u00f3 Blanco.\u00a0<\/span><span data-ccp-props=\"{&quot;201341983&quot;:0,&quot;335551550&quot;:1,&quot;335551620&quot;:1,&quot;335559739&quot;:160,&quot;335559740&quot;:259}\">\u00a0<\/span><\/p>\n<p><span data-contrast=\"none\">Adicionalmente, en\u00a0<\/span><i><span data-contrast=\"none\">VIT\u00cd\u2122\ufe0f Control<\/span><\/i><span data-contrast=\"none\">, el 95% del personal son mujeres cabeza de hogar, con talento en ventas, marketing digital o en confecci\u00f3n y es por este motivo que la empresa ofrece capacitaciones con un periodo de formaci\u00f3n para que todas puedan desarrollar y explotar m\u00e1s sus habilidades.<\/span><span data-ccp-props=\"{&quot;201341983&quot;:0,&quot;335551550&quot;:1,&quot;335551620&quot;:1,&quot;335559739&quot;:160,&quot;335559740&quot;:259}\">\u00a0<\/span><\/p>\n<p><span data-contrast=\"none\">Las ventas externas de ropa de control y fajas llegaron a US$85,3 millones, entre enero y noviembre de 2022, seg\u00fan cifras del Dane. Los principales destinos compradores fueron Estados Unidos, M\u00e9xico, Ecuador, Per\u00fa, Chile y Rep\u00fablica Dominicana; en tanto que Antioquia, Valle del Cauca, Bogot\u00e1, Caldas, Risaralda y Cundinamarca fueron los departamentos m\u00e1s exportadores.<\/span><span data-ccp-props=\"{&quot;201341983&quot;:0,&quot;335551550&quot;:1,&quot;335551620&quot;:1,&quot;335559739&quot;:160,&quot;335559740&quot;:259}\">\u00a0<\/span><\/p>\n<p>Fuente: <a href=\"https:\/\/prensa.procolombia.co\/empresa-colombiana-de-fajas-conquista-el-mercado-internacional\">https:\/\/prensa.procolombia.co\/empresa-colombiana-de-fajas-conquista-el-mercado-internacional<\/a><\/p>\n<p>&nbsp;<\/p>\n<p><span data-contrast=\"none\">Compartido por Contenidos Digitales Ingenieros de Marketing\u00a0\u00a0<\/span><span data-ccp-props=\"{&quot;201341983&quot;:1,&quot;335551550&quot;:1,&quot;335551620&quot;:1,&quot;335559739&quot;:160,&quot;335559740&quot;:315}\">\u00a0<\/span><\/p>\n<p><a href=\"https:\/\/imk.global\/\"><span data-contrast=\"none\">www.imk.global<\/span><\/a><span data-contrast=\"none\">\u00a0<\/span><span data-ccp-props=\"{&quot;201341983&quot;:1,&quot;335551550&quot;:1,&quot;335551620&quot;:1,&quot;335559739&quot;:160,&quot;335559740&quot;:315}\">\u00a0<\/span><\/p>\n<p><a href=\"http:\/\/www.ingenierosdemarketing.com.co\/\"><span data-contrast=\"none\">www.ingenierosdemarketing.com.co<\/span><\/a><span data-contrast=\"none\">\u00a0\u00a0<\/span><span data-ccp-props=\"{&quot;201341983&quot;:1,&quot;335551550&quot;:1,&quot;335551620&quot;:1,&quot;335559739&quot;:160,&quot;335559740&quot;:315}\">\u00a0<\/span><\/p>\n<p><a href=\"http:\/\/www.juliancastiblanco.com\/\"><span data-contrast=\"none\">www.JulianCastiblanco.com<\/span><\/a><span data-contrast=\"none\">\u00a0\u00a0<\/span><span data-ccp-props=\"{&quot;201341983&quot;:1,&quot;335551550&quot;:1,&quot;335551620&quot;:1,&quot;335559739&quot;:160,&quot;335559740&quot;:315}\">\u00a0<\/span><\/p>\n<p><a href=\"http:\/\/www.deceroasapo.com\/\"><span data-contrast=\"none\">www.deceroasapo.com<\/span><\/a><span data-contrast=\"none\">\u00a0\u00a0<\/span><span data-ccp-props=\"{&quot;201341983&quot;:1,&quot;335551550&quot;:1,&quot;335551620&quot;:1,&quot;335559739&quot;:160,&quot;335559740&quot;:315}\">\u00a0<\/span><\/p>\n<p><a href=\"https:\/\/experienciasimk.com\/\"><span data-contrast=\"none\">www.experienciasimk.com\u00a0<\/span><\/a><span data-contrast=\"none\">\u00a0\u00a0<\/span><span data-ccp-props=\"{&quot;201341983&quot;:1,&quot;335551550&quot;:1,&quot;335551620&quot;:1,&quot;335559739&quot;:160,&quot;335559740&quot;:315}\">\u00a0<\/span><\/p>\n<p><a href=\"http:\/\/www.tiasdigitales.com\/\"><span data-contrast=\"none\">www.tiasdigitales.com<\/span><\/a><span data-ccp-props=\"{&quot;201341983&quot;:1,&quot;335551550&quot;:1,&quot;335551620&quot;:1,&quot;335559739&quot;:160,&quot;335559740&quot;:315}\">\u00a0<\/span><\/p>\n<p><a href=\"http:\/\/www.oceanosvioleta.com\/\"><span data-contrast=\"none\">www.oceanosvioleta.com<\/span><\/a><span data-contrast=\"none\">\u00a0\u00a0<\/span><span data-ccp-props=\"{&quot;201341983&quot;:1,&quot;335551550&quot;:1,&quot;335551620&quot;:1,&quot;335559739&quot;:160,&quot;335559740&quot;:315}\">\u00a0<\/span><\/p>\n<p><a href=\"http:\/\/www.aprendizajeconresultados.com\/\"><span data-contrast=\"none\">www.aprendizajeconresultados.com<\/span><\/a><span data-contrast=\"none\">\u00a0\u00a0<\/span><span data-ccp-props=\"{&quot;201341983&quot;:1,&quot;335551550&quot;:1,&quot;335551620&quot;:1,&quot;335559739&quot;:160,&quot;335559740&quot;:315}\">\u00a0<\/span><\/p>\n<p><a href=\"http:\/\/www.gerenciadigital.com.co\/\"><span data-contrast=\"none\">www.GerenciaDigital.com.co<\/span><\/a><span data-contrast=\"none\">\u00a0\u00a0<\/span><span data-ccp-props=\"{&quot;201341983&quot;:1,&quot;335551550&quot;:1,&quot;335551620&quot;:1,&quot;335559739&quot;:160,&quot;335559740&quot;:315}\">\u00a0<\/span><\/p>\n<p><a href=\"http:\/\/www.socry.co\/\"><span data-contrast=\"none\">www.Socry.co<\/span><\/a><span data-contrast=\"none\">\u00a0<\/span><span data-ccp-props=\"{&quot;201341983&quot;:1,&quot;335551550&quot;:1,&quot;335551620&quot;:1,&quot;335559739&quot;:160,&quot;335559740&quot;:315}\">\u00a0<\/span><\/p>\n<p><a href=\"https:\/\/khamicorp.com\/\"><span data-contrast=\"none\">www.khamicorp.com\u00a0<\/span><\/a><span data-contrast=\"none\">\u00a0\u00a0<\/span><span data-ccp-props=\"{&quot;201341983&quot;:1,&quot;335551550&quot;:1,&quot;335551620&quot;:1,&quot;335559739&quot;:160,&quot;335559740&quot;:315}\">\u00a0<\/span><\/p>\n<p><span data-contrast=\"none\">QUIERES POSICIONAR TU MARCA EN INTERNET? SOLICITA INFORMACI\u00d3N DE CONTENT ADS de IMK GLOBAL\u00a0\u00a0<\/span><span data-ccp-props=\"{&quot;201341983&quot;:1,&quot;335551550&quot;:1,&quot;335551620&quot;:1,&quot;335559739&quot;:160,&quot;335559740&quot;:315}\">\u00a0<\/span><\/p>\n<ul>\n<li data-leveltext=\"\uf0b7\" data-font=\"Symbol\" data-listid=\"88\" data-list-defn-props=\"{&quot;335552541&quot;:1,&quot;335559684&quot;:-2,&quot;335559685&quot;:720,&quot;335559991&quot;:360,&quot;469769226&quot;:&quot;Symbol&quot;,&quot;469769242&quot;:[8226],&quot;469777803&quot;:&quot;left&quot;,&quot;469777804&quot;:&quot;\uf0b7&quot;,&quot;469777815&quot;:&quot;hybridMultilevel&quot;}\" aria-setsize=\"-1\" data-aria-posinset=\"1\" data-aria-level=\"1\"><span data-contrast=\"none\">Red de portales de noticias y blogs de nicho para posicionar y aumentar la reputaci\u00f3n de tu marca.\u00a0\u00a0<\/span><span data-ccp-props=\"{&quot;201341983&quot;:1,&quot;335551550&quot;:1,&quot;335551620&quot;:1,&quot;335559739&quot;:160,&quot;335559740&quot;:390}\">\u00a0<\/span><\/li>\n<li data-leveltext=\"\uf0b7\" data-font=\"Symbol\" data-listid=\"88\" data-list-defn-props=\"{&quot;335552541&quot;:1,&quot;335559684&quot;:-2,&quot;335559685&quot;:720,&quot;335559991&quot;:360,&quot;469769226&quot;:&quot;Symbol&quot;,&quot;469769242&quot;:[8226],&quot;469777803&quot;:&quot;left&quot;,&quot;469777804&quot;:&quot;\uf0b7&quot;,&quot;469777815&quot;:&quot;hybridMultilevel&quot;}\" aria-setsize=\"-1\" data-aria-posinset=\"2\" data-aria-level=\"1\"><span data-contrast=\"none\">Apalancamiento Digital consiste mencionarte desde portales de alto tr\u00e1fico, posicionamiento y reputaci\u00f3n.\u00a0\u00a0<\/span><span data-ccp-props=\"{&quot;201341983&quot;:1,&quot;335559739&quot;:160,&quot;335559740&quot;:315}\">\u00a0<\/span><\/li>\n<li data-leveltext=\"\uf0b7\" data-font=\"Symbol\" data-listid=\"88\" data-list-defn-props=\"{&quot;335552541&quot;:1,&quot;335559684&quot;:-2,&quot;335559685&quot;:720,&quot;335559991&quot;:360,&quot;469769226&quot;:&quot;Symbol&quot;,&quot;469769242&quot;:[8226],&quot;469777803&quot;:&quot;left&quot;,&quot;469777804&quot;:&quot;\uf0b7&quot;,&quot;469777815&quot;:&quot;hybridMultilevel&quot;}\" aria-setsize=\"-1\" data-aria-posinset=\"3\" data-aria-level=\"1\"><span data-contrast=\"none\">Por ejemplo busca: el mejor profe de marketing digital\u00a0\u00a0<\/span><span data-ccp-props=\"{&quot;201341983&quot;:1,&quot;335551550&quot;:1,&quot;335551620&quot;:1,&quot;335559739&quot;:160,&quot;335559740&quot;:390}\">\u00a0<\/span><\/li>\n<li data-leveltext=\"\uf0b7\" data-font=\"Symbol\" data-listid=\"88\" data-list-defn-props=\"{&quot;335552541&quot;:1,&quot;335559684&quot;:-2,&quot;335559685&quot;:720,&quot;335559991&quot;:360,&quot;469769226&quot;:&quot;Symbol&quot;,&quot;469769242&quot;:[8226],&quot;469777803&quot;:&quot;left&quot;,&quot;469777804&quot;:&quot;\uf0b7&quot;,&quot;469777815&quot;:&quot;hybridMultilevel&quot;}\" aria-setsize=\"-1\" data-aria-posinset=\"4\" data-aria-level=\"1\"><span data-contrast=\"none\">Formatos: menciones, art\u00edculos, banners, entrevistas\u00a0\u00a0<\/span><span data-ccp-props=\"{&quot;201341983&quot;:1,&quot;335551550&quot;:1,&quot;335551620&quot;:1,&quot;335559739&quot;:160,&quot;335559740&quot;:390}\">\u00a0<\/span><\/li>\n<\/ul>\n<p><a href=\"https:\/\/wa.link\/fwrf7b\"><span data-contrast=\"none\">https:\/\/wa.link\/fwrf7b<\/span><\/a><span data-ccp-props=\"{&quot;201341983&quot;:1,&quot;335551550&quot;:1,&quot;335551620&quot;:1,&quot;335559685&quot;:0,&quot;335559739&quot;:160,&quot;335559740&quot;:315}\">\u00a0<\/span><\/p>\n","protected":false},"excerpt":{"rendered":"<p>Fajas VIT\u00cd\u2122\ufe0f Control exporta sus productos a m\u00e1s de 10 pa\u00edses y planea abrir este a\u00f1o su tienda f\u00edsica en Estados Unidos.\u00a0 Ubicada en Cartagena, desde donde dise\u00f1a, produce y [&hellip;]<\/p>\n","protected":false},"author":4,"featured_media":12762,"comment_status":"closed","ping_status":"closed","sticky":false,"template":"","format":"standard","meta":{"footnotes":""},"categories":[9],"tags":[109,177,107,104],"class_list":["post-12760","post","type-post","status-publish","format-standard","has-post-thumbnail","hentry","category-tecnologia","tag-ecosistema-empresarial","tag-procolombia","tag-sinergias","tag-transformacion-digital"],"_links":{"self":[{"href":"https:\/\/juliancastiblanco.com\/web\/wp-json\/wp\/v2\/posts\/12760","targetHints":{"allow":["GET"]}}],"collection":[{"href":"https:\/\/juliancastiblanco.com\/web\/wp-json\/wp\/v2\/posts"}],"about":[{"href":"https:\/\/juliancastiblanco.com\/web\/wp-json\/wp\/v2\/types\/post"}],"author":[{"embeddable":true,"href":"https:\/\/juliancastiblanco.com\/web\/wp-json\/wp\/v2\/users\/4"}],"replies":[{"embeddable":true,"href":"https:\/\/juliancastiblanco.com\/web\/wp-json\/wp\/v2\/comments?post=12760"}],"version-history":[{"count":1,"href":"https:\/\/juliancastiblanco.com\/web\/wp-json\/wp\/v2\/posts\/12760\/revisions"}],"predecessor-version":[{"id":12763,"href":"https:\/\/juliancastiblanco.com\/web\/wp-json\/wp\/v2\/posts\/12760\/revisions\/12763"}],"wp:featuredmedia":[{"embeddable":true,"href":"https:\/\/juliancastiblanco.com\/web\/wp-json\/wp\/v2\/media\/12762"}],"wp:attachment":[{"href":"https:\/\/juliancastiblanco.com\/web\/wp-json\/wp\/v2\/media?parent=12760"}],"wp:term":[{"taxonomy":"category","embeddable":true,"href":"https:\/\/juliancastiblanco.com\/web\/wp-json\/wp\/v2\/categories?post=12760"},{"taxonomy":"post_tag","embeddable":true,"href":"https:\/\/juliancastiblanco.com\/web\/wp-json\/wp\/v2\/tags?post=12760"}],"curies":[{"name":"wp","href":"https:\/\/api.w.org\/{rel}","templated":true}]}}