{"id":1506,"date":"2017-05-04T15:21:49","date_gmt":"2017-05-04T15:21:49","guid":{"rendered":"https:\/\/juliancastiblanco.com\/web\/inicia-con-exito-el-programa-en-gerencia-del-marketing-digital-en-la-ciudad-de-ibague\/"},"modified":"2017-05-04T15:21:49","modified_gmt":"2017-05-04T15:21:49","slug":"inicia-con-exito-el-programa-en-gerencia-del-marketing-digital-en-la-ciudad-de-ibague","status":"publish","type":"post","link":"https:\/\/juliancastiblanco.com\/web\/inicia-con-exito-el-programa-en-gerencia-del-marketing-digital-en-la-ciudad-de-ibague\/","title":{"rendered":"Inicia con \u00e9xito el programa en gerencia del marketing digital en la ciudad de Ibagu\u00e9"},"content":{"rendered":"<p><em>COLOMBIA (AndeanWire, 4 de mayo de\u00a0 2017).<\/em> \u00a0\u00a0\u00a0\u00a0\u00a0El pasado 21 de abril inici\u00f3 en la ciudad de Ibagu\u00e9 el Diplomado en <a href=\"http:\/\/www.fernandobasto.com\/\">Gerencia del Marketing Digital<\/a> organizado por el Centro de Educaci\u00f3n Permanente &#8211; CEP de la Universidad de Ibagu\u00e9. Este innovador programa gerencial ha sido dise\u00f1ado por el experto internacional el Se\u00f1or <a href=\"https:\/\/www.linkedin.com\/in\/fernandobasto\/\">Fernando Basto Correa<\/a>, qui\u00e9n cuenta con una experiencia de m\u00e1s de 17 a\u00f1os como empresario, consultor, escritor y acad\u00e9mico en el campo digital.<\/p>\n<p>M\u00e1s de 30 empresarios y ejecutivos de la regi\u00f3n se beneficiar\u00e1n de las 100 horas te\u00f3rico-pr\u00e1cticas en donde de la mano de Conferencistas y Expertos, adquirir\u00e1n conocimientos en enfoque de estrategia digital, usabilidad, posicionamiento en buscadores, social media marketing, ecommerce, planeaci\u00f3n digital, entre otros.<\/p>\n<p><em>\u201cTodos los conferencistas que impartimos este diplomado contamos con experiencia pr\u00e1ctica en cada uno de nuestros m\u00f3dulos, pues provenimos del \u00e1mbito empresarial, as\u00ed que traemos a la academia las mejores pr\u00e1cticas basadas en casos y realidad\u201d<\/em>, manifest\u00f3 el Se\u00f1or Fernando Basto conferencista principal y qui\u00e9n adem\u00e1s ser\u00e1 acompa\u00f1ado por los expertos: Robin Garz\u00f3n (Marca y mercadeo), Juli\u00e1n Castiblanco (Usabilidad web), Alexandra Isaza (Redes Sociales), Yamile Contento (eAdvertising, eCommerce) y Diego Barbosa (Gesti\u00f3n de proyectos).<\/p>\n<p><em><img loading=\"lazy\" decoding=\"async\" class=\"alignnone size-full wp-image-237751\" src=\"http:\/\/www.awnewscenter.com\/andeanwire\/wp-content\/uploads\/2017\/05\/diplomado-gerencia-del-markting-digital-fernando-basto-unibague-participantes.jpg\" alt=\"\" width=\"960\" height=\"444\" \/>\u00a0<\/em><\/p>\n<p><em>Acerca del CEP de la Universidad de Ibagu\u00e9<\/em><\/p>\n<p><em>El Centro de Educaci\u00f3n Permanente &#8211; CEP de la Universidad de Ibagu\u00e9 en su compromiso de contribuir al desarrollo de la regi\u00f3n dise\u00f1a, asesora y oferta programas de capacitaci\u00f3n de educaci\u00f3n no formal, con un alto componente de innovaci\u00f3n. Su objetivo es contribuir al desarrollo y actualizaci\u00f3n de conocimientos, destrezas y competencias de profesionales de todas las \u00e1reas y de personas no profesionales con necesidades muy espec\u00edficas de formaci\u00f3n en el campo laboral y\/o personal. <a href=\"https:\/\/cep.unibague.edu.co\/\">https:\/\/cep.unibague.edu.co<\/a><\/em><\/p>\n<p><em>\u00a0<\/em><\/p>\n<p><em>Acerca de Fernando Basto Correa<\/em><\/p>\n<p><em>Autor del Libro &#8220;La venta por internet y los productos individualizados. Empresario y consultor con m\u00e1s de 17 a\u00f1os de experiencia en Estrategia Digital.\u00a0 Conferencista y docente de posgrados, invitado permanentemente por Agremiaciones, Universidades e Institutos de Formaci\u00f3n Gerencial en programas de Maestr\u00eda (MBA), Especializaciones y Educaci\u00f3n Continuada. <a href=\"https:\/\/www.linkedin.com\/in\/fernandobasto\">www.linkedin.com\/in\/fernandobasto<\/a>\u00a0 \/\/ \u00a0<a href=\"http:\/\/www.fernandobasto.com\">www.fernandobasto.com<\/a> <\/em><\/p>\n<p>&nbsp;<\/p>\n<p>Source: TIC<\/p>\n","protected":false},"excerpt":{"rendered":"<p>COLOMBIA (AndeanWire, 4 de mayo de\u00a0 2017). \u00a0\u00a0\u00a0\u00a0\u00a0El pasado 21 de abril inici\u00f3 en la ciudad de Ibagu\u00e9 el Diplomado en Gerencia del Marketing Digital organizado por el Centro de [&hellip;]<\/p>\n","protected":false},"author":4,"featured_media":1507,"comment_status":"false","ping_status":"open","sticky":false,"template":"","format":"standard","meta":{"footnotes":""},"categories":[9],"tags":[28],"class_list":["post-1506","post","type-post","status-publish","format-standard","has-post-thumbnail","hentry","category-tecnologia","tag-vinculos"],"_links":{"self":[{"href":"https:\/\/juliancastiblanco.com\/web\/wp-json\/wp\/v2\/posts\/1506","targetHints":{"allow":["GET"]}}],"collection":[{"href":"https:\/\/juliancastiblanco.com\/web\/wp-json\/wp\/v2\/posts"}],"about":[{"href":"https:\/\/juliancastiblanco.com\/web\/wp-json\/wp\/v2\/types\/post"}],"author":[{"embeddable":true,"href":"https:\/\/juliancastiblanco.com\/web\/wp-json\/wp\/v2\/users\/4"}],"replies":[{"embeddable":true,"href":"https:\/\/juliancastiblanco.com\/web\/wp-json\/wp\/v2\/comments?post=1506"}],"version-history":[{"count":0,"href":"https:\/\/juliancastiblanco.com\/web\/wp-json\/wp\/v2\/posts\/1506\/revisions"}],"wp:featuredmedia":[{"embeddable":true,"href":"https:\/\/juliancastiblanco.com\/web\/wp-json\/wp\/v2\/media\/1507"}],"wp:attachment":[{"href":"https:\/\/juliancastiblanco.com\/web\/wp-json\/wp\/v2\/media?parent=1506"}],"wp:term":[{"taxonomy":"category","embeddable":true,"href":"https:\/\/juliancastiblanco.com\/web\/wp-json\/wp\/v2\/categories?post=1506"},{"taxonomy":"post_tag","embeddable":true,"href":"https:\/\/juliancastiblanco.com\/web\/wp-json\/wp\/v2\/tags?post=1506"}],"curies":[{"name":"wp","href":"https:\/\/api.w.org\/{rel}","templated":true}]}}