{"id":1508,"date":"2017-05-04T18:13:38","date_gmt":"2017-05-04T18:13:38","guid":{"rendered":"https:\/\/juliancastiblanco.com\/web\/?p=1508"},"modified":"2017-05-04T18:13:38","modified_gmt":"2017-05-04T18:13:38","slug":"inicia-exito-programa-gerencia-del-marketing-digital-la-ciudad-ibague","status":"publish","type":"post","link":"https:\/\/juliancastiblanco.com\/web\/inicia-exito-programa-gerencia-del-marketing-digital-la-ciudad-ibague\/","title":{"rendered":"INICIA CON \u00c9XITO EL PROGRAMA EN GERENCIA DEL MARKETING DIGITAL EN LA CIUDAD DE IBAGU\u00c9"},"content":{"rendered":"<p><em>\u201cTodos los conferencistas que impartimos este diplomado contamos con experiencia pr\u00e1ctica en cada uno de nuestros m\u00f3dulos, pues provenimos del \u00e1mbito empresarial, as\u00ed que traemos a la academia las mejores pr\u00e1cticas basadas en casos y realidad\u201d<\/em>, manifest\u00f3 el Se\u00f1or Fernando Basto conferencista principal y qui\u00e9n adem\u00e1s ser\u00e1 acompa\u00f1ado por los expertos: Robin Garz\u00f3n (Marca y mercadeo), Juli\u00e1n Castiblanco (Usabilidad web), Alexandra Isaza (Redes Sociales), Yamile Contento (eAdvertising, eCommerce) y Diego Barbosa (Gesti\u00f3n de proyectos). \u00a0<a href=\"http:\/\/www.awnewscenter.com\/andeanwire\/237750\/inicia-con-exito-el-programa-en-gerencia-del-marketing-digital-en-la-ciudad-de-ibague\/\" target=\"_blank\" rel=\"noopener noreferrer\">Leer M\u00e1s<\/a><\/p>\n","protected":false},"excerpt":{"rendered":"<p>\u201cTodos los conferencistas que impartimos este diplomado contamos con experiencia pr\u00e1ctica en cada uno de nuestros m\u00f3dulos, pues provenimos del \u00e1mbito empresarial, as\u00ed que traemos a la academia las mejores [&hellip;]<\/p>\n","protected":false},"author":4,"featured_media":1509,"comment_status":"open","ping_status":"open","sticky":false,"template":"","format":"standard","meta":{"footnotes":""},"categories":[24],"tags":[],"class_list":["post-1508","post","type-post","status-publish","format-standard","has-post-thumbnail","hentry","category-conferencias"],"_links":{"self":[{"href":"https:\/\/juliancastiblanco.com\/web\/wp-json\/wp\/v2\/posts\/1508","targetHints":{"allow":["GET"]}}],"collection":[{"href":"https:\/\/juliancastiblanco.com\/web\/wp-json\/wp\/v2\/posts"}],"about":[{"href":"https:\/\/juliancastiblanco.com\/web\/wp-json\/wp\/v2\/types\/post"}],"author":[{"embeddable":true,"href":"https:\/\/juliancastiblanco.com\/web\/wp-json\/wp\/v2\/users\/4"}],"replies":[{"embeddable":true,"href":"https:\/\/juliancastiblanco.com\/web\/wp-json\/wp\/v2\/comments?post=1508"}],"version-history":[{"count":1,"href":"https:\/\/juliancastiblanco.com\/web\/wp-json\/wp\/v2\/posts\/1508\/revisions"}],"predecessor-version":[{"id":1510,"href":"https:\/\/juliancastiblanco.com\/web\/wp-json\/wp\/v2\/posts\/1508\/revisions\/1510"}],"wp:featuredmedia":[{"embeddable":true,"href":"https:\/\/juliancastiblanco.com\/web\/wp-json\/wp\/v2\/media\/1509"}],"wp:attachment":[{"href":"https:\/\/juliancastiblanco.com\/web\/wp-json\/wp\/v2\/media?parent=1508"}],"wp:term":[{"taxonomy":"category","embeddable":true,"href":"https:\/\/juliancastiblanco.com\/web\/wp-json\/wp\/v2\/categories?post=1508"},{"taxonomy":"post_tag","embeddable":true,"href":"https:\/\/juliancastiblanco.com\/web\/wp-json\/wp\/v2\/tags?post=1508"}],"curies":[{"name":"wp","href":"https:\/\/api.w.org\/{rel}","templated":true}]}}