{"id":17169,"date":"2024-06-06T22:45:48","date_gmt":"2024-06-06T22:45:48","guid":{"rendered":"https:\/\/juliancastiblanco.com\/web\/?p=17169"},"modified":"2024-06-06T23:38:22","modified_gmt":"2024-06-06T23:38:22","slug":"con-exito-finalizo-el-seminario-multisectorial-de-inteligencia-artificial","status":"publish","type":"post","link":"https:\/\/juliancastiblanco.com\/web\/con-exito-finalizo-el-seminario-multisectorial-de-inteligencia-artificial\/","title":{"rendered":"Con \u00e9xito finaliz\u00f3 el Seminario Multisectorial de Inteligencia Artificial"},"content":{"rendered":"<p><strong>Bogot\u00e1 D.C., 6 de junio de 2024<\/strong>\u00a0\u2013 El \u201cSeminario Multisectorial de Inteligencia Artificial\u201d congreg\u00f3 a m\u00e1s de 120 participantes, tanto presencial como virtualmente, el pasado 5 de junio de 2024. Organizado bajo la direcci\u00f3n de Juli\u00e1n Castiblanco, CEO de Ingenieros de Marketing; y con la colaboraci\u00f3n de IMK Global, OPRAMS, el observatorio IAALL.org y la Fundaci\u00f3n Universitaria Los Libertadores, este evento busc\u00f3 acercar la tecnolog\u00eda de inteligencia artificial (<a href=\"https:\/\/ia4all.org\/?s=INTELIGENCIA+ARTIFICIAL\">IA<\/a>) a profesionales y empresarios colombianos, potenciando sus empresas y estrategias comerciales a trav\u00e9s de estas innovadoras herramientas.<\/p>\n<h3 class=\"wp-block-heading\">\u00c1lvaro Luis Mercado Su\u00e1rez: La Academia y la Transformaci\u00f3n Digital<\/h3>\n<p>El Decano de la Facultad de Ciencias Econ\u00f3micas, Administrativas y Contables de la Fundaci\u00f3n Universitaria Los Libertadores, \u00c1lvaro Luis Mercado Su\u00e1rez, enfatiz\u00f3 la importancia de la formaci\u00f3n virtual en la transformaci\u00f3n digital.<\/p>\n<p>\u00abDesde la academia apoyamos esta formaci\u00f3n virtual para aportar a la\u00a0<a href=\"https:\/\/ia4all.org\/?s=transformaci%C3%B3n\">transformaci\u00f3n<\/a>\u00a0de la sociedad en temas de inteligencia artificial y marketing digital. Queremos que los ciudadanos aprendan a utilizar adecuadamente estas nuevas tecnolog\u00edas y explorar los desaf\u00edos que plantean, para seguir creciendo empresarialmente y en los diferentes campos profesionales. Nuestro objetivo es incorporar la ciencia y la tecnolog\u00eda para facilitar la vida, pero con un sentido de sostenibilidad,\u00bb expres\u00f3 Mercado Su\u00e1rez.<\/p>\n<figure class=\"wp-block-image aligncenter size-large is-resized\"><img loading=\"lazy\" decoding=\"async\" class=\"wp-image-17155 aligncenter\" src=\"https:\/\/ia4all.org\/wp-content\/uploads\/2024\/06\/WhatsApp-Image-2024-06-05-at-5.50.39-PM-1024x768.jpeg\" sizes=\"auto, (min-width: 0px) and (max-width: 480px) 480px, (min-width: 481px) and (max-width: 980px) 980px, (min-width: 981px) 1024px, 100vw\" srcset=\"https:\/\/ia4all.org\/wp-content\/uploads\/2024\/06\/WhatsApp-Image-2024-06-05-at-5.50.39-PM-980x735.jpeg 980w, https:\/\/ia4all.org\/wp-content\/uploads\/2024\/06\/WhatsApp-Image-2024-06-05-at-5.50.39-PM-480x360.jpeg 480w\" alt=\"\" width=\"705\" height=\"529\" \/><\/figure>\n<h3 class=\"wp-block-heading\">Juli\u00e1n Castiblanco: El Rol Complementario de la IA<\/h3>\n<p>Juli\u00e1n Castiblanco, organizador del seminario y CEO de Ingenieros de Marketing, subray\u00f3 la complementariedad entre la inteligencia artificial y la humana.<\/p>\n<p>\u00abLa inteligencia artificial jam\u00e1s va a reemplazar la inteligencia humana porque esta nueva tecnolog\u00eda no son procesadores de informaci\u00f3n aut\u00f3nomos, sino plataformas cargadas con informaci\u00f3n creada por los seres humanos. Siempre requiere de una persona que le d\u00e9 \u00f3rdenes o solicite apoyo; no crean contenidos ni son capaces de responder por su propia cuenta,\u00bb explic\u00f3 Castiblanco.<\/p>\n<p>Castiblanco tambi\u00e9n destac\u00f3 la importancia de adaptarse a estas herramientas:<\/p>\n<p>\u00abLas empresas y las nuevas generaciones deben aprender a utilizar estas herramientas porque de no hacerlo se van a quedar atrasadas. La<a href=\"https:\/\/ia4all.org\/?s=INTELIGENCIA+ARTIFICIAL\">\u00a0IA<\/a>\u00a0ha dejado de ser una mera promesa del futuro para convertirse en una realidad palpable que est\u00e1 transformando industrias y sociedades en todo el mundo. Desde la automatizaci\u00f3n de procesos hasta el desarrollo de sistemas de recomendaci\u00f3n avanzados, la IA est\u00e1 revolucionando la forma en que vivimos, trabajamos y nos relacionamos.\u00bb<\/p>\n<figure class=\"wp-block-image aligncenter size-large is-resized\"><img loading=\"lazy\" decoding=\"async\" class=\"wp-image-17159 aligncenter\" src=\"https:\/\/ia4all.org\/wp-content\/uploads\/2024\/06\/WhatsApp-Image-2024-06-05-at-7.58.54-PM-1-768x1024.jpeg\" alt=\"\" width=\"622\" height=\"829\" \/><\/figure>\n<h3 class=\"wp-block-heading\">Oscar Henao: Impulsando el Conocimiento de IA desde la Abogac\u00eda Empresarial<\/h3>\n<p>Oscar Henao, reconocido por su destacada trayectoria en el desarrollo de soluciones tecnol\u00f3gicas innovadoras, juega un papel crucial en el impulso del conocimiento y la implementaci\u00f3n de inteligencia artificial en Colombia. Como abogado empresarial, Henao combina su profundo entendimiento de la tecnolog\u00eda con su expertise en derecho corporativo, ofreciendo una perspectiva \u00fanica y valiosa sobre c\u00f3mo la inteligencia artificial puede integrarse de manera efectiva y segura en el entorno empresarial.<\/p>\n<p>Henao ha sido un pionero en la defensa de la transformaci\u00f3n digital en el \u00e1mbito corporativo, asesorando a numerosas empresas en la adopci\u00f3n de tecnolog\u00edas emergentes. Su enfoque se centra en garantizar que las empresas no solo implementen soluciones de IA, sino que tambi\u00e9n lo hagan de manera \u00e9tica y legal, protegiendo los derechos de todas las partes involucradas. Este enfoque integral ha ayudado a muchas organizaciones a navegar el complejo panorama legal y tecnol\u00f3gico, asegurando una transici\u00f3n suave y segura hacia la digitalizaci\u00f3n.<\/p>\n<p>Durante su intervenci\u00f3n en el seminario, Henao ofreci\u00f3 una visi\u00f3n panor\u00e1mica de las tendencias actuales y futuras en inteligencia artificial, destacando casos de \u00e9xito y \u00e1reas de oportunidad para su implementaci\u00f3n en diferentes sectores. Subray\u00f3 la importancia de entender tanto las capacidades como las limitaciones de la\u00a0<a href=\"https:\/\/ia4all.org\/?s=INTELIGENCIA+ARTIFICIAL\">IA<\/a>, y c\u00f3mo esta comprensi\u00f3n puede ser utilizada para maximizar el potencial de las tecnolog\u00edas emergentes.<\/p>\n<figure class=\"wp-block-image aligncenter size-large is-resized\"><img loading=\"lazy\" decoding=\"async\" class=\"wp-image-17156 aligncenter\" src=\"https:\/\/ia4all.org\/wp-content\/uploads\/2024\/06\/WhatsApp-Image-2024-06-05-at-5.43.31-PM-768x1024.jpeg\" alt=\"\" width=\"667\" height=\"889\" \/><\/figure>\n<h3 class=\"wp-block-heading\">Ricardo D\u00edaz: Seguridad y Confiabilidad en la Era de la IA<\/h3>\n<p>Ricardo D\u00edaz, representante de OPRAMS y experto en seguridad y confiabilidad empresarial, comparti\u00f3 su perspectiva sobre los riesgos y desaf\u00edos que plantea la inteligencia artificial en el \u00e1mbito de la seguridad. D\u00edaz explic\u00f3 que, aunque la IA ofrece numerosas ventajas, tambi\u00e9n puede ser vulnerable a ciberataques y mal uso, lo que puede comprometer la integridad de las empresas y los individuos. En su intervenci\u00f3n, D\u00edaz abord\u00f3 estrategias para mitigar estos riesgos, enfatizando la importancia de implementar robustos sistemas de seguridad y protocolos de confiabilidad.<\/p>\n<p>Adem\u00e1s, destac\u00f3 c\u00f3mo la inteligencia artificial puede ser utilizada para conocer mejor a las empresas y personas, facilitando el cierre de contratos y la toma de decisiones informadas, siempre asegurando que estas herramientas se utilicen de manera \u00e9tica y segura para proteger la informaci\u00f3n sensible y mantener la confianza en el entorno digital.<\/p>\n<figure class=\"wp-block-image aligncenter size-large is-resized\"><img loading=\"lazy\" decoding=\"async\" class=\"wp-image-17157 aligncenter\" src=\"https:\/\/ia4all.org\/wp-content\/uploads\/2024\/06\/WhatsApp-Image-2024-06-05-at-5.43.31-PM-1-768x1024.jpeg\" alt=\"\" width=\"660\" height=\"880\" \/><\/figure>\n<h3 class=\"wp-block-heading\">Aplicaciones Pr\u00e1cticas y Casos de Estudio<\/h3>\n<p>El seminario tambi\u00e9n incluy\u00f3 la presentaci\u00f3n de casos pr\u00e1cticos sobre la aplicaci\u00f3n de inteligencia artificial en estrategias de mercadeo y publicidad. Los asistentes participaron en ejercicios pr\u00e1cticos y recibieron consejos para aprovechar al m\u00e1ximo esta tecnolog\u00eda en sus propias organizaciones.<\/p>\n<p>Este evento marc\u00f3 un paso significativo en la educaci\u00f3n y la implementaci\u00f3n de la inteligencia artificial en Colombia, proporcionando a los profesionales y empresarios las herramientas necesarias para adaptarse y sobresalir en un mundo cada vez m\u00e1s digitalizado y tecnol\u00f3gicamente avanzado.<\/p>\n<p>IMK Global \u2013 Ingenieros de Marketing Su Aliado de Crecimiento en las Am\u00e9ricas Your Growth Partner in the Am\u00e9ricas\u00a0<a href=\"http:\/\/www.imk.global\/\">www.imk.global<\/a><\/p>\n<h2 class=\"wp-block-heading\"><a href=\"http:\/\/wa.me\/573133873446\"><img loading=\"lazy\" decoding=\"async\" class=\"wp-image-16044 aligncenter\" src=\"https:\/\/ingenierosdemarketing.com.co\/wp-content\/uploads\/2024\/02\/image.png\" alt=\"\" width=\"377\" height=\"89\" \/><\/a><\/h2>\n<p>&nbsp;<\/p>\n<hr class=\"wp-block-separator has-alpha-channel-opacity\" \/>\n<p>&nbsp;<\/p>\n<p>&nbsp;<\/p>\n<p><span data-contrast=\"none\">Creado y mejorado con IA, publicado por Contenidos Digitales de Ingenieros de Marketing IMK Global \u2013 Ingenieros de Marketing Su Aliado de Crecimiento en las Am\u00e9ricas Your Growth Partner in the Am\u00e9ricas\u00a0<\/span><span data-contrast=\"none\">www.imk.global<\/span><span data-ccp-props=\"{&quot;134233117&quot;:false,&quot;134233118&quot;:false,&quot;335551550&quot;:1,&quot;335551620&quot;:1,&quot;335557856&quot;:16777215,&quot;335559738&quot;:0,&quot;335559739&quot;:0}\">\u00a0<\/span><\/p>\n<p><span data-contrast=\"none\">Aportes:<\/span><span data-ccp-props=\"{&quot;134233117&quot;:false,&quot;134233118&quot;:false,&quot;335551550&quot;:1,&quot;335551620&quot;:1,&quot;335557856&quot;:16777215,&quot;335559738&quot;:0,&quot;335559739&quot;:0}\">\u00a0<\/span><\/p>\n<p><span data-contrast=\"none\">Julian Castiblanco -CEO Ingenieros de Marketing \u2013 IMKGlobal<\/span><span data-ccp-props=\"{&quot;134233117&quot;:false,&quot;134233118&quot;:false,&quot;335551550&quot;:1,&quot;335551620&quot;:1,&quot;335557856&quot;:16777215,&quot;335559738&quot;:0,&quot;335559739&quot;:0}\">\u00a0<\/span><\/p>\n<p><span data-contrast=\"none\">Camilo Fernando Castiblanco \u2013 Chief Growth Officer IMK.Global<\/span><span data-ccp-props=\"{&quot;134233117&quot;:false,&quot;134233118&quot;:false,&quot;335551550&quot;:1,&quot;335551620&quot;:1,&quot;335557856&quot;:16777215,&quot;335559738&quot;:0,&quot;335559739&quot;:0}\">\u00a0<\/span><\/p>\n<p><span data-contrast=\"none\">Esperanza Herrera \u2013 Social Media Manager Ingenieros de Marketing \u2013 IMKGlobal<\/span><span data-ccp-props=\"{&quot;134233117&quot;:false,&quot;134233118&quot;:false,&quot;335551550&quot;:1,&quot;335551620&quot;:1,&quot;335557856&quot;:16777215,&quot;335559738&quot;:0,&quot;335559739&quot;:0}\">\u00a0<\/span><\/p>\n<p><span data-contrast=\"none\">Ivan Cachope \u2013 Asistente Creaci\u00f3n de Contenidos Digitales Ingenieros de Marketing \u2013 IMKGlobal<\/span><span data-ccp-props=\"{&quot;134233117&quot;:false,&quot;134233118&quot;:false,&quot;335551550&quot;:1,&quot;335551620&quot;:1,&quot;335557856&quot;:16777215,&quot;335559738&quot;:0,&quot;335559739&quot;:0}\">\u00a0<\/span><\/p>\n<p><span data-contrast=\"none\">Te invitamos a visitar nuestros sitios web donde encontrar\u00e1s recursos y art\u00edculos interesantes<\/span><span data-ccp-props=\"{&quot;134233117&quot;:false,&quot;134233118&quot;:false,&quot;335551550&quot;:1,&quot;335551620&quot;:1,&quot;335557856&quot;:16777215,&quot;335559738&quot;:0,&quot;335559739&quot;:0}\">\u00a0<\/span><\/p>\n<p><strong>Portales United States\u00a0\u00a0\u00a0<\/strong><\/p>\n<p>&nbsp;<\/p>\n<p><a href=\"https:\/\/imk.global\/\">www.imk.global<\/a><\/p>\n<p>&nbsp;<\/p>\n<p><a href=\"https:\/\/thefloridaportal.com\/\">www.thefloridaportal.com<\/a><\/p>\n<p>&nbsp;<\/p>\n<p><strong>Portales Latinoam\u00e9rica<\/strong><\/p>\n<p>&nbsp;<\/p>\n<p><a href=\"http:\/\/www.ingenierosdemarketing.com.co\/\">www.ingenierosdemarketing.com.co<\/a><\/p>\n<p>&nbsp;<\/p>\n<p><a href=\"http:\/\/www.juliancastiblanco.com\/\">www.JulianCastiblanco.com<\/a><\/p>\n<p>&nbsp;<\/p>\n<p><a href=\"http:\/\/www.deceroasapo.com\/\">www.deceroasapo.com<\/a><\/p>\n<p>&nbsp;<\/p>\n<p><a href=\"https:\/\/experienciasimk.com\/\">www.experienciasimk.com\u00a0<\/a><\/p>\n<p>&nbsp;<\/p>\n<p><a href=\"http:\/\/www.tiasdigitales.com\/\">www.tiasdigitales.com<\/a><\/p>\n<p>&nbsp;<\/p>\n<p><a href=\"https:\/\/amazonasdigital.com.co\/\">www.amazonasdigital.com.co \u00a0<\/a><\/p>\n<p>&nbsp;<\/p>\n<p><a href=\"http:\/\/www.aprendizajeconresultados.com\/\">www.aprendizajeconresultados.com<\/a><\/p>\n<p>&nbsp;<\/p>\n<p><a href=\"http:\/\/www.gerenciadigital.com.co\/\">www.GerenciaDigital.com.co<\/a><\/p>\n<p>&nbsp;<\/p>\n<p><a href=\"http:\/\/www.socry.co\/\">www.Socry.co<\/a><\/p>\n<p>&nbsp;<\/p>\n<p><a href=\"https:\/\/ia4all.org\/\">www.ia4all.org\/<\/a><\/p>\n<p>&nbsp;<\/p>\n<p><a href=\"https:\/\/magazindelaradio.com\/\">www.magaz\u00edndelaradio.com<\/a><\/p>\n<p><a href=\"https:\/\/micatalogo.my.canva.site\/linktree-elmejorprofe-com\"><img loading=\"lazy\" decoding=\"async\" width=\"518\" height=\"153\" class=\"wp-image-15274 aligncenter\" src=\"https:\/\/juliancastiblanco.com\/web\/wp-content\/uploads\/2023\/12\/WhatsApp-Image-2023-12-07-at-11.00.45-AM.jpeg\" alt=\"\" srcset=\"https:\/\/juliancastiblanco.com\/web\/wp-content\/uploads\/2023\/12\/WhatsApp-Image-2023-12-07-at-11.00.45-AM.jpeg 518w, https:\/\/juliancastiblanco.com\/web\/wp-content\/uploads\/2023\/12\/WhatsApp-Image-2023-12-07-at-11.00.45-AM-300x89.jpeg 300w\" sizes=\"auto, (max-width: 518px) 100vw, 518px\" \/><\/a><\/p>\n","protected":false},"excerpt":{"rendered":"<p>Bogot\u00e1 D.C., 6 de junio de 2024\u00a0\u2013 El \u201cSeminario Multisectorial de Inteligencia Artificial\u201d congreg\u00f3 a m\u00e1s de 120 participantes, tanto presencial como virtualmente, el pasado 5 de junio de 2024. [&hellip;]<\/p>\n","protected":false},"author":4,"featured_media":17172,"comment_status":"closed","ping_status":"closed","sticky":false,"template":"","format":"standard","meta":{"footnotes":""},"categories":[15,525,9],"tags":[],"class_list":["post-17169","post","type-post","status-publish","format-standard","has-post-thumbnail","hentry","category-innovacion","category-inteligencia-artificial","category-tecnologia"],"_links":{"self":[{"href":"https:\/\/juliancastiblanco.com\/web\/wp-json\/wp\/v2\/posts\/17169","targetHints":{"allow":["GET"]}}],"collection":[{"href":"https:\/\/juliancastiblanco.com\/web\/wp-json\/wp\/v2\/posts"}],"about":[{"href":"https:\/\/juliancastiblanco.com\/web\/wp-json\/wp\/v2\/types\/post"}],"author":[{"embeddable":true,"href":"https:\/\/juliancastiblanco.com\/web\/wp-json\/wp\/v2\/users\/4"}],"replies":[{"embeddable":true,"href":"https:\/\/juliancastiblanco.com\/web\/wp-json\/wp\/v2\/comments?post=17169"}],"version-history":[{"count":1,"href":"https:\/\/juliancastiblanco.com\/web\/wp-json\/wp\/v2\/posts\/17169\/revisions"}],"predecessor-version":[{"id":17171,"href":"https:\/\/juliancastiblanco.com\/web\/wp-json\/wp\/v2\/posts\/17169\/revisions\/17171"}],"wp:featuredmedia":[{"embeddable":true,"href":"https:\/\/juliancastiblanco.com\/web\/wp-json\/wp\/v2\/media\/17172"}],"wp:attachment":[{"href":"https:\/\/juliancastiblanco.com\/web\/wp-json\/wp\/v2\/media?parent=17169"}],"wp:term":[{"taxonomy":"category","embeddable":true,"href":"https:\/\/juliancastiblanco.com\/web\/wp-json\/wp\/v2\/categories?post=17169"},{"taxonomy":"post_tag","embeddable":true,"href":"https:\/\/juliancastiblanco.com\/web\/wp-json\/wp\/v2\/tags?post=17169"}],"curies":[{"name":"wp","href":"https:\/\/api.w.org\/{rel}","templated":true}]}}