{"id":17790,"date":"2024-09-20T15:17:48","date_gmt":"2024-09-20T15:17:48","guid":{"rendered":"https:\/\/juliancastiblanco.com\/web\/?p=17790"},"modified":"2024-09-23T21:36:44","modified_gmt":"2024-09-23T21:36:44","slug":"el-poder-de-la-marca-personal-el-proyecto-mas-importante-eres-tu","status":"publish","type":"post","link":"https:\/\/juliancastiblanco.com\/web\/el-poder-de-la-marca-personal-el-proyecto-mas-importante-eres-tu\/","title":{"rendered":"El Poder de la Marca Personal: El Proyecto M\u00e1s Importante Eres T\u00fa"},"content":{"rendered":"<p>La conferencia de <strong>Marta Emerson <\/strong>en <strong>TEDxMatadepera <\/strong>presentada en el siguiente video, se centra en la <strong>importancia de considerarse a uno mismo como el proyecto m\u00e1s importante de su vida profesional<\/strong>.<\/p>\n<p><iframe loading=\"lazy\" title=\"La importancia de la marca personal | Marta Emerson | TEDxMatadepera\" src=\"https:\/\/www.youtube.com\/embed\/4UpNZGorPKo\" width=\"853\" height=\"480\" frameborder=\"0\" allowfullscreen=\"allowfullscreen\"><\/iframe><\/p>\n<p>La conferencista <strong>\u00a0<\/strong>utiliza el ejemplo de Elon Musk para ilustrar este concepto. Aunque muchos piensan que los proyectos m\u00e1s relevantes de Musk son Tesla, los viajes a Marte o la inteligencia artificial, se destaca que su mayor \u00e9xito es \u00e9l mismo, como persona y como profesional. De la misma forma, todos deben entender que, independientemente de sus trabajos o empresas, el verdadero proyecto que deben desarrollar y potenciar es uno mismo. Esto implica trabajar constantemente en mejorar las habilidades, la formaci\u00f3n y las conexiones que permiten crecer en el mercado laboral.<\/p>\n<p>La f\u00f3rmula para calcular el valor de una persona en el mercado incluye elementos esenciales como:<\/p>\n<ul>\n<li><strong>la experiencia acumulada,<\/strong><\/li>\n<li><strong>la formaci\u00f3n adquirida,<\/strong><\/li>\n<li><strong>las habilidades blandas,<\/strong><\/li>\n<li><strong>los contactos genuinos<\/strong><\/li>\n<li><strong>y las circunstancias personales.<\/strong><\/li>\n<\/ul>\n<p>Cada uno de estos factores contribuye al <strong>valor que una persona tiene en el \u00e1mbito profesional, y su combinaci\u00f3n permite definir c\u00f3mo se puede aumentar dicho valor<\/strong>. No se trata solo de tener t\u00edtulos o cargos relevantes, sino de identificar hitos concretos y logros espec\u00edficos que realmente hablen de lo que una persona ha conseguido y puede aportar en el mercado.<\/p>\n<p>Adem\u00e1s, se resalta <strong>la importancia de contar con una red de contactos genuinos<\/strong>. No se trata de la cantidad de personas que se puedan tener en plataformas como LinkedIn, sino de aquellos contactos reales y cercanos, personas a las que se puede acudir en momentos de necesidad y que est\u00e9n dispuestas a brindar ayuda inmediata. Este tipo de relaciones son muy importantes para el crecimiento profesional, ya que pueden abrir puertas a nuevas oportunidades o proporcionar apoyo en situaciones cr\u00edticas. La conferencista subraya que para <a href=\"https:\/\/juliancastiblanco.com\/web\/?s=marca+personal\">la marca personal\u00a0<\/a> <strong>estas conexiones genuinas son uno de los activos m\u00e1s valiosos para cualquier profesional.<\/strong><\/p>\n<p>Otro punto destacado es la <strong>necesidad de contar con un mentor<\/strong>. Un mentor puede ofrecer orientaci\u00f3n en el proceso de identificar fortalezas y debilidades, ayudando a desarrollar una propuesta de valor s\u00f3lida. Esta propuesta de valor no es algo que se construya de la noche a la ma\u00f1ana, sino que requiere un proceso de reflexi\u00f3n profunda sobre lo que una persona ha logrado, lo que desea conseguir y c\u00f3mo puede destacarse en su campo. Adem\u00e1s, el mentor puede ayudar a ver aspectos que uno mismo no logra identificar con claridad, lo que permite avanzar con m\u00e1s certeza hacia los objetivos profesionales.<\/p>\n<p>Finalmente, se enfatiza <strong>la importancia de definir y vivir de acuerdo con los valores personales<\/strong>. Los valores son la br\u00fajula que gu\u00eda las decisiones en la vida y en la carrera profesional. Tener claro cu\u00e1les son esos valores y c\u00f3mo se manifiestan en cada aspecto de la vida, desde la forma en que se interact\u00faa con los dem\u00e1s hasta c\u00f3mo se manejan los desaf\u00edos, es crucial para construir una carrera coherente y satisfactoria. Estos valores deben ser una gu\u00eda en cada paso, asegurando que las decisiones sean alineadas con el prop\u00f3sito personal y profesional.<\/p>\n<h3>Cinco conclusiones importantes:<\/h3>\n<ol>\n<li><strong>T\u00fa eres tu proyecto m\u00e1s importante<\/strong>, y como tal, debes invertir en tu desarrollo y crecimiento continuamente.<\/li>\n<li><strong>El valor en el mercado laboral depende de una combinaci\u00f3n de experiencia, formaci\u00f3n, habilidades, networking y circunstancias personales<\/strong>. Identificar y potenciar estos elementos es crucial para avanzar profesionalmente.<\/li>\n<li><strong>Los contactos genuinos son clave para el crecimiento<\/strong>; es importante rodearse de personas que est\u00e9n dispuestas a ayudar en cualquier situaci\u00f3n y construir relaciones de calidad, m\u00e1s all\u00e1 de los contactos superficiales en redes.<\/li>\n<li><strong>Tener un mentor es fundamental<\/strong> para ayudar a identificar fortalezas y \u00e1reas de mejora, adem\u00e1s de guiarte en la construcci\u00f3n de una propuesta de valor s\u00f3lida.<\/li>\n<li><strong>Los valores personales son la columna vertebral de tu vida y carrera<\/strong>, y deben definir cada una de tus decisiones. Aseg\u00farate de vivir y proyectar esos valores en todos los aspectos de tu vida.Fuente: <a href=\"https:\/\/www.youtube.com\/watch?v=4UpNZGorPKo\">TEDx Talks<\/a><br \/>\n<hr \/>\n<p style=\"text-align: center;\"><span data-contrast=\"none\">IMK Global \u2013 Ingenieros de Marketing Su Aliado de Crecimiento en las Am\u00e9ricas\u00a0Your\u00a0Growth\u00a0Partner\u00a0in\u00a0the\u00a0Am\u00e9ricas\u00a0<\/span><a href=\"http:\/\/www.imk.global\/\"><span data-contrast=\"auto\">www.imk.global<\/span><\/a><span data-contrast=\"auto\">\u00a0<\/span><\/p>\n<p><span data-contrast=\"none\">Editado y mejorado con IA, publicado por Contenidos Digitales de Ingenieros de Marketing IMK Global\u00a0<\/span><\/p>\n<p><a href=\"https:\/\/www.canva.com\/design\/DAF9gz9bYe8\/vKTPtIeOk0c5VVN5hsrKtg\/view?utm_content=DAF9gz9bYe8&amp;utm_campaign=designshare&amp;utm_medium=embeds&amp;utm_source=link#1\"><img loading=\"lazy\" decoding=\"async\" class=\" wp-image-17793 aligncenter\" src=\"https:\/\/juliancastiblanco.com\/web\/wp-content\/uploads\/2024\/09\/Portadas-IX-Blogs-IMK-1.jpg\" alt=\"\" width=\"446\" height=\"76\" srcset=\"https:\/\/juliancastiblanco.com\/web\/wp-content\/uploads\/2024\/09\/Portadas-IX-Blogs-IMK-1.jpg 900w, https:\/\/juliancastiblanco.com\/web\/wp-content\/uploads\/2024\/09\/Portadas-IX-Blogs-IMK-1-300x51.jpg 300w, https:\/\/juliancastiblanco.com\/web\/wp-content\/uploads\/2024\/09\/Portadas-IX-Blogs-IMK-1-768x131.jpg 768w, https:\/\/juliancastiblanco.com\/web\/wp-content\/uploads\/2024\/09\/Portadas-IX-Blogs-IMK-1-810x139.jpg 810w\" sizes=\"auto, (max-width: 446px) 100vw, 446px\" \/><\/a><\/p>\n<p><b><span data-contrast=\"none\">Aportes<\/span><\/b><span data-contrast=\"none\">:\u00a0\u00a0\u00a0\u00a0<\/span><\/p>\n<p><span data-contrast=\"none\">Juli\u00e1n Castiblanco -CEO Ingenieros de Marketing \u2013\u00a0IMKGlobal\u00a0\u00a0\u00a0\u00a0<\/span><\/p>\n<p><span data-contrast=\"none\">Camilo Fernando Castiblanco \u2013\u00a0Chief\u00a0Growth\u00a0Officer\u00a0IMK.Global\u00a0\u00a0\u00a0\u00a0<\/span><\/p>\n<p><span data-contrast=\"none\">Esperanza Herrera \u2013 Social Media Manager Ingenieros de Marketing \u2013\u00a0IMKGlobal\u00a0\u00a0\u00a0<\/span><\/p>\n<p>&nbsp;<\/p>\n<p><b><span data-contrast=\"auto\">Portales Aliados<\/span><\/b><\/p>\n<p><b><span data-contrast=\"auto\">United\u00a0States\u00a0\u00a0\u00a0<\/span><\/b><\/p>\n<p><a href=\"https:\/\/imk.global\/\"><span data-contrast=\"auto\">www.imk.global<\/span><\/a><\/p>\n<p><a href=\"https:\/\/thefloridaportal.com\/\"><span data-contrast=\"auto\">www.thefloridaportal.com<\/span><\/a><\/p>\n<p>&nbsp;<\/p>\n<p><b><span data-contrast=\"none\">Portales Latinoam\u00e9rica<\/span><\/b><span data-contrast=\"none\">\u00a0<\/span><\/p>\n<p><a href=\"http:\/\/www.ingenierosdemarketing.com.co\/\"><span data-contrast=\"auto\">www.ingenierosdemarketing.com.co<\/span><\/a><span data-contrast=\"none\">\u00a0<\/span><\/p>\n<p><a href=\"http:\/\/www.juliancastiblanco.com\/\"><span data-contrast=\"auto\">www.JulianCastiblanco.com<\/span><\/a><span data-contrast=\"none\">\u00a0\u00a0<\/span><\/p>\n<p><a href=\"http:\/\/www.deceroasapo.com\/\"><span data-contrast=\"auto\">www.deceroasapo.com<\/span><\/a><span data-contrast=\"none\">\u00a0\u00a0<\/span><\/p>\n<p><a href=\"http:\/\/www.socry.co\/\"><span data-contrast=\"auto\">www.socry.co<\/span><\/a><\/p>\n<p><a href=\"https:\/\/experienciasimk.com\/\"><span data-contrast=\"auto\">www.experienciasimk.com\u00a0<\/span><\/a><span data-contrast=\"none\">\u00a0\u00a0<\/span><\/p>\n<p><a href=\"http:\/\/www.tiasdigitales.com\/\"><span data-contrast=\"auto\">www.tiasdigitales.com<\/span><\/a><span data-contrast=\"none\">\u00a0\u00a0<\/span><\/p>\n<p><a href=\"http:\/\/www.caribedigital.com.co\/\"><span data-contrast=\"auto\">www.<\/span><span data-contrast=\"auto\">caribedigital.com.co<\/span><\/a><\/p>\n<p><a href=\"https:\/\/amazonasdigital.com.co\/\"><span data-contrast=\"auto\">www.amazonasdigital.com.co\u00a0\u00a0<\/span><\/a><span data-contrast=\"none\">\u00a0\u00a0<\/span><\/p>\n<p><a href=\"http:\/\/www.aprendizajeconresultados.com\/\"><span data-contrast=\"auto\">www.aprendizajeconresultados.com<\/span><\/a><span data-contrast=\"none\">\u00a0\u00a0<\/span><\/p>\n<p><a href=\"http:\/\/www.gerenciadigital.com.co\/\"><span data-contrast=\"auto\">www.GerenciaDigital.com.co<\/span><\/a><span data-contrast=\"none\">\u00a0\u00a0<\/span><\/p>\n<p><a href=\"http:\/\/www.oceanosvioleta.com\/\"><span data-contrast=\"auto\">www.<\/span><span data-contrast=\"auto\">oceanosvioleta.com<\/span><\/a><\/p>\n<p><a href=\"https:\/\/ia4all.org\/\"><span data-contrast=\"auto\">www.ia4all.org<\/span><\/a><\/p>\n<p><a href=\"https:\/\/tolimadigital.com\/\">www.tolimadigital.com<\/a><\/p>\n<p><a href=\"https:\/\/magazindelaradio.com\/\"><span data-contrast=\"auto\">www.magaz\u00edndelaradio.com<\/span><\/a><span data-contrast=\"none\">\u00a0<\/span><\/li>\n<\/ol>\n<p>&nbsp;<\/p>\n<p>&nbsp;<\/p>\n","protected":false},"excerpt":{"rendered":"<p>La conferencia de Marta Emerson en TEDxMatadepera presentada en el siguiente video, se centra en la importancia de considerarse a uno mismo como el proyecto m\u00e1s importante de su vida [&hellip;]<\/p>\n","protected":false},"author":4,"featured_media":17792,"comment_status":"closed","ping_status":"closed","sticky":false,"template":"","format":"standard","meta":{"footnotes":""},"categories":[277,537],"tags":[254],"class_list":["post-17790","post","type-post","status-publish","format-standard","has-post-thumbnail","hentry","category-educacion","category-marca-personal","tag-marca-personal"],"_links":{"self":[{"href":"https:\/\/juliancastiblanco.com\/web\/wp-json\/wp\/v2\/posts\/17790","targetHints":{"allow":["GET"]}}],"collection":[{"href":"https:\/\/juliancastiblanco.com\/web\/wp-json\/wp\/v2\/posts"}],"about":[{"href":"https:\/\/juliancastiblanco.com\/web\/wp-json\/wp\/v2\/types\/post"}],"author":[{"embeddable":true,"href":"https:\/\/juliancastiblanco.com\/web\/wp-json\/wp\/v2\/users\/4"}],"replies":[{"embeddable":true,"href":"https:\/\/juliancastiblanco.com\/web\/wp-json\/wp\/v2\/comments?post=17790"}],"version-history":[{"count":4,"href":"https:\/\/juliancastiblanco.com\/web\/wp-json\/wp\/v2\/posts\/17790\/revisions"}],"predecessor-version":[{"id":17797,"href":"https:\/\/juliancastiblanco.com\/web\/wp-json\/wp\/v2\/posts\/17790\/revisions\/17797"}],"wp:featuredmedia":[{"embeddable":true,"href":"https:\/\/juliancastiblanco.com\/web\/wp-json\/wp\/v2\/media\/17792"}],"wp:attachment":[{"href":"https:\/\/juliancastiblanco.com\/web\/wp-json\/wp\/v2\/media?parent=17790"}],"wp:term":[{"taxonomy":"category","embeddable":true,"href":"https:\/\/juliancastiblanco.com\/web\/wp-json\/wp\/v2\/categories?post=17790"},{"taxonomy":"post_tag","embeddable":true,"href":"https:\/\/juliancastiblanco.com\/web\/wp-json\/wp\/v2\/tags?post=17790"}],"curies":[{"name":"wp","href":"https:\/\/api.w.org\/{rel}","templated":true}]}}