{"id":18013,"date":"2024-10-07T23:01:18","date_gmt":"2024-10-07T23:01:18","guid":{"rendered":"https:\/\/juliancastiblanco.com\/web\/?p=18013"},"modified":"2024-10-07T23:01:18","modified_gmt":"2024-10-07T23:01:18","slug":"fortaleciendo-lazos-comerciales-camilo-fernando-castiblanco-de-imk-global-en-el-almuerzo-de-networking-de-la-camara-de-comercio-de-espana-en-colombia","status":"publish","type":"post","link":"https:\/\/juliancastiblanco.com\/web\/fortaleciendo-lazos-comerciales-camilo-fernando-castiblanco-de-imk-global-en-el-almuerzo-de-networking-de-la-camara-de-comercio-de-espana-en-colombia\/","title":{"rendered":"Fortaleciendo Lazos Comerciales: Camilo Fernando Castiblanco de IMK Global en el Almuerzo de Networking de la C\u00e1mara de Comercio de Espa\u00f1a en Colombia"},"content":{"rendered":"<div id=\"main-content\">\n<div class=\"container\">\n<div id=\"content-area\" class=\"clearfix\">\n<div id=\"left-area\">\n<article id=\"post-18207\" class=\"et_pb_post post-18207 post type-post status-publish format-standard has-post-thumbnail hentry category-expansion category-internacionalizacion tag-innovacion\">\n<div class=\"entry-content\">\n<p>El pasado jueves, en un ambiente de cordialidad y grandes oportunidades, se llev\u00f3 a cabo el segundo almuerzo de networking de la C\u00e1mara Oficial de Comercio de Espa\u00f1a en Colombia, donde estuvo presente Camilo Fernando Castiblanco, Chief Growth Officer de IMK.Global Ingenieros de Marketing, lo que permiti\u00f3 realizar conexiones de alto valor.<\/p>\n<p>Este evento, reuni\u00f3 a empresarios de compa\u00f1\u00edas espa\u00f1olas en Colombia. El almuerzo fue un espacio exclusivo que facilit\u00f3 la creaci\u00f3n de conexiones estrat\u00e9gicas, impulsando el intercambio de ideas y oportunidades de colaboraci\u00f3n entre los sectores industriales y comerciales de ambas naciones.<\/p>\n<figure class=\"wp-block-image aligncenter size-full is-resized\"><img loading=\"lazy\" decoding=\"async\" class=\"wp-image-18210\" src=\"https:\/\/imk.global\/wp-content\/uploads\/2024\/09\/WhatsApp-Image-2024-09-25-at-3.58.15-PM.jpeg\" sizes=\"auto, (min-width: 0px) and (max-width: 480px) 480px, (min-width: 481px) and (max-width: 980px) 980px, (min-width: 981px) 1024px, 100vw\" srcset=\"https:\/\/imk.global\/wp-content\/uploads\/2024\/09\/WhatsApp-Image-2024-09-25-at-3.58.15-PM.jpeg 1024w, https:\/\/imk.global\/wp-content\/uploads\/2024\/09\/WhatsApp-Image-2024-09-25-at-3.58.15-PM-980x654.jpeg 980w, https:\/\/imk.global\/wp-content\/uploads\/2024\/09\/WhatsApp-Image-2024-09-25-at-3.58.15-PM-480x320.jpeg 480w\" alt=\"\" width=\"1024\" height=\"683\" \/><\/figure>\n<p>La C\u00e1mara Oficial de Comercio de Espa\u00f1a en Colombia, como entidad gremial sin \u00e1nimo de lucro, contin\u00faa con su misi\u00f3n de fortalecer el comercio binacional. Durante el encuentro, se destacaron iniciativas que buscan consolidar las relaciones comerciales y empresariales, y potenciar la competitividad entre las empresas de ambos pa\u00edses, promoviendo un clima de cooperaci\u00f3n y desarrollo continuo.<\/p>\n<p>Camilo Fernando Castiblanco, a trav\u00e9s de su participaci\u00f3n en el evento, mostr\u00f3 el trabajo de IMK.Global Ingenieros de Marketing con el crecimiento empresarial en ambos mercados, con lo que la empresa ha apoyado en la implementaci\u00f3n de soluciones de marketing digital e inteligencia artificial para mejorar los resultados comerciales de las organizaciones.<\/p>\n<figure class=\"wp-block-image aligncenter size-full is-resized\"><img loading=\"lazy\" decoding=\"async\" class=\"wp-image-18211\" src=\"https:\/\/imk.global\/wp-content\/uploads\/2024\/09\/WhatsApp-Image-2024-09-25-at-3.58.15-PM-1.jpeg\" sizes=\"auto, (min-width: 0px) and (max-width: 480px) 480px, (min-width: 481px) and (max-width: 980px) 980px, (min-width: 981px) 1024px, 100vw\" srcset=\"https:\/\/imk.global\/wp-content\/uploads\/2024\/09\/WhatsApp-Image-2024-09-25-at-3.58.15-PM-1.jpeg 1024w, https:\/\/imk.global\/wp-content\/uploads\/2024\/09\/WhatsApp-Image-2024-09-25-at-3.58.15-PM-1-980x654.jpeg 980w, https:\/\/imk.global\/wp-content\/uploads\/2024\/09\/WhatsApp-Image-2024-09-25-at-3.58.15-PM-1-480x320.jpeg 480w\" alt=\"\" width=\"1024\" height=\"683\" \/><\/figure>\n<p>IMK Global Ingenieros de Marketing Global es una empresa dedicada a ofrecer soluciones de marketing digital, transformaci\u00f3n digital y comercializaci\u00f3n estrat\u00e9gica para mejorar el crecimiento y rendimiento de las empresas. Dise\u00f1amos, Gestionamos y Operamos Proyectos enfocados en Educaci\u00f3n, Emprendimiento, Marketing, Desarrollo de Software, Transformaci\u00f3n Digital, Gesti\u00f3n de Cambio, Inteligencia Artificial, Innovaci\u00f3n y Ventas, para potenciar las estrategias comerciales y aumentar la competitividad en mercados globales.<\/p>\n<p>Este tipo de encuentros, que promueven el\u00a0<a href=\"https:\/\/imk.global\/participacion-de-imk-global-en-el-networking-de-la-camara-oficial-de-comercio-de-espana-en-colombia\/\">fortalecimiento del tejido empresarial\u00a0<\/a>y la mejora de las competencias de los trabajadores, se posicionan como una plataforma esencial para dinamizar la productividad y la competitividad de las empresas colombianas y espa\u00f1olas, respondiendo a las necesidades actuales del mercado.<\/p>\n<figure class=\"wp-block-image size-full is-resized\"><img loading=\"lazy\" decoding=\"async\" class=\"wp-image-18078\" src=\"https:\/\/imk.global\/wp-content\/uploads\/2024\/09\/WhatsApp-Image-2024-09-24-at-7.43.14-AM.jpeg\" sizes=\"auto, (min-width: 0px) and (max-width: 480px) 480px, (min-width: 481px) 963px, 100vw\" srcset=\"https:\/\/imk.global\/wp-content\/uploads\/2024\/09\/WhatsApp-Image-2024-09-24-at-7.43.14-AM.jpeg 963w, https:\/\/imk.global\/wp-content\/uploads\/2024\/09\/WhatsApp-Image-2024-09-24-at-7.43.14-AM-480x343.jpeg 480w\" alt=\"\" width=\"608\" height=\"434\" \/><\/figure>\n<p>&nbsp;<\/p>\n<p>Editado y mejorado con IA, publicado por Contenidos Digitales de Ingenieros de Marketing IMK Global<\/p>\n<hr class=\"wp-block-separator has-alpha-channel-opacity is-style-wide\" \/>\n<h3 class=\"wp-block-heading has-text-align-center\"><strong>Lo invitamos a conocer las credenciales de<\/strong><br \/>\n<strong>IMK Global-Ingenieros de Marketing<\/strong><\/h3>\n<div>\n<p style=\"text-align: center;\"><iframe src=\"https:\/\/www.canva.com\/design\/DAF9gz9bYe8\/vKTPtIeOk0c5VVN5hsrKtg\/view?embed\" allowfullscreen=\"allowfullscreen\" data-mce-fragment=\"1\"><\/iframe><\/p>\n<\/div>\n<p><a href=\"https:\/\/www.canva.com\/design\/DAF9gz9bYe8\/vKTPtIeOk0c5VVN5hsrKtg\/view?utm_content=DAF9gz9bYe8&amp;utm_campaign=designshare&amp;utm_medium=embeds&amp;utm_source=link\" target=\"_blank\" rel=\"noopener\">V4 Credenciales Experiencia IMKglobal Spanish<\/a>\u00a0de Ingenieros de Marketing<\/p>\n<p style=\"text-align: center;\">IMK Global \u2013 Ingenieros de Marketing<\/p>\n<p style=\"text-align: center;\">IMK Global \u2013 Ingenieros de Marketing<\/p>\n<p style=\"text-align: center;\">Su Aliado de Crecimiento en las Am\u00e9ricas<\/p>\n<p style=\"text-align: center;\">\u00a0Your\u00a0Growth\u00a0Partner\u00a0in\u00a0the\u00a0Am\u00e9ricas<\/p>\n<p style=\"text-align: center;\"><a href=\"http:\/\/www.imk.global\/\" target=\"_blank\" rel=\"noreferrer noopener\">www.imk.global<\/a><\/p>\n<p>&nbsp;<\/p>\n<p><strong>Aportes<\/strong>:<\/p>\n<p>Juli\u00e1n Castiblanco -CEO Ingenieros de Marketing \u2013\u00a0IMKGlobal<\/p>\n<p>Camilo Fernando Castiblanco \u2013\u00a0Chief\u00a0Growth\u00a0Officer\u00a0IMK.Global<\/p>\n<p>Esperanza Herrera \u2013 Social Media Manager Ingenieros de Marketing \u2013\u00a0IMKGlobal<\/p>\n<p>&nbsp;<\/p>\n<p>&nbsp;<\/p>\n<p><b><span data-contrast=\"auto\">Portales Aliados<\/span><\/b><\/p>\n<p><b><span data-contrast=\"auto\">United\u00a0States\u00a0\u00a0\u00a0<\/span><\/b><\/p>\n<p><a href=\"https:\/\/imk.global\/\"><span data-contrast=\"auto\">www.imk.global<\/span><\/a><\/p>\n<p><a href=\"https:\/\/thefloridaportal.com\/\"><span data-contrast=\"auto\">www.thefloridaportal.com<\/span><\/a><\/p>\n<p><a href=\"http:\/\/www.floridapolk.com\/\"><span data-contrast=\"auto\">www.floridapolk.com<\/span><\/a><\/p>\n<p>&nbsp;<\/p>\n<p><b><span data-contrast=\"none\">Portales Latinoam\u00e9rica<\/span><\/b><span data-contrast=\"none\">\u00a0<\/span><\/p>\n<p><a href=\"http:\/\/www.ingenierosdemarketing.com.co\/\"><span data-contrast=\"auto\">www.ingenierosdemarketing.com.co<\/span><\/a><span data-contrast=\"none\">\u00a0<\/span><\/p>\n<p><a href=\"http:\/\/www.juliancastiblanco.com\/\"><span data-contrast=\"auto\">www.JulianCastiblanco.com<\/span><\/a><span data-contrast=\"none\">\u00a0\u00a0<\/span><\/p>\n<p><a href=\"http:\/\/www.deceroasapo.com\/\"><span data-contrast=\"auto\">www.deceroasapo.com<\/span><\/a><span data-contrast=\"none\">\u00a0\u00a0<\/span><\/p>\n<p><a href=\"http:\/\/www.socry.co\/\"><span data-contrast=\"auto\">www.socry.co<\/span><\/a><\/p>\n<p><a href=\"https:\/\/experienciasimk.com\/\"><span data-contrast=\"auto\">www.experienciasimk.com\u00a0<\/span><\/a><span data-contrast=\"none\">\u00a0\u00a0<\/span><\/p>\n<p><a href=\"http:\/\/www.tiasdigitales.com\/\"><span data-contrast=\"auto\">www.tiasdigitales.com<\/span><\/a><span data-contrast=\"none\">\u00a0\u00a0<\/span><\/p>\n<p><a href=\"http:\/\/www.caribedigital.com.co\/\"><span data-contrast=\"auto\">www.<\/span><span data-contrast=\"auto\">caribedigital.com.co<\/span><\/a><\/p>\n<p><a href=\"https:\/\/amazonasdigital.com.co\/\"><span data-contrast=\"auto\">www.amazonasdigital.com.co\u00a0\u00a0<\/span><\/a><span data-contrast=\"none\">\u00a0\u00a0<\/span><\/p>\n<p><a href=\"http:\/\/www.aprendizajeconresultados.com\/\"><span data-contrast=\"auto\">www.aprendizajeconresultados.com<\/span><\/a><span data-contrast=\"none\">\u00a0\u00a0<\/span><\/p>\n<p><a href=\"http:\/\/www.gerenciadigital.com.co\/\"><span data-contrast=\"auto\">www.GerenciaDigital.com.co<\/span><\/a><span data-contrast=\"none\">\u00a0\u00a0<\/span><\/p>\n<p><a href=\"http:\/\/www.oceanosvioleta.com\/\"><span data-contrast=\"auto\">www.<\/span><span data-contrast=\"auto\">oceanosvioleta.com<\/span><\/a><\/p>\n<p><a href=\"https:\/\/ia4all.org\/\"><span data-contrast=\"auto\">www.ia4all.org\/<\/span><\/a><span data-contrast=\"none\">\u00a0<\/span><\/p>\n<p><a href=\"http:\/\/www.tolimadigital.com\/\"><span data-contrast=\"auto\">www.tolimadigital.com<\/span><\/a><\/p>\n<p><a href=\"http:\/\/www.cucutadigital.com\/\"><span data-contrast=\"auto\">www.cucutadigital.com<\/span><\/a><\/p>\n<p><a href=\"https:\/\/magazindelaradio.com\/\"><span data-contrast=\"auto\">www.magaz\u00edndelaradio.com<\/span><\/a><span data-contrast=\"none\">\u00a0<\/span><\/p>\n<p>&nbsp;<\/p>\n<p>&nbsp;<\/p>\n<p>&nbsp;<\/p>\n<p>&nbsp;<\/p>\n<p>&nbsp;<\/p>\n<p>&nbsp;<\/p>\n<p>&nbsp;<\/p>\n<\/div>\n<\/article>\n<\/div>\n<\/div>\n<\/div>\n<\/div>\n<footer class=\"et-l et-l--footer\">\n<div class=\"et_builder_inner_content et_pb_gutters3\">\n<div class=\"et_pb_section et_pb_section_0_tb_footer et_pb_with_background et_section_regular\">\n<div class=\"et_pb_row et_pb_row_0_tb_footer\">\n<div class=\"et_pb_column et_pb_column_4_4 et_pb_column_0_tb_footer  et_pb_css_mix_blend_mode_passthrough et-last-child\">\n<div class=\"et_pb_module dipl_separator dipl_separator_0_tb_footer\">\n<div class=\"et_pb_module_inner\">\n<div class=\"dipl_separator_container align_none\">\n<div class=\"dipl_line dipl_line_before\"><\/div>\n<div class=\"dipl_line dipl_line_after\"><\/div>\n<\/div>\n<\/div>\n<\/div>\n<div class=\"et_pb_module dipl_masonry_gallery dipl_masonry_gallery_0_tb_footer\">\n<div class=\"et_pb_module_inner\">\n<div class=\"dipl_masonry_gallery_wrapper\">\n<div class=\"dipl_masonry_gallery_item_gutter\"><\/div>\n<div class=\"dipl_masonry_gallery_image_wrapper\"><\/div>\n<div class=\"dipl_masonry_gallery_image_wrapper\"><\/div>\n<div class=\"dipl_masonry_gallery_image_wrapper\"><\/div>\n<div class=\"dipl_masonry_gallery_image_wrapper\"><\/div>\n<div class=\"dipl_masonry_gallery_image_wrapper\"><\/div>\n<div class=\"dipl_masonry_gallery_image_wrapper\"><\/div>\n<div class=\"dipl_masonry_gallery_image_wrapper\"><\/div>\n<div class=\"dipl_masonry_gallery_image_wrapper\"><\/div>\n<\/div>\n<\/div>\n<\/div>\n<\/div>\n<\/div>\n<\/div>\n<\/div>\n<\/footer>\n","protected":false},"excerpt":{"rendered":"<p>El pasado jueves, en un ambiente de cordialidad y grandes oportunidades, se llev\u00f3 a cabo el segundo almuerzo de networking de la C\u00e1mara Oficial de Comercio de Espa\u00f1a en Colombia, [&hellip;]<\/p>\n","protected":false},"author":4,"featured_media":18014,"comment_status":"closed","ping_status":"closed","sticky":false,"template":"","format":"standard","meta":{"footnotes":""},"categories":[512,538],"tags":[143],"class_list":["post-18013","post","type-post","status-publish","format-standard","has-post-thumbnail","hentry","category-expansion","category-internacionalizacion","tag-innovacion"],"_links":{"self":[{"href":"https:\/\/juliancastiblanco.com\/web\/wp-json\/wp\/v2\/posts\/18013","targetHints":{"allow":["GET"]}}],"collection":[{"href":"https:\/\/juliancastiblanco.com\/web\/wp-json\/wp\/v2\/posts"}],"about":[{"href":"https:\/\/juliancastiblanco.com\/web\/wp-json\/wp\/v2\/types\/post"}],"author":[{"embeddable":true,"href":"https:\/\/juliancastiblanco.com\/web\/wp-json\/wp\/v2\/users\/4"}],"replies":[{"embeddable":true,"href":"https:\/\/juliancastiblanco.com\/web\/wp-json\/wp\/v2\/comments?post=18013"}],"version-history":[{"count":5,"href":"https:\/\/juliancastiblanco.com\/web\/wp-json\/wp\/v2\/posts\/18013\/revisions"}],"predecessor-version":[{"id":18019,"href":"https:\/\/juliancastiblanco.com\/web\/wp-json\/wp\/v2\/posts\/18013\/revisions\/18019"}],"wp:featuredmedia":[{"embeddable":true,"href":"https:\/\/juliancastiblanco.com\/web\/wp-json\/wp\/v2\/media\/18014"}],"wp:attachment":[{"href":"https:\/\/juliancastiblanco.com\/web\/wp-json\/wp\/v2\/media?parent=18013"}],"wp:term":[{"taxonomy":"category","embeddable":true,"href":"https:\/\/juliancastiblanco.com\/web\/wp-json\/wp\/v2\/categories?post=18013"},{"taxonomy":"post_tag","embeddable":true,"href":"https:\/\/juliancastiblanco.com\/web\/wp-json\/wp\/v2\/tags?post=18013"}],"curies":[{"name":"wp","href":"https:\/\/api.w.org\/{rel}","templated":true}]}}