{"id":18081,"date":"2024-11-22T10:33:18","date_gmt":"2024-11-22T15:33:18","guid":{"rendered":"https:\/\/socry.co\/?p=18019"},"modified":"2024-11-22T10:33:18","modified_gmt":"2024-11-22T15:33:18","slug":"renueve-su-hogar-con-el-toque-artesanal-y-sostenible-de-althea-estudio","status":"publish","type":"post","link":"https:\/\/juliancastiblanco.com\/web\/renueve-su-hogar-con-el-toque-artesanal-y-sostenible-de-althea-estudio\/","title":{"rendered":"Renueve su Hogar con el Toque Artesanal y Sostenible de Althea Estudio"},"content":{"rendered":"\n<p>\u00bfSue\u00f1a con una renovaci\u00f3n que haga de su hogar un espacio \u00fanico, sostenible y lleno de historia? En un mundo donde los espacios tienden a la uniformidad, su hogar merece ser un reflejo aut\u00e9ntico de su personalidad y valores. En Althea Estudio entendemos que cada hogar tiene su propia narrativa, una historia \u00fanica que merece ser contada a trav\u00e9s del dise\u00f1o y los elementos que lo componen.<\/p>\n\n\n\n<p>Con m\u00e1s de 20 a\u00f1os transformando espacios, hemos perfeccionado el arte de combinar el dise\u00f1o contempor\u00e1neo con la rica tradici\u00f3n artesanal colombiana. Nuestra experiencia nos ha ense\u00f1ado que la verdadera belleza reside en los detalles: en la textura de un tejido elaborado a mano, en el brillo natural de la madera tratada con miel de abejas, en la calidez de los materiales sostenibles. Cada proyecto que emprendemos es una oportunidad para crear no solo un espacio habitable, sino un testimonio vivo de la artesan\u00eda y el dise\u00f1o consciente.<\/p>\n\n\n\n<h2 class=\"wp-block-heading\"><a>Somos Morada: Donde la Tradici\u00f3n se Encuentra con la Innovaci\u00f3n<\/a><\/h2>\n\n\n\n<p>Nos enorgullece presentar Somos Morada, nuestra l\u00ednea exclusiva de mobiliario que fusiona lo mejor del dise\u00f1o contempor\u00e1neo con t\u00e9cnicas artesanales ancestrales:<\/p>\n\n\n\n<p>\u2728 <strong>Materiales Nobles y Sostenibles<\/strong><\/p>\n\n\n\n<ul class=\"wp-block-list\">\n<li>Maderas tratadas con acabados naturales<\/li>\n\n\n\n<li>Protecci\u00f3n con miel de abejas<\/li>\n\n\n\n<li>Acabados en aceite de linaza<\/li>\n\n\n\n<li>F\u00f3rmica de alta calidad<\/li>\n\n\n\n<li>Fibras naturales seleccionadas<\/li>\n<\/ul>\n\n\n\n<p>\ud83e\uddf6 <strong>Arte Textil Tradicional<\/strong><\/p>\n\n\n\n<ul class=\"wp-block-list\">\n<li>Tejidos elaborados en telar horizontal<\/li>\n\n\n\n<li>Creaciones en telar vertical (guanga)<\/li>\n\n\n\n<li>Colaboraci\u00f3n con artesanas ind\u00edgenas del Valle de Sibundoy y Putumayo<\/li>\n\n\n\n<li>Dise\u00f1os \u00fanicos que cuentan historias ancestrales<\/li>\n\n\n\n<li>Fibras naturales que aportan calidez y textura<\/li>\n<\/ul>\n\n\n\n<p><\/p>\n\n\n\n<figure class=\"wp-block-gallery has-nested-images columns-default is-cropped wp-block-gallery-1 is-layout-flex wp-block-gallery-is-layout-flex\">\n<figure class=\"wp-block-image size-large\"><img decoding=\"async\" data-id=\"1544\" src=\"https:\/\/experienciasimk.com\/wp-content\/uploads\/2024\/11\/Captura-de-pantalla-2024-11-19-105053.png\" alt=\"\" class=\"wp-image-1544\"\/><\/figure>\n\n\n\n<figure class=\"wp-block-image size-large\"><img decoding=\"async\" data-id=\"1546\" src=\"https:\/\/experienciasimk.com\/wp-content\/uploads\/2024\/11\/Captura-de-pantalla-2024-11-19-105119.png\" alt=\"\" class=\"wp-image-1546\"\/><\/figure>\n\n\n\n<figure class=\"wp-block-image size-large\"><img decoding=\"async\" data-id=\"1545\" src=\"https:\/\/experienciasimk.com\/wp-content\/uploads\/2024\/11\/Captura-de-pantalla-2024-11-19-105158.png\" alt=\"\" class=\"wp-image-1545\"\/><\/figure>\n<\/figure>\n\n\n\n<hr class=\"wp-block-separator has-alpha-channel-opacity is-style-dots\"\/>\n\n\n\n<h2 class=\"wp-block-heading\"><a>Transformamos Cada Espacio de su Hogar<\/a><\/h2>\n\n\n\n<h3 class=\"wp-block-heading\"><a>Zonas Sociales<\/a><\/h3>\n\n\n\n<ul class=\"wp-block-list\">\n<li>Dise\u00f1o de salas personalizadas<\/li>\n\n\n\n<li>Comedores a medida<\/li>\n\n\n\n<li>Espacios de entretenimiento<\/li>\n\n\n\n<li>Mobiliario multifuncional<\/li>\n<\/ul>\n\n\n\n<h3 class=\"wp-block-heading\"><a>Espacios Privados<\/a><\/h3>\n\n\n\n<ul class=\"wp-block-list\">\n<li>Dormitorios con car\u00e1cter \u00fanico<\/li>\n\n\n\n<li>Vestidores optimizados<\/li>\n\n\n\n<li>Estudios y \u00e1reas de trabajo<\/li>\n\n\n\n<li>Mobiliario personalizado<\/li>\n<\/ul>\n\n\n\n<h3 class=\"wp-block-heading\"><a>\u00c1reas de Servicio<\/a><\/h3>\n\n\n\n<ul class=\"wp-block-list\">\n<li>Cocinas funcionales<\/li>\n\n\n\n<li>Zonas de lavander\u00eda<\/li>\n\n\n\n<li>Espacios de almacenamiento<\/li>\n\n\n\n<li>Soluciones de organizaci\u00f3n<\/li>\n<\/ul>\n\n\n\n<h2 class=\"wp-block-heading\"><a>\u00bfPor Qu\u00e9 Elegir una Renovaci\u00f3n con Althea?<\/a><\/h2>\n\n\n\n<p>\ud83c\udf3f <strong>Compromiso con la Sostenibilidad<\/strong><\/p>\n\n\n\n<ul class=\"wp-block-list\">\n<li>Materiales eco-amigables<\/li>\n\n\n\n<li>Procesos responsables<\/li>\n\n\n\n<li>Apoyo a comunidades artesanales<\/li>\n\n\n\n<li>Reducci\u00f3n de huella ambiental<\/li>\n<\/ul>\n\n\n\n<p>\u2728 <strong>Personalizaci\u00f3n Total<\/strong><\/p>\n\n\n\n<ul class=\"wp-block-list\">\n<li>Dise\u00f1os adaptados a su espacio<\/li>\n\n\n\n<li>Mobiliario a medida<\/li>\n\n\n\n<li>Combinaciones \u00fanicas de materiales<\/li>\n\n\n\n<li>Acabados personalizados<\/li>\n<\/ul>\n\n\n\n<p>\ud83c\udfa8 <strong>Dise\u00f1o con Prop\u00f3sito<\/strong><\/p>\n\n\n\n<ul class=\"wp-block-list\">\n<li>Funcionalidad optimizada<\/li>\n\n\n\n<li>Est\u00e9tica contempor\u00e1nea<\/li>\n\n\n\n<li>Elementos artesanales \u00fanicos<\/li>\n\n\n\n<li>Espacios que cuentan historias<\/li>\n<\/ul>\n\n\n\n<h2 class=\"wp-block-heading\"><a>Nuestro Proceso: Del Sue\u00f1o a la Realidad<\/a><\/h2>\n\n\n\n<ol class=\"wp-block-list\">\n<li><strong>Consulta Inicial<\/strong><ol><li>Entendemos sus necesidades<\/li><\/ol><ol><li>Exploramos su estilo<\/li><\/ol>\n<ol class=\"wp-block-list\">\n<li>Evaluamos el espacio<\/li>\n<\/ol>\n<\/li>\n\n\n\n<li><strong>Dise\u00f1o Personalizado<\/strong><ol><li>Propuestas conceptuales<\/li><\/ol><ol><li>Selecci\u00f3n de materiales<\/li><\/ol>\n<ol class=\"wp-block-list\">\n<li>Visualizaci\u00f3n 3D<\/li>\n<\/ol>\n<\/li>\n\n\n\n<li><strong>Creaci\u00f3n Artesanal<\/strong><ol><li>Fabricaci\u00f3n cuidadosa<\/li><\/ol><ol><li>T\u00e9cnicas tradicionales<\/li><\/ol>\n<ol class=\"wp-block-list\">\n<li>Control de calidad<\/li>\n<\/ol>\n<\/li>\n\n\n\n<li><strong>Instalaci\u00f3n Experta<\/strong><ol><li>Montaje profesional<\/li><\/ol><ol><li>Atenci\u00f3n al detalle<\/li><\/ol>\n<ol class=\"wp-block-list\">\n<li>Acabados perfectos<\/li>\n<\/ol>\n<\/li>\n<\/ol>\n\n\n\n<h2 class=\"wp-block-heading\"><a>Proyectos que Inspiran<\/a><\/h2>\n\n\n\n<p>Nuestra experiencia se refleja en transformaciones notables como:<\/p>\n\n\n\n<ul class=\"wp-block-list\">\n<li><strong>Apartamento Alcal\u00e1<\/strong>: Renovaci\u00f3n integral de zona social, ba\u00f1os y cocina<\/li>\n\n\n\n<li><strong>Casa Club Pe\u00f1alisa<\/strong>: Ampliaci\u00f3n y remodelaci\u00f3n completa incluyendo \u00e1reas exteriores<br>( * disponibles en nuestro cat\u00e1logo Residencial)<\/li>\n<\/ul>\n\n\n\n<h2 class=\"wp-block-heading\"><a>El Momento de Transformar su Hogar es Ahora<\/a><\/h2>\n\n\n\n<p>Perm\u00edtanos crear un espacio que refleje su estilo de vida mientras apoya el trabajo artesanal y la sostenibilidad.<\/p>\n\n\n\n<p>\ud83d\udcde <strong>Cont\u00e1ctenos para una consulta personalizada:<\/strong><\/p>\n\n\n\n<ul class=\"wp-block-list\">\n<li>Tel: (+57) 310 688 6791 | (601) 704 3281<\/li>\n\n\n\n<li>Email: <a href=\"mailto:contacto@altheaestudio.com\">contacto@altheaestudio.com<\/a><\/li>\n\n\n\n<li>Ubicaci\u00f3n: Carrera 11 #94A &#8211; 25. Of. 703, Bogot\u00e1<\/li>\n<\/ul>\n\n\n\n<p>Visite <a href=\"http:\/\/www.altheaestudio.com\">www.altheaestudio.com<\/a> y descubra c\u00f3mo podemos transformar su hogar en un espacio \u00fanico que combine dise\u00f1o contempor\u00e1neo con el alma artesanal colombiana.<\/p>\n\n\n\n<p>#Dise\u00f1oDeInteriores #Renovaci\u00f3n #Dise\u00f1oSostenible #ArteTextil #Artesan\u00eda #Colombia #Dise\u00f1oDeEspacios #MobiliarioAMedida #Dise\u00f1oResidencial #Sostenibilidad<a><\/a><\/p>\n\n\n\n<hr class=\"wp-block-separator has-alpha-channel-opacity is-style-dots\"\/>\n\n\n<p style=\"text-align: center;\">IMK Global \u2013 Ingenieros de Marketing ha acompa\u00f1ado m\u00e1s de 150 empresas en Fabricas de Productividad con Gesti\u00f3n Comercial, Transformaci\u00f3n Digital y Sofisticaci\u00f3n, Leer el siguiente Art\u00edculo \u27a1\ufe0f\u27a1\ufe0f\u27a1\ufe0f<\/p>\n<p><a href=\"https:\/\/juliancastiblanco.com\/web\/https-julianc-transformando-empresas-el-impacto-del-programa-fabricas-de-productividad-en-colombia\/\"><img loading=\"lazy\" decoding=\"async\" class=\"wp-image-1192 aligncenter\" src=\"https:\/\/experienciasimk.com\/wp-content\/uploads\/2024\/09\/Buscamos-150-empresas-que-quieran-ser-acompanadas-por-Ingenieros-de-Marketing-en-el-programa-Fabricas-de-Productividad-IMK-Global-1.jpg\" alt=\"\" width=\"706\" height=\"440\" aria-describedby=\"caption-attachment-1192\" \/><\/a><\/p>\n<p>En Colombia, el programa F\u00e1bricas de Productividad liderado por la entidad Colombia Productiva del Ministerio de Comercio, Industria y Turismo, en colaboraci\u00f3n con c\u00e1maras de comercio y consultores especializados, ha estado desempe\u00f1ando un papel crucial en la transformaci\u00f3n digital y el crecimiento de las empresas en todo el pa\u00eds. Este programa ha brindado asistencia t\u00e9cnica y acompa\u00f1amiento para superar los obst\u00e1culos que impiden el desarrollo empresarial y promover la reactivaci\u00f3n econ\u00f3mica. Uno de los aliados destacados en este esfuerzo es Ingenieros de Marketing, una plataforma de conocimiento que acompa\u00f1a a personas, empresas y comunidades en su camino hacia la madurez digital. Juli\u00e1n Castiblanco, fundador de Ingenieros de Marketing y consultor de F\u00e1bricas de Productividad, ha tenido un papel fundamental en este proceso.<\/p>\n<p><!-- \/wp:post-content --><\/p>\n<p><!-- wp:paragraph --><\/p>\n<h3 class=\"wp-block-heading has-text-align-center\" style=\"text-align: center;\"><strong>As\u00ed ayudamos a las empresas<\/strong><\/h3>\n<p><iframe loading=\"lazy\" title=\"As\u00ed acompa\u00f1a IMKGlobal Ingenieros de Marketing a empresas en F\u00e1bricas de Productividad CICLO 6\" src=\"https:\/\/www.youtube.com\/embed\/b-lLMWeQJdk\" width=\"795\" height=\"447\" frameborder=\"0\" allowfullscreen=\"allowfullscreen\"><\/iframe><\/p>\n<p><!-- \/wp:paragraph --><\/p>\n<h4 class=\"wp-block-heading has-text-align-center\"><strong>Lo invitamos a conocer las credenciales de <\/strong><strong>IMK Global-Ingenieros de Marketing<\/strong><\/h4>\n<p><!-- wp:paragraph {\"align\":\"center\"} --><\/p>\n<p><!-- \/wp:paragraph --><\/p>\n<div style=\"position: relative; width: 100%; height: 0; padding-top: 56.2500%; padding-bottom: 0; box-shadow: 0 2px 8px 0 rgba(63,69,81,0.16); margin-top: 1.6em; margin-bottom: 0.9em; overflow: hidden; border-radius: 8px; will-change: transform;\"><iframe style=\"position: absolute; width: 100%; height: 100%; top: 0; left: 0; border: none; padding: 0; margin: 0;\" src=\"https:\/\/www.canva.com\/design\/DAF9gz9bYe8\/vKTPtIeOk0c5VVN5hsrKtg\/view?embed\" allowfullscreen=\"allowfullscreen\">  \n<p><\/p><\/iframe><\/div>\n<p style=\"text-align: center;\"><a href=\"https:\/\/www.canva.com\/design\/DAF9gz9bYe8\/vKTPtIeOk0c5VVN5hsrKtg\/view?utm_content=DAF9gz9bYe8&amp;utm_campaign=designshare&amp;utm_medium=embeds&amp;utm_source=link\" target=\"_blank\" rel=\"noopener\">V4 Credenciales Experiencia IMKglobal Spanish<\/a> de Ingenieros de Marketing<\/p>\n<p class=\"has-text-align-center\">IMK Global \u2013 Ingenieros de Marketing<\/p>\n<p class=\"has-text-align-center\">Su Aliado de Crecimiento en las Am\u00e9ricas<\/p>\n<p class=\"has-text-align-center\">Your Growth Partner in the Am\u00e9ricas<\/p>\n<p class=\"has-text-align-center\"><a href=\"http:\/\/www.imk.global\/\" target=\"_blank\" rel=\"noreferrer noopener\">www.imk.global<\/a><\/p>\n<p><strong>Aportes<\/strong>:<\/p>\n<ul>\n<li>Juli\u00e1n Castiblanco -CEO Ingenieros de Marketing \u2013 IMKGloban<\/li>\n<li>Camilo Fernando Castiblanco \u2013 Chief Growth Officer IMK.Global<\/li>\n<li>Esperanza Herrera \u2013 Social Media Manager Ingenieros de Marketing \u2013 IMKGlobal<\/li>\n<\/ul>\n<p><strong>Editado y mejorado con IA, publicado por Contenidos Digitales de Ingenieros de Marketing IMK Global<\/strong><\/p>\n<p><!-- \/wp:paragraph --><\/p>\n<p><!-- wp:paragraph --><\/p>\n<p><!-- \/wp:paragraph --><\/p>\n<p><!-- wp:pullquote --><\/p>\n<figure class=\"wp-block-pullquote\">\n<blockquote>\n<p><strong>Conoce nuestra RED DE PORTALES que mejoran la visibilidad de tu marca<\/strong><br \/><a href=\"https:\/\/imk.global\/portal-ads\/\">https:\/\/imk.global\/portal-ads\/<\/a><\/p>\n<\/blockquote>\n<\/figure>\n<p><!-- \/wp:pullquote --><\/p>","protected":false},"excerpt":{"rendered":"<p>\u00bfSue\u00f1a con una renovaci\u00f3n que haga de su hogar un espacio \u00fanico, sostenible y lleno de historia? En un mundo donde los espacios tienden a la&#8230;<\/p>\n","protected":false},"author":11,"featured_media":18082,"comment_status":"closed","ping_status":"open","sticky":false,"template":"","format":"standard","meta":{"footnotes":""},"categories":[549,15],"tags":[143,506],"class_list":["post-18081","post","type-post","status-publish","format-standard","has-post-thumbnail","hentry","category-fabricas-de-productividad","category-innovacion","tag-innovacion","tag-tecnologia-2"],"_links":{"self":[{"href":"https:\/\/juliancastiblanco.com\/web\/wp-json\/wp\/v2\/posts\/18081","targetHints":{"allow":["GET"]}}],"collection":[{"href":"https:\/\/juliancastiblanco.com\/web\/wp-json\/wp\/v2\/posts"}],"about":[{"href":"https:\/\/juliancastiblanco.com\/web\/wp-json\/wp\/v2\/types\/post"}],"author":[{"embeddable":true,"href":"https:\/\/juliancastiblanco.com\/web\/wp-json\/wp\/v2\/users\/11"}],"replies":[{"embeddable":true,"href":"https:\/\/juliancastiblanco.com\/web\/wp-json\/wp\/v2\/comments?post=18081"}],"version-history":[{"count":0,"href":"https:\/\/juliancastiblanco.com\/web\/wp-json\/wp\/v2\/posts\/18081\/revisions"}],"wp:featuredmedia":[{"embeddable":true,"href":"https:\/\/juliancastiblanco.com\/web\/wp-json\/wp\/v2\/media\/18082"}],"wp:attachment":[{"href":"https:\/\/juliancastiblanco.com\/web\/wp-json\/wp\/v2\/media?parent=18081"}],"wp:term":[{"taxonomy":"category","embeddable":true,"href":"https:\/\/juliancastiblanco.com\/web\/wp-json\/wp\/v2\/categories?post=18081"},{"taxonomy":"post_tag","embeddable":true,"href":"https:\/\/juliancastiblanco.com\/web\/wp-json\/wp\/v2\/tags?post=18081"}],"curies":[{"name":"wp","href":"https:\/\/api.w.org\/{rel}","templated":true}]}}