{"id":18256,"date":"2025-01-23T15:01:49","date_gmt":"2025-01-23T20:01:49","guid":{"rendered":"https:\/\/socry.co\/?p=18256"},"modified":"2025-01-23T15:01:49","modified_gmt":"2025-01-23T20:01:49","slug":"webinar-impulsa-tu-negocio-con-ia-y-estrategias-digitales-2","status":"publish","type":"post","link":"https:\/\/juliancastiblanco.com\/web\/webinar-impulsa-tu-negocio-con-ia-y-estrategias-digitales-2\/","title":{"rendered":"Webinar \u00abImpulsa tu Negocio con IA y Estrategias Digitales\u00bb"},"content":{"rendered":"\n<p>El pasado 23 de enero de 2025, se llev\u00f3 a cabo el primer Webinar del ciclo organizado por IMK Global, OPRAMS, y Oscar Henao &amp; Asociados, dise\u00f1ada para preparar a gerentes y l\u00edderes empresariales frente a los retos del 2025. La sesi\u00f3n, liderada por Camilo Aponte, experto en mercadeo estrat\u00e9gico y ventas, se centr\u00f3 en c\u00f3mo aprovechar la inteligencia artificial (IA) y el marketing digital para optimizar procesos empresariales y mejorar la competitividad.<\/p>\n\n\n\n<p><strong>Puntos Clave Abordados<\/strong><\/p>\n\n\n\n<ol start=\"1\" class=\"wp-block-list\">\n<li><strong>Importancia de la IA en los negocios<\/strong>:\n<ul class=\"wp-block-list\">\n<li>La inteligencia artificial no reemplazar\u00e1 empleos, sino que optimizar\u00e1 procesos y ayudar\u00e1 a las empresas a ser m\u00e1s \u00e1giles y competitivas.<\/li>\n\n\n\n<li>Se present\u00f3 un enfoque pr\u00e1ctico sobre c\u00f3mo utilizar herramientas como Zappia, Adobe Firefly, y Lambot para tareas espec\u00edficas, desde la creaci\u00f3n de contenidos hasta la automatizaci\u00f3n de procesos.<\/li>\n<\/ul>\n<\/li>\n\n\n\n<li><strong>Estrategias digitales efectivas<\/strong>:\n<ul class=\"wp-block-list\">\n<li>Se introdujo el m\u00e9todo GOALS, que consta de tres pilares:\n<ul class=\"wp-block-list\">\n<li><strong>Visibilizar<\/strong>: Acciones para estar presente en el mercado, utilizando canales digitales estrat\u00e9gicos.<\/li>\n\n\n\n<li><strong>Captar<\/strong>: Convertir la visibilidad en oportunidades comerciales.<\/li>\n\n\n\n<li><strong>Fidelizar<\/strong>: Crear relaciones duraderas no solo con clientes actuales, sino tambi\u00e9n con prospectos.&nbsp;<\/li>\n<\/ul>\n<\/li>\n<\/ul>\n<\/li>\n\n\n\n<li><strong>Uso pr\u00e1ctico de herramientas de IA<\/strong>:\n<ul class=\"wp-block-list\">\n<li>Ejercicios en vivo demostraron c\u00f3mo herramientas de IA pueden generar contenido visual, simplificar comunicaciones, y crear estrategias de marketing personalizadas.<\/li>\n\n\n\n<li>Zappia, por ejemplo, fue utilizada para interpretar fotograf\u00edas y generar insights aplicables a campa\u00f1as publicitarias.<\/li>\n<\/ul>\n<\/li>\n<\/ol>\n\n\n\n<ol start=\"4\" class=\"wp-block-list\">\n<li><strong>Perspectiva del consumo digital en Colombia<\/strong>:\n<ul class=\"wp-block-list\">\n<li>Se destac\u00f3 que Colombia es el cuarto pa\u00eds con mayor consumo de internet, lo que representa una oportunidad clave para empresas que buscan conectar con su p\u00fablico objetivo a trav\u00e9s de estrategias digitales personalizadas.<\/li>\n<\/ul>\n<\/li>\n<\/ol>\n\n\n\n<p><strong>Valor Agregado:<\/strong><\/p>\n\n\n\n<p>Los asistentes conocieron recomendaciones pr\u00e1cticas sobre c\u00f3mo formular preguntas efectivas para maximizar el uso de herramientas de inteligencia artificial, enfoc\u00e1ndose en resultados espec\u00edficos y optimizaci\u00f3n de recursos.<\/p>\n\n\n\n<p><strong>Pr\u00f3ximos Pasos:<\/strong><\/p>\n\n\n\n<p>Se invit\u00f3 a los participantes a registrarse en las pr\u00f3ximas capacitaciones del ciclo:<\/p>\n\n\n\n<ul class=\"wp-block-list\">\n<li><strong>\u00abBlindaje Empresarial para un Crecimiento Sostenible\u00bb<\/strong>. Descubre c\u00f3mo implementar <strong>estrategias de compliance y gesti\u00f3n de riesgos<\/strong> para fortalecer la seguridad y el cumplimiento normativo de tu empresa bajo est\u00e1ndares internacionales.<\/li>\n<\/ul>\n\n\n\n<p>\ud83d\udcc5 30 de enero de 2025<\/p>\n\n\n\n<p>\u23f0 8:00 a 9:30 a.m.<\/p>\n\n\n\n<p>\ud83c\udf99\ufe0f <strong>Ricardo Orjuela<\/strong>, COO de OPRAMS y especialista en auditor\u00eda forense y seguridad corporativa.<\/p>\n\n\n\n<p><strong>Inscripciones<\/strong>\ud83d\udc49<a href=\"https:\/\/share.hsforms.com\/1RMY9C-djRJCQNVhT3r_fcwra4sv\" target=\"_blank\" rel=\"noreferrer noopener\">https:\/\/share.hsforms.com\/1RMY9C-djRJCQNVhT3r_fcwra4sv<\/a><\/p>\n\n\n\n<p><\/p>\n\n\n\n<ul class=\"wp-block-list\">\n<li><strong>\u00abGesti\u00f3n del Talento Humano y Beneficios Tributarios\u00bb<\/strong>.Conoce c\u00f3mo las reformas laborales y los beneficios tributarios pueden optimizar la gesti\u00f3n del talento humano y maximizar recursos.<\/li>\n<\/ul>\n\n\n\n<p>\ud83d\udcc5 6 de febrero de 2025<\/p>\n\n\n\n<p>\u23f0 8:00 a 9:30 a.m.<\/p>\n\n\n\n<p>\ud83c\udf99\ufe0f <strong>Oscar Henao<\/strong>, especialista en Derecho Laboral Empresarial.<\/p>\n\n\n\n<p><strong>Inscripciones<\/strong>\ud83d\udc49 <a href=\"https:\/\/share.hsforms.com\/11tJ8qEneRJa5Ha7WYtJAlAra4sv\" target=\"_blank\" rel=\"noreferrer noopener\">https:\/\/share.hsforms.com\/11tJ8qEneRJa5Ha7WYtJAlAra4sv<\/a><\/p>\n\n\n\n<p><\/p>\n\n\n\n<p>Este primer webinar marc\u00f3 el inicio de una serie de encuentros enfocados en transformaci\u00f3n digital y sostenibilidad empresarial, reforzando el compromiso de las entidades organizadoras en preparar a las empresas para los desaf\u00edos del futuro.<\/p>\n\n\n\n<hr class=\"wp-block-separator has-alpha-channel-opacity is-style-wide\"\/>\n\n\n<p style=\"text-align: center;\">IMK Global \u2013 Ingenieros de Marketing ha acompa\u00f1ado m\u00e1s de 150 empresas en Fabricas de Productividad con Gesti\u00f3n Comercial, Transformaci\u00f3n Digital y Sofisticaci\u00f3n, Leer el siguiente Art\u00edculo \u27a1\ufe0f\u27a1\ufe0f\u27a1\ufe0f<\/p>\n<p><a href=\"https:\/\/juliancastiblanco.com\/web\/https-julianc-transformando-empresas-el-impacto-del-programa-fabricas-de-productividad-en-colombia\/\"><img loading=\"lazy\" decoding=\"async\" class=\"wp-image-1192 aligncenter\" src=\"https:\/\/experienciasimk.com\/wp-content\/uploads\/2024\/09\/Buscamos-150-empresas-que-quieran-ser-acompanadas-por-Ingenieros-de-Marketing-en-el-programa-Fabricas-de-Productividad-IMK-Global-1.jpg\" alt=\"\" width=\"706\" height=\"440\" aria-describedby=\"caption-attachment-1192\" \/><\/a><\/p>\n<p>En Colombia, el programa F\u00e1bricas de Productividad liderado por la entidad Colombia Productiva del Ministerio de Comercio, Industria y Turismo, en colaboraci\u00f3n con c\u00e1maras de comercio y consultores especializados, ha estado desempe\u00f1ando un papel crucial en la transformaci\u00f3n digital y el crecimiento de las empresas en todo el pa\u00eds. Este programa ha brindado asistencia t\u00e9cnica y acompa\u00f1amiento para superar los obst\u00e1culos que impiden el desarrollo empresarial y promover la reactivaci\u00f3n econ\u00f3mica. Uno de los aliados destacados en este esfuerzo es Ingenieros de Marketing, una plataforma de conocimiento que acompa\u00f1a a personas, empresas y comunidades en su camino hacia la madurez digital. Juli\u00e1n Castiblanco, fundador de Ingenieros de Marketing y consultor de F\u00e1bricas de Productividad, ha tenido un papel fundamental en este proceso.<\/p>\n<p><!-- \/wp:post-content --><\/p>\n<p><!-- wp:paragraph --><\/p>\n<h3 class=\"wp-block-heading has-text-align-center\" style=\"text-align: center;\"><strong>As\u00ed ayudamos a las empresas<\/strong><\/h3>\n<p><iframe loading=\"lazy\" title=\"As\u00ed acompa\u00f1a IMKGlobal Ingenieros de Marketing a empresas en F\u00e1bricas de Productividad CICLO 6\" src=\"https:\/\/www.youtube.com\/embed\/b-lLMWeQJdk\" width=\"795\" height=\"447\" frameborder=\"0\" allowfullscreen=\"allowfullscreen\"><\/iframe><\/p>\n<p><!-- \/wp:paragraph --><\/p>\n<h4 class=\"wp-block-heading has-text-align-center\"><strong>Lo invitamos a conocer las credenciales de <\/strong><strong>IMK Global-Ingenieros de Marketing<\/strong><\/h4>\n<p><!-- wp:paragraph {\"align\":\"center\"} --><\/p>\n<p><!-- \/wp:paragraph --><\/p>\n<div style=\"position: relative; width: 100%; height: 0; padding-top: 56.2500%; padding-bottom: 0; box-shadow: 0 2px 8px 0 rgba(63,69,81,0.16); margin-top: 1.6em; margin-bottom: 0.9em; overflow: hidden; border-radius: 8px; will-change: transform;\"><iframe style=\"position: absolute; width: 100%; height: 100%; top: 0; left: 0; border: none; padding: 0; margin: 0;\" src=\"https:\/\/www.canva.com\/design\/DAF9gz9bYe8\/vKTPtIeOk0c5VVN5hsrKtg\/view?embed\" allowfullscreen=\"allowfullscreen\">  \n<p><\/p><\/iframe><\/div>\n<p style=\"text-align: center;\"><a href=\"https:\/\/www.canva.com\/design\/DAF9gz9bYe8\/vKTPtIeOk0c5VVN5hsrKtg\/view?utm_content=DAF9gz9bYe8&amp;utm_campaign=designshare&amp;utm_medium=embeds&amp;utm_source=link\" target=\"_blank\" rel=\"noopener\">V4 Credenciales Experiencia IMKglobal Spanish<\/a> de Ingenieros de Marketing<\/p>\n<p class=\"has-text-align-center\">IMK Global \u2013 Ingenieros de Marketing<\/p>\n<p class=\"has-text-align-center\">Su Aliado de Crecimiento en las Am\u00e9ricas<\/p>\n<p class=\"has-text-align-center\">Your Growth Partner in the Am\u00e9ricas<\/p>\n<p class=\"has-text-align-center\"><a href=\"http:\/\/www.imk.global\/\" target=\"_blank\" rel=\"noreferrer noopener\">www.imk.global<\/a><\/p>\n<p><strong>Aportes<\/strong>:<\/p>\n<ul>\n<li>Juli\u00e1n Castiblanco -CEO Ingenieros de Marketing \u2013 IMKGlobal<\/li>\n<li>Oscar Henao, especialista en Derecho Laboral Empresarial<\/li>\n<li>Ricardo Orjuela, CEO de OPRAMS y especialista en Auditor\u00eda Forense<\/li>\n<li>Camilo Aponte, Director de Mercadeo y Ventas IMK Global Ingenieros de Marketing\u00a0<\/li>\n<li>Esperanza Herrera \u2013 Social Media Manager Ingenieros de Marketing\u00a0 IMKGlobal<\/li>\n<\/ul>\n<p><strong>Publicado por Contenidos Digitales de Ingenieros de Marketing IMK Global<br \/><\/strong><\/p>\n<blockquote>\n<p><strong>Conoce nuestra RED DE PORTALES que mejoran la visibilidad de tu marca<br \/><a href=\"https:\/\/imk.global\/portal-ads\/\">https:\/\/imk.global\/portal-ads\/<\/a><br \/><\/strong><\/p>\n<\/blockquote>","protected":false},"excerpt":{"rendered":"<p>El pasado 23 de enero de 2025, se llev\u00f3 a cabo el primer Webinar del ciclo organizado por IMK Global, OPRAMS, y Oscar Henao &#038; Asociados, dise\u00f1ada&#8230;<\/p>\n","protected":false},"author":4,"featured_media":18257,"comment_status":"closed","ping_status":"open","sticky":false,"template":"","format":"standard","meta":{"footnotes":""},"categories":[15,9],"tags":[516,505],"class_list":["post-18256","post","type-post","status-publish","format-standard","has-post-thumbnail","hentry","category-innovacion","category-tecnologia","tag-inteligenciaartificial","tag-marketingdigital"],"_links":{"self":[{"href":"https:\/\/juliancastiblanco.com\/web\/wp-json\/wp\/v2\/posts\/18256","targetHints":{"allow":["GET"]}}],"collection":[{"href":"https:\/\/juliancastiblanco.com\/web\/wp-json\/wp\/v2\/posts"}],"about":[{"href":"https:\/\/juliancastiblanco.com\/web\/wp-json\/wp\/v2\/types\/post"}],"author":[{"embeddable":true,"href":"https:\/\/juliancastiblanco.com\/web\/wp-json\/wp\/v2\/users\/4"}],"replies":[{"embeddable":true,"href":"https:\/\/juliancastiblanco.com\/web\/wp-json\/wp\/v2\/comments?post=18256"}],"version-history":[{"count":0,"href":"https:\/\/juliancastiblanco.com\/web\/wp-json\/wp\/v2\/posts\/18256\/revisions"}],"wp:featuredmedia":[{"embeddable":true,"href":"https:\/\/juliancastiblanco.com\/web\/wp-json\/wp\/v2\/media\/18257"}],"wp:attachment":[{"href":"https:\/\/juliancastiblanco.com\/web\/wp-json\/wp\/v2\/media?parent=18256"}],"wp:term":[{"taxonomy":"category","embeddable":true,"href":"https:\/\/juliancastiblanco.com\/web\/wp-json\/wp\/v2\/categories?post=18256"},{"taxonomy":"post_tag","embeddable":true,"href":"https:\/\/juliancastiblanco.com\/web\/wp-json\/wp\/v2\/tags?post=18256"}],"curies":[{"name":"wp","href":"https:\/\/api.w.org\/{rel}","templated":true}]}}