{"id":18375,"date":"2025-02-13T15:25:02","date_gmt":"2025-02-13T20:25:02","guid":{"rendered":"https:\/\/socry.co\/?p=18375"},"modified":"2025-02-26T15:20:44","modified_gmt":"2025-02-26T15:20:44","slug":"branding-personal-para-profesionales-construye-una-marca-personal-que-te-abra-puertas","status":"publish","type":"post","link":"https:\/\/juliancastiblanco.com\/web\/branding-personal-para-profesionales-construye-una-marca-personal-que-te-abra-puertas\/","title":{"rendered":"Branding Personal para Profesionales: Construye una marca personal que te abra puertas"},"content":{"rendered":"\r\n<p class=\"has-text-align-center\" style=\"text-align: center;\">Presencial Bogot\u00e1. Cra 13 # 93-40 Piso 4<br \/>Mi\u00e9rcoles 26 de marzo de 2025<br \/>8 horas<br \/>Mi\u00e9rcoles 26 de marzo de 2025 8:00 a.m.<br \/>Mi\u00e9rcoles 26 de marzo de 2025 2025 5:30 p.m.<\/p>\r\n\r\n\r\n\r\n<p class=\"has-text-align-center\" style=\"text-align: center;\">La tarifa incluye IVA -$360.000<\/p>\r\n\r\n\r\n\r\n<p class=\"has-text-align-center\" style=\"text-align: center;\"><strong>Cierre inscripciones: Mi\u00e9rcoles 19 de marzo de 2025<\/strong><\/p>\r\n\r\n\r\n\r\n<div class=\"wp-block-buttons is-content-justification-center is-layout-flex wp-container-core-buttons-is-layout-16018d1d wp-block-buttons-is-layout-flex\">\r\n<div class=\"wp-block-button\" style=\"text-align: center;\"><a class=\"wp-block-button__link has-luminous-vivid-orange-background-color has-background wp-element-button\"><strong>Aparta tu cupo<\/strong><\/a><\/div>\r\n<\/div>\r\n\r\n\r\n\r\n<p>&nbsp;<\/p>\r\n\r\n\r\n\r\n<h2 class=\"wp-block-heading has-text-align-center\">Descripci\u00f3n del curso<\/h2>\r\n\r\n\r\n\r\n<p>&nbsp;<\/p>\r\n\r\n\r\n\r\n<p>En un mundo profesional cada vez m\u00e1s digital y competitivo, una marca personal s\u00f3lida es clave para destacar y generar nuevas oportunidades. Este taller pr\u00e1ctico te ense\u00f1ar\u00e1 a gestionar tu imagen profesional, optimizar tu presencia en LinkedIn, desarrollar estrategias de networking efectivas y gestionar tu reputaci\u00f3n online. Aprender\u00e1s a posicionarte como referente en tu industria y a aprovechar las plataformas digitales para potenciar tu desarrollo profesional.<\/p>\r\n\r\n\r\n\r\n<p><strong>Formato:<\/strong>\u00a0Taller pr\u00e1ctico (8 horas)<br \/><strong>Modalidad:<\/strong>\u00a0Presencial<\/p>\r\n\r\n\r\n\r\n<h3 class=\"wp-block-heading\">Porqu\u00e9 tomar este curso<\/h3>\r\n\r\n\r\n\r\n<p class=\"has-small-font-size\"><strong>Diferenciaci\u00f3n profesional:<\/strong>\u00a0Dest\u00e1cate en tu sector con una marca personal aut\u00e9ntica y bien posicionada.<br \/><strong>Networking estrat\u00e9gico:<\/strong>\u00a0Aprende a construir relaciones profesionales de valor y a generar oportunidades de negocio.<br \/><strong>Optimizaci\u00f3n digital:<\/strong>\u00a0Domina LinkedIn y otras plataformas para fortalecer tu presencia y reputaci\u00f3n.<br \/><strong>Metodolog\u00eda pr\u00e1ctica:<\/strong>\u00a0Aplicaci\u00f3n inmediata con ejercicios interactivos, estudios de caso y asesor\u00eda personalizada.<br \/><strong>Aliado experto:<\/strong>\u00a0Curso impartido por\u00a0<strong>IMK Global<\/strong>, empresa l\u00edder en transformaci\u00f3n digital y aceleraci\u00f3n de negocios, con amplia experiencia en estrategias de marketing e innovaci\u00f3n.<\/p>\r\n\r\n\r\n\r\n<h3 class=\"wp-block-heading\"><strong>Al finalizar el curso lograr\u00e1s<\/strong><\/h3>\r\n\r\n\r\n\r\n<ul class=\"wp-block-list\">\r\n<li>Construir una marca personal coherente y alineada con tus objetivos profesionales.\u00a0<\/li>\r\n\r\n\r\n\r\n<li>Optimizar tu perfil en LinkedIn para mejorar visibilidad y oportunidades laborales o comerciales.\u00a0<\/li>\r\n\r\n\r\n\r\n<li>Dise\u00f1ar estrategias de networking efectivas y expandir tu red de contactos de manera inteligente.\u00a0<\/li>\r\n\r\n\r\n\r\n<li>Gestionar tu reputaci\u00f3n online y aprender a posicionarte como referente en tu sector.\u00a0<\/li>\r\n\r\n\r\n\r\n<li>Crear un plan de acci\u00f3n personalizado para mantener y fortalecer tu marca personal a largo plazo.<\/li>\r\n<\/ul>\r\n\r\n\r\n\r\n<h3 class=\"wp-block-heading\"><strong>Nuestra propuesta de valor<\/strong><\/h3>\r\n\r\n\r\n\r\n<ul class=\"wp-block-list\">\r\n<li><strong>Enfoque pr\u00e1ctico y personalizado:\u00a0<\/strong>No solo aprender\u00e1s teor\u00eda, sino que aplicar\u00e1s los conceptos de inmediato con ejercicios reales.\u00a0<\/li>\r\n\r\n\r\n\r\n<li><strong>Metodolog\u00eda innovadora:\u00a0<\/strong>Basada en la experiencia de IMK Global, especialistas en transformaci\u00f3n digital, innovaci\u00f3n y marketing estrat\u00e9gico.\u00a0<\/li>\r\n\r\n\r\n\r\n<li><strong>Acompa\u00f1amiento experto:\u00a0<\/strong>Capacitaci\u00f3n guiada por Juli\u00e1n Castiblanco, CEO de IMK Global, reconocido speaker y experto en branding digital.\u00a0<\/li>\r\n\r\n\r\n\r\n<li><strong>Posicionamiento digital efectivo:\u00a0<\/strong>Aprende a destacar en LinkedIn y otras plataformas profesionales con estrategias probadas.\u00a0<\/li>\r\n\r\n\r\n\r\n<li><strong>Oportunidades de crecimiento:\u00a0<\/strong>Potencia tu desarrollo profesional y genera nuevas conexiones clave en tu industria.<\/li>\r\n<\/ul>\r\n\r\n\r\n\r\n<h3 class=\"wp-block-heading\"><strong>A qui\u00e9n va dirigido<\/strong><\/h3>\r\n\r\n\r\n\r\n<ul class=\"wp-block-list\">\r\n<li><strong>Profesionales de cualquier sector<\/strong>\u00a0que buscan fortalecer su presencia digital y mejorar su comunicaci\u00f3n profesional.<\/li>\r\n<\/ul>\r\n\r\n\r\n\r\n<ul class=\"wp-block-list\">\r\n<li><strong>Ejecutivos, gerentes y emprendedores<\/strong>\u00a0interesados en desarrollar su marca personal para potenciar su crecimiento profesional.<\/li>\r\n\r\n\r\n\r\n<li><strong>Consultores y especialistas<\/strong>\u00a0que desean posicionarse como referentes en su industria.<\/li>\r\n<\/ul>\r\n\r\n\r\n\r\n<ul class=\"wp-block-list\">\r\n<li><strong>Cualquier persona que quiera destacarse en el \u00e1mbito digital y profesional.<\/strong><\/li>\r\n<\/ul>\r\n\r\n\r\n\r\n<h3 class=\"wp-block-heading\"><strong>Contenido<\/strong><\/h3>\r\n\r\n\r\n\r\n<p><strong>El taller se desarrolla en m\u00f3dulos pr\u00e1cticos que combinan teor\u00eda con aplicaci\u00f3n inmediata:\u00a0<\/strong><\/p>\r\n\r\n\r\n\r\n<ul class=\"wp-block-list\">\r\n<li>M\u00f3dulo 1: Fundamentos del Branding Personal \u2013 Conceptos clave y definici\u00f3n del valor \u00fanico de cada participante.<\/li>\r\n\r\n\r\n\r\n<li>M\u00f3dulo 2: Optimizaci\u00f3n del Perfil en LinkedIn \u2013 Estrategias para mejorar la visibilidad y credibilidad profesional.<\/li>\r\n\r\n\r\n\r\n<li>M\u00f3dulo 3: Networking Efectivo \u2013 Construcci\u00f3n de relaciones estrat\u00e9gicas y herramientas para su gesti\u00f3n.<\/li>\r\n\r\n\r\n\r\n<li>M\u00f3dulo 4: Gesti\u00f3n de Reputaci\u00f3n Online \u2013 T\u00e9cnicas para monitorear y proteger la imagen digital.<\/li>\r\n\r\n\r\n\r\n<li>M\u00f3dulo 5: Plan de Acci\u00f3n Personalizado \u2013 Desarrollo de una estrategia a largo plazo para mantener y fortalecer la marca personal.\u00a0<\/li>\r\n<\/ul>\r\n\r\n\r\n\r\n<h3 class=\"wp-block-heading\"><strong>Metodolog\u00eda<\/strong><\/h3>\r\n\r\n\r\n\r\n<p><strong>Este taller se basa en una combinaci\u00f3n de aprendizaje interactivo, aplicaci\u00f3n pr\u00e1ctica y asesor\u00eda personalizada:<\/strong><\/p>\r\n\r\n\r\n\r\n<ul class=\"wp-block-list\">\r\n<li><strong>Enfoque experiencial<\/strong>: Aprender\u00e1s con ejercicios reales aplicados a tu perfil profesional.<\/li>\r\n\r\n\r\n\r\n<li><strong>Optimizaci\u00f3n en vivo<\/strong>: Mejorar\u00e1s tu perfil en LinkedIn y aplicar\u00e1s estrategias en tiempo real.<\/li>\r\n\r\n\r\n\r\n<li><strong>Casos de estudio<\/strong>: An\u00e1lisis de marcas personales exitosas y estrategias aplicables.<\/li>\r\n\r\n\r\n\r\n<li><strong>Ejercicios de networking<\/strong>: Simulaci\u00f3n de conexiones estrat\u00e9gicas y uso de herramientas digitales.<\/li>\r\n\r\n\r\n\r\n<li><strong>Plan de acci\u00f3n personalizado<\/strong>: Desarrollo de un roadmap para fortalecer tu marca personal a largo plazo.<\/li>\r\n<\/ul>\r\n\r\n\r\n\r\n<p>&nbsp;<\/p>\r\n\r\n\r\n\r\n<h3 class=\"wp-block-heading\"><strong>Certificado<\/strong>:<\/h3>\r\n\r\n\r\n\r\n<p class=\"has-text-align-left\"><strong>Obtendr\u00e1s tu certificado as\u00ed:<\/strong><\/p>\r\n\r\n\r\n\r\n<ul class=\"wp-block-list\">\r\n<li>Participando en el 100% de la sesi\u00f3n presencial.<\/li>\r\n<\/ul>\r\n\r\n\r\n\r\n<h3 class=\"wp-block-heading has-text-align-center\" style=\"text-align: center;\">Informaci\u00f3n facilitadores<\/h3>\r\n\r\n\r\n<div class=\"wp-block-image\">\r\n<figure class=\"aligncenter\"><img decoding=\"async\" class=\"aligncenter\" src=\"https:\/\/ahkacademy.com.co\/wp-content\/uploads\/2025\/01\/Experto_2-279x300.png\" alt=\"Juli\u00e1n Castiblanco\" \/><\/figure>\r\n<\/div>\r\n\r\n\r\n<h5 class=\"wp-block-heading\">\u00a0<\/h5>\r\n<h5 class=\"wp-block-heading has-text-align-center\">Juli\u00e1n Castiblanco. <strong>CEO de Ingenieros de Marketing-Agencia de innovaci\u00f3n<\/strong><\/h5>\r\n\r\n\r\n\r\n\r\n\r\n<p class=\"has-text-align-left\"><strong>Juli\u00e1n Castiblanco <\/strong>es Ingeniero de Mercados, MBA, Life Coach, Experto en Gesti\u00f3n de Cambio, Certificado en Transformaci\u00f3n Digital y Experiencia de Cliente, actualmente estudiante de Maestr\u00edas en Innovaci\u00f3n Educativa y Gerencia de Innovaci\u00f3n.<\/p>\r\n\r\n\r\n\r\n<p>Es CEO de Ingenieros de Marketing, una agencia de innovaci\u00f3n que ayuda a empresas a transformar digitalmente sus negocios. Tambi\u00e9n es autor del libro \u00abMetodolog\u00eda de Maduraci\u00f3n Digital: DeCeroaSapo 12 Principios Infalibles para Vender M\u00e1s\u00bb, y coautor de varios ebooks de marketing digital.<\/p>\r\n\r\n\r\n\r\n<p>Ha impartido cursos y diplomados en Universidades, Sena, gremios, asociaciones y empresas, y ha sido consultor del programa F\u00e1bricas de Productividad del Ministerio de Comercio y 6 C\u00e1maras de Comercio Regionales. Tambi\u00e9n es profesor de maestr\u00eda MBA y especializaciones de Alta Gerencia en universidades.<\/p>\r\n\r\n\r\n\r\n<p>Se especializa en ense\u00f1ar a usar las diferentes herramientas digitales de manera f\u00e1cil y pr\u00e1ctica para acelerar la adopci\u00f3n digital y generaci\u00f3n de oportunidades a partir de ello.<\/p>\r\n\r\n\r\n\r\n<h3 class=\"wp-block-heading has-text-align-center\">En alianza con:<\/h3>\r\n\r\n\r\n\r\n<p class=\"has-text-align-center\">IMKGlobal Ingenieros de Marketing<\/p>\r\n\r\n\r\n\r\n<p class=\"has-text-align-center\">Julian Castiblanco.com<\/p>\r\n\r\n\r\n\r\n<h3 class=\"wp-block-heading has-text-align-center\">Construye una marca personal que te abra puertas \u00a1Inscr\u00edbete y transforma tu presencia profesional para ir m\u00e1s all\u00e1!<\/h3>\r\n\r\n\r\n\r\n<div class=\"wp-block-buttons is-content-justification-center is-layout-flex wp-container-core-buttons-is-layout-16018d1d wp-block-buttons-is-layout-flex\">\r\n<div class=\"wp-block-button\"><a class=\"wp-block-button__link has-luminous-vivid-orange-background-color has-background wp-element-button\" href=\"https:\/\/ahkacademy.com.co\/formulario-de-inscripcion\">Inscr\u00edbete<\/a><\/div>\r\n<\/div>\r\n\r\n\r\n\r\n<p>&nbsp;<\/p>\r\n\r\n\r\n\r\n<h2 class=\"wp-block-heading has-text-align-center\">Descuentos<\/h2>\r\n\r\n\r\n\r\n<p class=\"has-text-align-center\"><strong>10% afiliados<\/strong><\/p>\r\n\r\n\r\n\r\n<p class=\"has-text-align-center\"><strong>Cierre inscripciones Mi\u00e9rcoles 19 de marzo de 2025<\/strong><\/p>\r\n\r\n\r\n\r\n<p>&nbsp;<\/p>\r\n\r\n\r\n\r\n<p>Fuente: <a href=\"https:\/\/ahkacademy.com.co\/product\/branding-personal-para-profesionales\/\">Branding Personal para Profesionales<\/a><\/p>\r\n\r\n\r\n\r\n<p><a href=\"https:\/\/www.instagram.com\/ahkcolombia\/?hl=en\">@ahk<\/a> <a href=\"https:\/\/www.ahkacademy.org\/course\/index.php?categoryid=23\">www.ahkacademy.org<\/a><\/p>\r\n\r\n\r\n\r\n<p>&nbsp;<\/p>\r\n\r\n\r\n\r\n<p>Te puede interesar: <a href=\"https:\/\/experienciasimk.com\/exito-en-los-procesos-de-acompanamiento-especializado-de-imkglobal-ingenieros-de-marketing\/\">Exito en los procesos de Acompa\u00f1amiento Especializado de IMKGlobal Ingenieros de Marketing<\/a><\/p>\r\n<p>&nbsp;<\/p>\r\n\r\n\r\n<hr \/>\r\n<p style=\"text-align: center;\">IMK Global \u2013 Ingenieros de Marketing ha acompa\u00f1ado m\u00e1s de 150 empresas en Fabricas de Productividad con Gesti\u00f3n Comercial, Transformaci\u00f3n Digital y Sofisticaci\u00f3n, Leer el siguiente Art\u00edculo \u27a1\ufe0f\u27a1\ufe0f\u27a1\ufe0f<\/p>\r\n<p><a href=\"https:\/\/juliancastiblanco.com\/web\/https-julianc-transformando-empresas-el-impacto-del-programa-fabricas-de-productividad-en-colombia\/\"><img loading=\"lazy\" decoding=\"async\" class=\"wp-image-1192 aligncenter\" src=\"https:\/\/experienciasimk.com\/wp-content\/uploads\/2024\/09\/Buscamos-150-empresas-que-quieran-ser-acompanadas-por-Ingenieros-de-Marketing-en-el-programa-Fabricas-de-Productividad-IMK-Global-1.jpg\" alt=\"\" width=\"706\" height=\"440\" aria-describedby=\"caption-attachment-1192\" \/><\/a><\/p>\r\n<p>En Colombia, el programa F\u00e1bricas de Productividad liderado por la entidad Colombia Productiva del Ministerio de Comercio, Industria y Turismo, en colaboraci\u00f3n con c\u00e1maras de comercio y consultores especializados, ha estado desempe\u00f1ando un papel crucial en la transformaci\u00f3n digital y el crecimiento de las empresas en todo el pa\u00eds. Este programa ha brindado asistencia t\u00e9cnica y acompa\u00f1amiento para superar los obst\u00e1culos que impiden el desarrollo empresarial y promover la reactivaci\u00f3n econ\u00f3mica. Uno de los extensionistas destacados en este esfuerzo es Ingenieros de Marketing, una plataforma de conocimiento que acompa\u00f1a a personas, empresas y comunidades en su camino hacia la madurez digital. Juli\u00e1n Castiblanco, fundador de Ingenieros de Marketing y consultor de F\u00e1bricas de Productividad, ha tenido un papel fundamental en este proceso.<\/p>\r\n<p><!-- \/wp:post-content --><\/p>\r\n<p><!-- wp:paragraph --><\/p>\r\n<p>&nbsp;<\/p>\r\n<p><!-- \/wp:paragraph --><\/p>\r\n<h4 class=\"wp-block-heading has-text-align-center\" style=\"text-align: center;\"><strong>Lo invitamos a conocer las credenciales de <\/strong><strong>IMK Global-Ingenieros de Marketing<\/strong><\/h4>\r\n<p><!-- wp:paragraph {\"align\":\"center\"} --><\/p>\r\n<p><!-- \/wp:paragraph --><\/p>\r\n<div style=\"position: relative; width: 100%; height: 0; padding-top: 56.2500%; padding-bottom: 0; box-shadow: 0 2px 8px 0 rgba(63,69,81,0.16); margin-top: 1.6em; margin-bottom: 0.9em; overflow: hidden; border-radius: 8px; will-change: transform;\"><iframe style=\"position: absolute; width: 100%; height: 100%; top: 0; left: 0; border: none; padding: 0; margin: 0;\" src=\"https:\/\/www.canva.com\/design\/DAF9gz9bYe8\/vKTPtIeOk0c5VVN5hsrKtg\/view?embed\" allowfullscreen=\"allowfullscreen\">  \r\n<p>&nbsp;<\/p><\/iframe><\/div>\r\n<p style=\"text-align: center;\"><a href=\"https:\/\/www.canva.com\/design\/DAF9gz9bYe8\/vKTPtIeOk0c5VVN5hsrKtg\/view?utm_content=DAF9gz9bYe8&amp;utm_campaign=designshare&amp;utm_medium=embeds&amp;utm_source=link\" target=\"_blank\" rel=\"noopener\">V4 Credenciales Experiencia IMKglobal Spanish<\/a> de Ingenieros de Marketing<\/p>\r\n<p class=\"has-text-align-center\" style=\"text-align: center;\">IMK Global \u2013 Ingenieros de Marketing<\/p>\r\n<p class=\"has-text-align-center\" style=\"text-align: center;\">Su Aliado de Crecimiento en las Am\u00e9ricas<\/p>\r\n<p class=\"has-text-align-center\" style=\"text-align: center;\">Your Growth Partner in the Am\u00e9ricas<\/p>\r\n<p class=\"has-text-align-center\" style=\"text-align: center;\"><a href=\"http:\/\/www.imk.global\/\" target=\"_blank\" rel=\"noreferrer noopener\">www.imk.global<\/a><\/p>\r\n<p><strong>Aportes<\/strong>:<\/p>\r\n<ul>\r\n<li>Juli\u00e1n Castiblanco -CEO Ingenieros de Marketing \u2013 IMKGlobal<\/li>\r\n<li>Camilo Fernando Castiblanco \u2013 Chief Growth Officer IMK.Global<\/li>\r\n<li>Esperanza Herrera \u2013 Social Media Manager Ingenieros de Marketing \u2013 IMKGlobal<\/li>\r\n<\/ul>\r\n<p><strong>Publicado por Contenidos Digitales de Ingenieros de Marketing IMK Global<br \/><\/strong><\/p>\r\n<blockquote>\r\n<p><strong>Conoce nuestra RED DE PORTALES que mejoran la visibilidad de tu marca<br \/><a href=\"https:\/\/imk.global\/portal-ads\/\">https:\/\/imk.global\/portal-ads\/<\/a><br \/><\/strong><\/p>\r\n<\/blockquote>\r\n<p>&nbsp;<\/p>\r\n<p>&nbsp;<\/p>","protected":false},"excerpt":{"rendered":"<p>Presencial Bogot\u00e1. Cra 13 # 93-40 Piso 4Mi\u00e9rcoles 26 de marzo de 20258 horasMi\u00e9rcoles 26 de marzo de 2025 8:00 a.m.Mi\u00e9rcoles 26 de marzo de 2025 2025 5:30 p.m. La [&hellip;]<\/p>\n","protected":false},"author":4,"featured_media":18376,"comment_status":"closed","ping_status":"closed","sticky":false,"template":"","format":"standard","meta":{"footnotes":""},"categories":[547,553],"tags":[143,148],"class_list":["post-18375","post","type-post","status-publish","format-standard","has-post-thumbnail","hentry","category-innovacion-tecnologica","category-marketingdigital","tag-innovacion","tag-tecnologia"],"_links":{"self":[{"href":"https:\/\/juliancastiblanco.com\/web\/wp-json\/wp\/v2\/posts\/18375","targetHints":{"allow":["GET"]}}],"collection":[{"href":"https:\/\/juliancastiblanco.com\/web\/wp-json\/wp\/v2\/posts"}],"about":[{"href":"https:\/\/juliancastiblanco.com\/web\/wp-json\/wp\/v2\/types\/post"}],"author":[{"embeddable":true,"href":"https:\/\/juliancastiblanco.com\/web\/wp-json\/wp\/v2\/users\/4"}],"replies":[{"embeddable":true,"href":"https:\/\/juliancastiblanco.com\/web\/wp-json\/wp\/v2\/comments?post=18375"}],"version-history":[{"count":4,"href":"https:\/\/juliancastiblanco.com\/web\/wp-json\/wp\/v2\/posts\/18375\/revisions"}],"predecessor-version":[{"id":20131,"href":"https:\/\/juliancastiblanco.com\/web\/wp-json\/wp\/v2\/posts\/18375\/revisions\/20131"}],"wp:featuredmedia":[{"embeddable":true,"href":"https:\/\/juliancastiblanco.com\/web\/wp-json\/wp\/v2\/media\/18376"}],"wp:attachment":[{"href":"https:\/\/juliancastiblanco.com\/web\/wp-json\/wp\/v2\/media?parent=18375"}],"wp:term":[{"taxonomy":"category","embeddable":true,"href":"https:\/\/juliancastiblanco.com\/web\/wp-json\/wp\/v2\/categories?post=18375"},{"taxonomy":"post_tag","embeddable":true,"href":"https:\/\/juliancastiblanco.com\/web\/wp-json\/wp\/v2\/tags?post=18375"}],"curies":[{"name":"wp","href":"https:\/\/api.w.org\/{rel}","templated":true}]}}