{"id":18387,"date":"2025-02-14T16:25:12","date_gmt":"2025-02-14T21:25:12","guid":{"rendered":"https:\/\/socry.co\/?p=18387"},"modified":"2025-02-14T16:25:12","modified_gmt":"2025-02-14T21:25:12","slug":"lucha-contra-el-crimen-con-inteligencia-artificial-innovacion-y-desafios-en-america-latina-2","status":"publish","type":"post","link":"https:\/\/juliancastiblanco.com\/web\/lucha-contra-el-crimen-con-inteligencia-artificial-innovacion-y-desafios-en-america-latina-2\/","title":{"rendered":"Lucha contra el crimen con inteligencia artificial: Innovaci\u00f3n y Desaf\u00edos en Am\u00e9rica Latina"},"content":{"rendered":"<p class=\"selectable-text copyable-text x15bjb6t x1n2onr6\" dir=\"ltr\"><span class=\"selectable-text copyable-text false\">En Chile, la IA se utiliza para rastrear fugitivos y personas desaparecidas mediante el reconocimiento de matr\u00edculas vehiculares. En Per\u00fa, c\u00e1maras inteligentes detectan actividades sospechosas en espacios p\u00fablicos. Ecuador, enfrentando un aumento de la violencia relacionada con el narcotr\u00e1fico, implementar\u00e1 un sistema predictivo impulsado por IA para optimizar la asignaci\u00f3n de recursos policiales en \u00e1reas propensas a la violencia.<\/span><\/p>\n\n<h3 class=\"selectable-text copyable-text x15bjb6t x1n2onr6\" dir=\"ltr\"><span class=\"selectable-text copyable-text false\">El rol del BID en la implementaci\u00f3n \u00e9tica de la IA<\/span><\/h3>\n<p class=\"selectable-text copyable-text x15bjb6t x1n2onr6\" dir=\"ltr\"><span class=\"selectable-text copyable-text false\">El Banco Interamericano de Desarrollo (BID) colabora con diversos pa\u00edses para aprovechar el potencial de la IA en la lucha contra el crimen, asegurando al mismo tiempo un uso \u00e9tico y responsable. En Chile, Ecuador y Per\u00fa, el BID apoya la implementaci\u00f3n de programas avanzados de IA para investigar redes criminales complejas, analizando grandes vol\u00famenes de datos relacionados con individuos, activos, transacciones financieras y actividades delictivas transfronterizas.<\/span><\/p>\n<p class=\"selectable-text copyable-text x15bjb6t x1n2onr6\" dir=\"ltr\"><span class=\"selectable-text copyable-text false\">Adem\u00e1s, el BID promueve el uso de la IA y la tecnolog\u00eda satelital para detectar actividades ilegales como la deforestaci\u00f3n y la miner\u00eda, que financian al crimen organizado y da\u00f1an los ecosistemas. A trav\u00e9s de la plataforma fAIrLAC+, se asesora a los gobiernos en la adopci\u00f3n responsable de la IA, garantizando la protecci\u00f3n de los derechos de las personas y su seguridad.<\/span><\/p>\n\n<h3 class=\"selectable-text copyable-text x15bjb6t x1n2onr6\" dir=\"ltr\"><span class=\"selectable-text copyable-text false\">Desaf\u00edos y consideraciones \u00e9ticas<\/span><\/h3>\n<p class=\"selectable-text copyable-text x15bjb6t x1n2onr6\" dir=\"ltr\"><span class=\"selectable-text copyable-text false\">Si bien la IA ofrece herramientas poderosas para mejorar la seguridad, tambi\u00e9n plantea desaf\u00edos en t\u00e9rminos de privacidad y transparencia. Es esencial que su implementaci\u00f3n se realice dentro de marcos legales y \u00e9ticos que protejan los derechos de los ciudadanos. Iniciativas como fAIrLAC+ buscan asegurar que la adopci\u00f3n de la IA en la regi\u00f3n sea \u00e9tica y centrada en el bienestar de la sociedad.<\/span><\/p>\n\n<h3 class=\"selectable-text copyable-text x15bjb6t x1n2onr6\" dir=\"ltr\"><span class=\"selectable-text copyable-text false\">M\u00e1s all\u00e1 de la seguridad: IA para el desarrollo sostenible<\/span><\/h3>\n<p class=\"selectable-text copyable-text x15bjb6t x1n2onr6\" dir=\"ltr\"><span class=\"selectable-text copyable-text false\">El potencial de la IA trasciende la prevenci\u00f3n del crimen. El BID ha respaldado 86 proyectos de IA en la regi\u00f3n, abordando desde la lucha contra la corrupci\u00f3n y la mejora de la calidad del aire urbano hasta la provisi\u00f3n de atenci\u00f3n m\u00e9dica de calidad para personas mayores. Para garantizar la sostenibilidad de estos esfuerzos, el BID ha lanzado un nuevo Marco de IA que se enfoca en tres pilares: instituciones y gobernanza, datos e infraestructura, y habilidades y educaci\u00f3n.<\/span><\/p>\n<p class=\"selectable-text copyable-text x15bjb6t x1n2onr6\" dir=\"ltr\"><span class=\"selectable-text copyable-text false\">As\u00ed que, la IA se est\u00e1 consolidando como una herramienta esencial en la lucha contra el crimen en Am\u00e9rica Latina y el Caribe, ofreciendo soluciones innovadoras para enfrentar desaf\u00edos de seguridad y promoviendo un desarrollo sostenible en la regi\u00f3n.<\/span><\/p>\n&#8212;\n<p class=\"selectable-text copyable-text x15bjb6t x1n2onr6\" dir=\"ltr\"><span class=\"selectable-text copyable-text false\">Fuente: <a href=\"https:\/\/www.iadb.org\/en\/blog\/cracking-crime-ai?utm_source=Email&amp;utm_medium=&amp;utm_campaign=&amp;utm_term=VPS\/DCC\">Lucha contra el crimen con inteligencia artificial <\/a><\/span><\/p>\n<p class=\"selectable-text copyable-text x15bjb6t x1n2onr6\" dir=\"ltr\"><strong><span class=\"selectable-text copyable-text false\">Editado y adaptado con IA por Contenidos digitales de IMKGlobal Ingenieros de Marketing <\/span><\/strong><\/p>\n<p class=\"selectable-text copyable-text x15bjb6t x1n2onr6\" dir=\"ltr\"><span class=\"selectable-text copyable-text false\">Te puede interesar: <a href=\"https:\/\/experienciasimk.com\/exito-en-los-procesos-de-acompanamiento-especializado-de-imkglobal-ingenieros-de-marketing\/\">Exito en los procesos de Acompa\u00f1amiento Especializado de IMKGlobal Ingenieros de Marketing<\/a><\/span><\/p>\n\n\n<hr \/>\n\nIMK Global \u2013 Ingenieros de Marketing ha acompa\u00f1ado m\u00e1s de 150 empresas en Fabricas de Productividad con Gesti\u00f3n Comercial, Transformaci\u00f3n Digital y Sofisticaci\u00f3n, Leer el siguiente Art\u00edculo \u27a1\ufe0f\u27a1\ufe0f\u27a1\ufe0f\n<p style=\"text-align: center;\">&#8230;&#8230;..<\/p>\n<a href=\"https:\/\/juliancastiblanco.com\/web\/https-julianc-transformando-empresas-el-impacto-del-programa-fabricas-de-productividad-en-colombia\/\"><img loading=\"lazy\" decoding=\"async\" class=\"wp-image-1192 aligncenter\" src=\"https:\/\/experienciasimk.com\/wp-content\/uploads\/2024\/09\/Buscamos-150-empresas-que-quieran-ser-acompanadas-por-Ingenieros-de-Marketing-en-el-programa-Fabricas-de-Productividad-IMK-Global-1.jpg\" alt=\"\" width=\"706\" height=\"440\" aria-describedby=\"caption-attachment-1192\" \/><\/a>\n\nEn Colombia, el programa F\u00e1bricas de Productividad liderado por la entidad Colombia Productiva del Ministerio de Comercio, Industria y Turismo, en colaboraci\u00f3n con c\u00e1maras de comercio y consultores especializados, ha estado desempe\u00f1ando un papel crucial en la transformaci\u00f3n digital y el crecimiento de las empresas en todo el pa\u00eds. Este programa ha brindado asistencia t\u00e9cnica y acompa\u00f1amiento para superar los obst\u00e1culos que impiden el desarrollo empresarial y promover la reactivaci\u00f3n econ\u00f3mica. Uno de los aliados destacados en este esfuerzo es Ingenieros de Marketing, una plataforma de conocimiento que acompa\u00f1a a personas, empresas y comunidades en su camino hacia la madurez digital. Juli\u00e1n Castiblanco, fundador de Ingenieros de Marketing y consultor de F\u00e1bricas de Productividad, ha tenido un papel fundamental en este proceso.\n<p style=\"text-align: center;\">&#8230;&#8230;&#8230;&#8230;<\/p>\n<!-- \/wp:post-content -->\n\n<!-- wp:paragraph -->\n<h3 class=\"wp-block-heading has-text-align-center\" style=\"text-align: center;\"><strong>As\u00ed ayudamos a las empresas<\/strong><\/h3>\n<iframe loading=\"lazy\" title=\"As\u00ed acompa\u00f1a IMKGlobal Ingenieros de Marketing a empresas en F\u00e1bricas de Productividad CICLO 6\" src=\"https:\/\/www.youtube.com\/embed\/b-lLMWeQJdk\" width=\"795\" height=\"447\" frameborder=\"0\" allowfullscreen=\"allowfullscreen\"><\/iframe>\n<h4 class=\"wp-block-heading has-text-align-center\">&#8230;&#8230;&#8230;.<\/h4>\n<!-- \/wp:paragraph -->\n<h4 class=\"wp-block-heading has-text-align-center\"><strong>Lo invitamos a conocer las credenciales de <\/strong><strong>IMK Global-Ingenieros de Marketing<\/strong><\/h4>\n<!-- wp:paragraph {\"align\":\"center\"} \/-->\n<div style=\"position: relative; width: 100%; height: 0; padding-top: 56.2500%; padding-bottom: 0; box-shadow: 0 2px 8px 0 rgba(63,69,81,0.16); margin-top: 1.6em; margin-bottom: 0.9em; overflow: hidden; border-radius: 8px; will-change: transform;\"><iframe style=\"position: absolute; width: 100%; height: 100%; top: 0; left: 0; border: none; padding: 0; margin: 0;\" src=\"https:\/\/www.canva.com\/design\/DAF9gz9bYe8\/vKTPtIeOk0c5VVN5hsrKtg\/view?embed\" allowfullscreen=\"allowfullscreen\">\u00a0<\/iframe><\/div>\n<p style=\"text-align: center;\"><a href=\"https:\/\/www.canva.com\/design\/DAF9gz9bYe8\/vKTPtIeOk0c5VVN5hsrKtg\/view?utm_content=DAF9gz9bYe8&amp;utm_campaign=designshare&amp;utm_medium=embeds&amp;utm_source=link\" target=\"_blank\" rel=\"noopener\">V4 Credenciales Experiencia IMKglobal Spanish<\/a> de Ingenieros de Marketing<\/p>\n<p class=\"has-text-align-center\" style=\"text-align: center;\">IMK Global \u2013 Ingenieros de Marketing<\/p>\n<p class=\"has-text-align-center\" style=\"text-align: center;\">Su Aliado de Crecimiento en las Am\u00e9ricas<\/p>\n<p class=\"has-text-align-center\" style=\"text-align: center;\">Your Growth Partner in the Am\u00e9ricas<\/p>\n<p class=\"has-text-align-center\" style=\"text-align: center;\"><a href=\"http:\/\/www.imk.global\/\" target=\"_blank\" rel=\"noreferrer noopener\">www.imk.global<\/a><\/p>\n<strong>Aportes<\/strong>:\n<ul>\n \t<li>Juli\u00e1n Castiblanco -CEO Ingenieros de Marketing \u2013 IMKGlobal<\/li>\n \t<li>Camilo Fernando Castiblanco \u2013 Chief Growth Officer IMK.Global<\/li>\n \t<li>Esperanza Herrera \u2013 Social Media Manager Ingenieros de Marketing \u2013 IMKGlobal<\/li>\n<\/ul>\n<strong>Publicado por Contenidos Digitales de Ingenieros de Marketing IMK Global <\/strong>\n<blockquote><strong>Conoce nuestra RED DE PORTALES que mejoran la visibilidad de tu marca <a href=\"https:\/\/imk.global\/portal-ads\/\">https:\/\/imk.global\/portal-ads\/<\/a> <\/strong><\/blockquote>","protected":false},"excerpt":{"rendered":"<p>En Chile, la IA se utiliza para rastrear fugitivos y personas desaparecidas mediante el reconocimiento de matr\u00edculas vehiculares. En Per\u00fa, c\u00e1maras inteligentes detectan actividades sospechosas en espacios p\u00fablicos. Ecuador, enfrentando un aumento de la violencia relacionada con el narcotr\u00e1fico,<\/p>\n","protected":false},"author":4,"featured_media":18388,"comment_status":"closed","ping_status":"open","sticky":false,"template":"","format":"standard","meta":{"footnotes":""},"categories":[547,525],"tags":[143,506],"class_list":["post-18387","post","type-post","status-publish","format-standard","has-post-thumbnail","hentry","category-innovacion-tecnologica","category-inteligencia-artificial","tag-innovacion","tag-tecnologia-2"],"_links":{"self":[{"href":"https:\/\/juliancastiblanco.com\/web\/wp-json\/wp\/v2\/posts\/18387","targetHints":{"allow":["GET"]}}],"collection":[{"href":"https:\/\/juliancastiblanco.com\/web\/wp-json\/wp\/v2\/posts"}],"about":[{"href":"https:\/\/juliancastiblanco.com\/web\/wp-json\/wp\/v2\/types\/post"}],"author":[{"embeddable":true,"href":"https:\/\/juliancastiblanco.com\/web\/wp-json\/wp\/v2\/users\/4"}],"replies":[{"embeddable":true,"href":"https:\/\/juliancastiblanco.com\/web\/wp-json\/wp\/v2\/comments?post=18387"}],"version-history":[{"count":0,"href":"https:\/\/juliancastiblanco.com\/web\/wp-json\/wp\/v2\/posts\/18387\/revisions"}],"wp:featuredmedia":[{"embeddable":true,"href":"https:\/\/juliancastiblanco.com\/web\/wp-json\/wp\/v2\/media\/18388"}],"wp:attachment":[{"href":"https:\/\/juliancastiblanco.com\/web\/wp-json\/wp\/v2\/media?parent=18387"}],"wp:term":[{"taxonomy":"category","embeddable":true,"href":"https:\/\/juliancastiblanco.com\/web\/wp-json\/wp\/v2\/categories?post=18387"},{"taxonomy":"post_tag","embeddable":true,"href":"https:\/\/juliancastiblanco.com\/web\/wp-json\/wp\/v2\/tags?post=18387"}],"curies":[{"name":"wp","href":"https:\/\/api.w.org\/{rel}","templated":true}]}}