{"id":18400,"date":"2025-02-17T15:33:26","date_gmt":"2025-02-17T20:33:26","guid":{"rendered":"https:\/\/socry.co\/?p=18400"},"modified":"2025-02-25T21:50:30","modified_gmt":"2025-02-25T21:50:30","slug":"colombia-avanza-en-la-regulacion-y-desarrollo-de-la-inteligencia-artificial","status":"publish","type":"post","link":"https:\/\/juliancastiblanco.com\/web\/colombia-avanza-en-la-regulacion-y-desarrollo-de-la-inteligencia-artificial\/","title":{"rendered":"ColombIA Avanza en la Regulaci\u00f3n y Desarrollo de la Inteligencia Artificial"},"content":{"rendered":"\r\n<p>Colomb<strong>IA <\/strong> hoy da un paso importante en la consolidaci\u00f3n de un marco para el desarrollo de la Inteligencia artificial. Con un enfoque integral y multisectorial se establecen m\u00e1s de 100 acciones y un presupuesto amplio para que de aqu\u00ed a 2030 sea una verdadera PotencIA. Es una noticia muy Positiva para el pa\u00eds.<\/p>\r\n\r\n\r\n\r\n<p>Aqu\u00ed hay 10 ideas extra\u00eddas del documento CONPES 4144 sobre la Pol\u00edtica Nacional de Inteligencia Artificial de Colombia:<\/p>\r\n\r\n\r\n\r\n<ul class=\"wp-block-list\">\r\n<li>El objetivo principal de la pol\u00edtica es generar capacidades para la investigaci\u00f3n, el desarrollo, la adopci\u00f3n y el uso \u00e9tico y sostenible de sistemas de IA para impulsar la transformaci\u00f3n social y econ\u00f3mica de Colombia.<\/li>\r\n\r\n\r\n\r\n<li>La pol\u00edtica se estructura en seis ejes estrat\u00e9gicos, incluyendo \u00e9tica y gobernanza, datos e infraestructura, I+D+i, capacidades y talento digital, gesti\u00f3n de riesgos, y el uso y adopci\u00f3n de la IA en diversos sectores.<\/li>\r\n\r\n\r\n\r\n<li>Se identifican bajas capacidades en Colombia para la investigaci\u00f3n, desarrollo, adopci\u00f3n y aprovechamiento \u00e9tico y sostenible de la IA, lo que motiva la necesidad de esta pol\u00edtica.<\/li>\r\n\r\n\r\n\r\n<li>La pol\u00edtica busca <strong>fortalecer la gobernanza de la IA<\/strong>, aplicando principios \u00e9ticos para asegurar un desarrollo y uso responsable de esta tecnolog\u00eda en beneficio del pa\u00eds.<\/li>\r\n\r\n\r\n\r\n<li>Se busca <strong>fortalecer la infraestructura tecnol\u00f3gica y la disponibilidad de datos<\/strong> para fomentar el desarrollo y la adopci\u00f3n de sistemas de IA.<\/li>\r\n\r\n\r\n\r\n<li>Se pretende <strong>impulsar la I+D+i en sistemas de IA<\/strong> para generar capacidades avanzadas en ciencia, tecnolog\u00eda e innovaci\u00f3n.<\/li>\r\n\r\n\r\n\r\n<li>Se planea <strong>desarrollar el talento digital y las capacidades en IA<\/strong> para mejorar las oportunidades de desarrollo personal, empleabilidad y productividad.<\/li>\r\n\r\n\r\n\r\n<li>Se busca <strong>definir medidas para la prevenci\u00f3n y mitigaci\u00f3n de riesgos<\/strong> y efectos no deseados relacionados con los sistemas de IA, para evitar asimetr\u00edas y vulneraciones de derechos.<\/li>\r\n\r\n\r\n\r\n<li>Se quiere <strong>impulsar el uso y la adopci\u00f3n de sistemas de IA<\/strong> en entidades p\u00fablicas, empresas y territorios para contribuir a la prosperidad econ\u00f3mica, el bienestar social y la sostenibilidad ambiental.<\/li>\r\n\r\n\r\n\r\n<li>La implementaci\u00f3n de la pol\u00edtica involucra a<strong><em> varias entidades gubernamentales<\/em><\/strong> y se realizar\u00e1 a trav\u00e9s de un plan de acci\u00f3n con seguimiento. Se espera una inversi\u00f3n total aproximada de 479.273 millones de pesos hasta 2030.nversi\u00f3n total aproximada de 479.273 millones de pesos hasta 2030.<\/li>\r\n<\/ul>\r\n\r\n\r\n\r\n<p>&nbsp;<\/p>\r\n\r\n\r\n\r\n<div class=\"wp-block-buttons is-content-justification-center is-layout-flex wp-container-core-buttons-is-layout-16018d1d wp-block-buttons-is-layout-flex\">\r\n<div class=\"wp-block-button\"><a class=\"wp-block-button__link has-luminous-vivid-orange-background-color has-background wp-element-button\" href=\"https:\/\/colaboracion.dnp.gov.co\/CDT\/Conpes\/Econ%C3%B3micos\/4144.pdf\" target=\"_blank\" rel=\"noreferrer noopener\">Descargar Documento<\/a><\/div>\r\n<\/div>\r\n\r\n\r\n\r\n<p>&nbsp;<\/p>\r\n\r\n\r\n\r\n<figure class=\"wp-block-image\"><img decoding=\"async\" class=\"wp-image-18076\" src=\"https:\/\/ia4all.org\/wp-content\/uploads\/2025\/02\/1727628839082.jpg\" alt=\"\" \/><\/figure>\r\n\r\n\r\n\r\n<p>Fuente: Linkedin de <a href=\"https:\/\/www.linkedin.com\/in\/imarrugoj?miniProfileUrn=urn%3Ali%3Afsd_profile%3AACoAAAOPU_MB-MmMXcEoVrEv9-x4z6FtEzJF48w\">Ivan Dario Marrugo Jimenez<\/a><\/p>\r\n\r\n\r\n\r\n<p><strong>Editado y Adaptado con IA por Contenidos Digitales de IMKGlobal Ingenieros de Marketing<\/strong><\/p>\r\n<p><strong>Publicado por Contenidos Digitales de Ingenieros de Marketing IMK Global<br \/><\/strong><\/p>\r\n<blockquote>\r\n<p>&nbsp;<\/p>\r\n<\/blockquote>\r\n\r\n\r\n<hr class=\"wp-block-separator has-alpha-channel-opacity is-style-wide\" \/>\r\n\r\n\r\n<p>Te puede interesar:\u00a0<a href=\"https:\/\/experienciasimk.com\/exito-en-los-procesos-de-acompanamiento-especializado-de-imkglobal-ingenieros-de-marketing\/\">Exito en los procesos de Acompa\u00f1amiento Especializado de IMKGlobal Ingenieros de Marketing<\/a><\/p>\r\n\r\n\r\n\r\n<p>&nbsp;<\/p>\r\n\r\n<p style=\"text-align: center;\">IMK Global \u2013 Ingenieros de Marketing ha acompa\u00f1ado m\u00e1s de 150 empresas en Fabricas de Productividad con Gesti\u00f3n Comercial, Transformaci\u00f3n Digital y Sofisticaci\u00f3n, Leer el siguiente Art\u00edculo \u27a1\ufe0f\u27a1\ufe0f\u27a1\ufe0f<\/p>\r\n<p><a href=\"https:\/\/juliancastiblanco.com\/web\/https-julianc-transformando-empresas-el-impacto-del-programa-fabricas-de-productividad-en-colombia\/\"><img loading=\"lazy\" decoding=\"async\" class=\"wp-image-1192 aligncenter\" src=\"https:\/\/experienciasimk.com\/wp-content\/uploads\/2024\/09\/Buscamos-150-empresas-que-quieran-ser-acompanadas-por-Ingenieros-de-Marketing-en-el-programa-Fabricas-de-Productividad-IMK-Global-1.jpg\" alt=\"\" width=\"706\" height=\"440\" aria-describedby=\"caption-attachment-1192\" \/><\/a><\/p>\r\n<p>En Colombia, el programa F\u00e1bricas de Productividad liderado por la entidad Colombia Productiva del Ministerio de Comercio, Industria y Turismo, en colaboraci\u00f3n con c\u00e1maras de comercio y consultores especializados, ha estado desempe\u00f1ando un papel crucial en la transformaci\u00f3n digital y el crecimiento de las empresas en todo el pa\u00eds. Este programa ha brindado asistencia t\u00e9cnica y acompa\u00f1amiento para superar los obst\u00e1culos que impiden el desarrollo empresarial y promover la reactivaci\u00f3n econ\u00f3mica. Uno de los extensionistas destacados en este esfuerzo es Ingenieros de Marketing, una plataforma de conocimiento que acompa\u00f1a a personas, empresas y comunidades en su camino hacia la madurez digital. Juli\u00e1n Castiblanco, fundador de Ingenieros de Marketing y consultor de F\u00e1bricas de Productividad, ha tenido un papel fundamental en este proceso.<\/p>\r\n<p>&nbsp;<\/p>\r\n<p><!-- \/wp:post-content --><\/p>\r\n<p><!-- wp:paragraph --><\/p>\r\n<h4 class=\"wp-block-heading has-text-align-center\" style=\"text-align: center;\"><strong>Lo invitamos a conocer las credenciales de <\/strong><strong>IMK Global-Ingenieros de Marketing<\/strong><\/h4>\r\n<p>&nbsp;<\/p>\r\n<p><!-- wp:paragraph {\"align\":\"center\"} --><\/p>\r\n<p><!-- \/wp:paragraph --><\/p>\r\n<div style=\"position: relative; width: 100%; height: 0; padding-top: 56.2500%; padding-bottom: 0; box-shadow: 0 2px 8px 0 rgba(63,69,81,0.16); margin-top: 1.6em; margin-bottom: 0.9em; overflow: hidden; border-radius: 8px; will-change: transform;\"><iframe style=\"position: absolute; width: 100%; height: 100%; top: 0; left: 0; border: none; padding: 0; margin: 0;\" src=\"https:\/\/www.canva.com\/design\/DAF9gz9bYe8\/vKTPtIeOk0c5VVN5hsrKtg\/view?embed\" allowfullscreen=\"allowfullscreen\">  \r\n<p>&nbsp;<\/p><\/iframe><\/div>\r\n<p style=\"text-align: center;\"><a href=\"https:\/\/www.canva.com\/design\/DAF9gz9bYe8\/vKTPtIeOk0c5VVN5hsrKtg\/view?utm_content=DAF9gz9bYe8&amp;utm_campaign=designshare&amp;utm_medium=embeds&amp;utm_source=link\" target=\"_blank\" rel=\"noopener\">V4 Credenciales Experiencia IMKglobal Spanish<\/a> de Ingenieros de Marketing<\/p>\r\n<p class=\"has-text-align-center\">IMK Global \u2013 Ingenieros de Marketing<\/p>\r\n<p class=\"has-text-align-center\">Su Aliado de Crecimiento en las Am\u00e9ricas<\/p>\r\n<p class=\"has-text-align-center\">Your Growth Partner in the Am\u00e9ricas<\/p>\r\n<p class=\"has-text-align-center\"><a href=\"http:\/\/www.imk.global\/\" target=\"_blank\" rel=\"noreferrer noopener\">www.imk.global<\/a><\/p>\r\n<p><strong>Aportes<\/strong>:<\/p>\r\n<ul>\r\n<li>Juli\u00e1n Castiblanco -CEO Ingenieros de Marketing \u2013 IMKGlobal<\/li>\r\n<li>Camilo Fernando Castiblanco \u2013 Chief Growth Officer IMK.Global<\/li>\r\n<li>Esperanza Herrera \u2013 Social Media Manager Ingenieros de Marketing \u2013 IMKGlobal<\/li>\r\n<\/ul>\r\n<blockquote>\r\n<p><strong>Conoce nuestra RED DE PORTALES que mejoran la visibilidad de tu marca<br \/><a href=\"https:\/\/imk.global\/portal-ads\/\">https:\/\/imk.global\/portal-ads\/<\/a><br \/><\/strong><\/p>\r\n<\/blockquote>","protected":false},"excerpt":{"rendered":"<p>ColombIA hoy da un paso importante en la consolidaci\u00f3n de un marco para el desarrollo de la Inteligencia artificial. Con un enfoque integral y multisectoria&#8230;<\/p>\n","protected":false},"author":4,"featured_media":18401,"comment_status":"closed","ping_status":"closed","sticky":false,"template":"","format":"standard","meta":{"footnotes":""},"categories":[796,525,9],"tags":[143,148],"class_list":["post-18400","post","type-post","status-publish","format-standard","has-post-thumbnail","hentry","category-blog","category-inteligencia-artificial","category-tecnologia","tag-innovacion","tag-tecnologia"],"_links":{"self":[{"href":"https:\/\/juliancastiblanco.com\/web\/wp-json\/wp\/v2\/posts\/18400","targetHints":{"allow":["GET"]}}],"collection":[{"href":"https:\/\/juliancastiblanco.com\/web\/wp-json\/wp\/v2\/posts"}],"about":[{"href":"https:\/\/juliancastiblanco.com\/web\/wp-json\/wp\/v2\/types\/post"}],"author":[{"embeddable":true,"href":"https:\/\/juliancastiblanco.com\/web\/wp-json\/wp\/v2\/users\/4"}],"replies":[{"embeddable":true,"href":"https:\/\/juliancastiblanco.com\/web\/wp-json\/wp\/v2\/comments?post=18400"}],"version-history":[{"count":2,"href":"https:\/\/juliancastiblanco.com\/web\/wp-json\/wp\/v2\/posts\/18400\/revisions"}],"predecessor-version":[{"id":20119,"href":"https:\/\/juliancastiblanco.com\/web\/wp-json\/wp\/v2\/posts\/18400\/revisions\/20119"}],"wp:featuredmedia":[{"embeddable":true,"href":"https:\/\/juliancastiblanco.com\/web\/wp-json\/wp\/v2\/media\/18401"}],"wp:attachment":[{"href":"https:\/\/juliancastiblanco.com\/web\/wp-json\/wp\/v2\/media?parent=18400"}],"wp:term":[{"taxonomy":"category","embeddable":true,"href":"https:\/\/juliancastiblanco.com\/web\/wp-json\/wp\/v2\/categories?post=18400"},{"taxonomy":"post_tag","embeddable":true,"href":"https:\/\/juliancastiblanco.com\/web\/wp-json\/wp\/v2\/tags?post=18400"}],"curies":[{"name":"wp","href":"https:\/\/api.w.org\/{rel}","templated":true}]}}