{"id":19577,"date":"2025-07-24T12:44:08","date_gmt":"2025-07-24T17:44:08","guid":{"rendered":"https:\/\/socry.co\/?p=19577"},"modified":"2025-07-24T17:55:48","modified_gmt":"2025-07-24T17:55:48","slug":"inteligencia-artificial-en-el-trabajo-como-avanzan-las-empresas-colombianas-en-su-adopcion","status":"publish","type":"post","link":"https:\/\/juliancastiblanco.com\/web\/inteligencia-artificial-en-el-trabajo-como-avanzan-las-empresas-colombianas-en-su-adopcion\/","title":{"rendered":"Inteligencia Artificial en el Trabajo: \u00bfC\u00f3mo Avanzan las Empresas Colombianas en su Adopci\u00f3n?"},"content":{"rendered":"\r\n<p>La <strong>inteligencia artificial generativa<\/strong> ha dejado de ser una visi\u00f3n futurista para integrarse plenamente en la vida cotidiana y, de manera particular, en el \u00e1mbito laboral. Esta tecnolog\u00eda est\u00e1 redefiniendo la forma en que las empresas operan y toman decisiones, transformando procesos y generando nuevas oportunidades. Sin embargo, en <strong>Colombia<\/strong>, el panorama de su adopci\u00f3n es dual: mientras que <strong>grandes empresas<\/strong> est\u00e1n invirtiendo significativamente y automatizando sus operaciones, una parte considerable de los trabajadores y <strong>peque\u00f1as y medianas empresas (pymes)<\/strong> a\u00fan no se sienten preparados para esta profunda transformaci\u00f3n.<\/p>\r\n\r\n\r\n\r\n<p>El pa\u00eds avanza a dos velocidades. Las compa\u00f1\u00edas l\u00edderes est\u00e1n cosechando beneficios tangibles de la implementaci\u00f3n de IA, mientras que otras apenas inician su camino o enfrentan desaf\u00edos como la falta de infraestructura, talento especializado o claridad sobre el verdadero potencial de esta tecnolog\u00eda. La <strong>transformaci\u00f3n digital<\/strong> en Colombia es desigual, y esto se refleja en la disparidad en la adopci\u00f3n de la IA.<\/p>\r\n\r\n\r\n\r\n<h4 class=\"wp-block-heading\">\u00bfQu\u00e9 Tan Preparadas Est\u00e1n las Empresas Colombianas para la Adopci\u00f3n de IA?<\/h4>\r\n\r\n\r\n\r\n<p>Las expectativas son altas, pero la realidad muestra brechas. Seg\u00fan un informe de <strong>SAP<\/strong>, un prometedor <strong>54% de las organizaciones colombianas planea aumentar su inversi\u00f3n en inteligencia artificial durante 2025<\/strong>, posicionando a Colombia como el tercer pa\u00eds con mayores expectativas de crecimiento en la regi\u00f3n, solo superado por Brasil y M\u00e9xico.<\/p>\r\n\r\n\r\n\r\n<p>Sin embargo, la intenci\u00f3n no siempre se traduce en una preparaci\u00f3n \u00f3ptima. <strong>Darcio Fuentes<\/strong>, gerente t\u00e9cnico de Adecco Colombia, subraya que, aunque existen avances, la preparaci\u00f3n general sigue siendo baja frente a la r\u00e1pida evoluci\u00f3n de las herramientas de IA. El <strong>talento humano<\/strong> es el principal obst\u00e1culo. \u00abHace cinco a\u00f1os ya habl\u00e1bamos de un d\u00e9ficit de 10.000 ingenieros en tecnolog\u00edas clave, y esa brecha solo ha crecido con la demanda actual\u00bb, explica Fuentes.<\/p>\r\n\r\n\r\n\r\n<p>En la misma l\u00ednea, <strong>Stefanie Klinge<\/strong>, directora de transformaci\u00f3n sostenible de Kantar Insights, revela que las empresas, especialmente en \u00e1reas como marketing, a\u00fan califican su propia preparaci\u00f3n con notas bajas: un 4.9 sobre 10 para los l\u00edderes internos y un 5.3 para sus socios estrat\u00e9gicos. Klinge enfatiza que \u00abmuchas organizaciones est\u00e1n experimentando, pero pocas tienen una estrategia clara o capacidades s\u00f3lidas para escalar proyectos de IA\u00bb.<\/p>\r\n\r\n\r\n\r\n<p>A estas preocupaciones se suma el an\u00e1lisis de <strong>Juli\u00e1n Ball\u00e9n<\/strong>, docente y experto en inteligencia artificial, quien recalca que el problema va m\u00e1s all\u00e1 de lo t\u00e9cnico. \u00abMuchos asocian la IA con los chatbots, pero se olvidan de que incluye sistemas de <strong>machine learning, deep learning<\/strong> y procesamiento avanzado de datos. La mayor\u00eda de industrias en Colombia, como servicios y manufactura, est\u00e1n a\u00fan en etapas muy iniciales de implementaci\u00f3n\u00bb, afirma Ball\u00e9n. Para \u00e9l, el pa\u00eds a\u00fan no ha integrado la IA como un \u00abparadigma de \u00e9poca\u00bb. \u00abNo se trata solo de adquirir tecnolog\u00eda, sino de <strong>formar talento, redise\u00f1ar procesos y asumir una cultura que permita entender c\u00f3mo la IA transforma los modelos de negocio<\/strong> y la toma de decisiones\u00bb, a\u00f1ade.<\/p>\r\n\r\n\r\n\r\n<h4 class=\"wp-block-heading\">\u00bfEn Qu\u00e9 Sectores ya Est\u00e1 Funcionando la IA?<\/h4>\r\n\r\n\r\n\r\n<p>A pesar de los desaf\u00edos, la inteligencia artificial ya es parte integral de los procesos diarios en varios sectores colombianos. Es fundamental entender que la IA no reemplaza empleos, sino que transforma la forma en que trabajamos y nos prepara para el futuro.<\/p>\r\n\r\n\r\n\r\n<p>De acuerdo con <strong>SAP<\/strong>, un significativo <strong>70% de las empresas colombianas utiliza inteligencia artificial en \u00e1reas de servicio al cliente<\/strong>. Esto se evidencia principalmente en la personalizaci\u00f3n de la atenci\u00f3n, la automatizaci\u00f3n de respuestas frecuentes y la optimizaci\u00f3n de la gesti\u00f3n de casos, mejorando la experiencia del usuario y la eficiencia operativa.<\/p>\r\n\r\n\r\n\r\n<p>Las \u00e1reas de <strong>marketing y comunicaciones<\/strong> tambi\u00e9n han adoptado fuertemente las herramientas generativas. La IA se utiliza para la creaci\u00f3n de contenido, el an\u00e1lisis de tendencias emergentes y la evaluaci\u00f3n del impacto de campa\u00f1as, permitiendo estrategias m\u00e1s din\u00e1micas y personalizadas. Otros sectores destacados incluyen la <strong>log\u00edstica<\/strong>, donde la IA facilita la trazabilidad de paquetes y la optimizaci\u00f3n de rutas, y las <strong>operaciones<\/strong>, donde ayuda a prever fallos en la cadena productiva y a ajustar procesos para una mayor eficiencia.<\/p>\r\n\r\n\r\n\r\n<h4 class=\"wp-block-heading\">Herramientas de Inteligencia Artificial M\u00e1s Usadas por los Trabajadores<\/h4>\r\n\r\n\r\n\r\n<p>El mercado ofrece una amplia gama de plataformas de IA, cuya adopci\u00f3n var\u00eda seg\u00fan las necesidades espec\u00edficas de cada empresa.<\/p>\r\n\r\n\r\n\r\n<ul class=\"wp-block-list\">\r\n<li>En <strong>marketing y consumo masivo<\/strong>, sobresalen las herramientas de an\u00e1lisis predictivo y evaluaci\u00f3n creativa, como las ofrecidas por Kantar.<\/li>\r\n\r\n\r\n\r\n<li>En <strong>servicio al cliente<\/strong>, los <strong>chatbots con IA conversacional<\/strong>, las plataformas de automatizaci\u00f3n de respuestas y los asistentes virtuales basados en machine learning son las herramientas l\u00edderes, mejorando la inmediatez y precisi\u00f3n de la atenci\u00f3n.<\/li>\r\n\r\n\r\n\r\n<li>En <strong>recursos humanos<\/strong>, la IA est\u00e1 jugando un papel cada vez m\u00e1s crucial. Adecco se\u00f1ala que esta tecnolog\u00eda permite automatizar la creaci\u00f3n de hojas de vida, realizar evaluaciones psicot\u00e9cnicas m\u00e1s precisas e incluso identificar candidatos ideales en bases de datos masivas. Esto se traduce en procesos de selecci\u00f3n m\u00e1s \u00e1giles y certeros, optimizando la gesti\u00f3n del talento.<\/li>\r\n<\/ul>\r\n\r\n\r\n\r\n<h4 class=\"wp-block-heading\">Brechas para la Adopci\u00f3n de la IA<\/h4>\r\n\r\n\r\n\r\n<p>Las organizaciones colombianas se enfrentan al reto de transformar su mentalidad, sus m\u00e9todos de trabajo y la formaci\u00f3n de sus equipos. La <strong>IA ya est\u00e1 remodelando el mundo laboral<\/strong>, y el verdadero desaf\u00edo radica en lograr que esta transformaci\u00f3n se d\u00e9 de manera equitativa y sostenible, impactando positivamente la realidad productiva del pa\u00eds en su conjunto. La superaci\u00f3n de estas brechas no solo implica una inversi\u00f3n tecnol\u00f3gica, sino tambi\u00e9n un cambio cultural y una fuerte apuesta por el desarrollo del talento humano.<\/p>\r\n\r\n\r\n\r\n<p><strong>Fuente: <\/strong><a href=\"https:\/\/www.elcolombiano.com\/empleos\/contenidos\/uso-inteligencia-artificial-trabajo-empresas-colombia-DJ28121165\">www.elcolombiano.com\/empleos\/contenidos\/<\/a><\/p>\r\n\r\n\r\n\r\n<p>En este escenario de transformaci\u00f3n digital, <strong>Juli\u00e1n Castiblanco<\/strong> e <strong>IMK Global<\/strong> se destacan por su papel importante en el acompa\u00f1amiento y capacitaci\u00f3n de equipos de trabajo en todos los niveles. Con una gran experiencia en la implementaci\u00f3n de tecnolog\u00edas emergentes, han sido fundamentales para que diversas empresas colombianas no solo comprendan el impacto de la <strong>inteligencia artificial <\/strong>, sino que tambi\u00e9n la integren de manera efectiva en sus operaciones diarias. Su labor ha permitido que la IA, que ya no es una visi\u00f3n futurista sino una realidad palpable, se convierta en una herramienta estrat\u00e9gica que redefine procesos, optimiza la toma de decisiones y abre nuevas oportunidades de negocio, impulsando as\u00ed la competitividad y la innovaci\u00f3n en el tejido empresarial del pa\u00eds.<\/p>\r\n\r\n\r\n\r\n<div class=\"wp-block-buttons is-content-justification-center is-layout-flex wp-container-core-buttons-is-layout-16018d1d wp-block-buttons-is-layout-flex\">\r\n<div class=\"wp-block-button\"><a class=\"wp-block-button__link has-vivid-red-background-color has-background has-small-font-size has-custom-font-size wp-element-button\" href=\"https:\/\/wa.me\/573006398181\"><strong>Contacto<\/strong><\/a><\/div>\r\n<\/div>\r\n\r\n<p>Editado con IA Notebook LM y Gemini IA, publicado por Contenidos Digitales de IMK Global Ingenieros de Marketing<\/p>\r\n<p>Te puede interesar:\u00a0<a href=\"https:\/\/experienciasimk.com\/exito-en-los-procesos-de-acompanamiento-especializado-de-imkglobal-ingenieros-de-marketing\/\" target=\"_blank\" rel=\"noreferrer noopener\">Exito en los procesos de Acompa\u00f1amiento Especializado de IMKGlobal Ingenieros de Marketing<\/a>\u00a0<\/p>\r\n<p><!-- \/wp:post-content --><\/p>\r\n<p><!-- wp:separator {\"className\":\"is-style-dots\"} --><\/p>\r\n<h4 class=\"wp-block-heading has-text-align-center\"><strong>Lo invitamos a conocer las credenciales de <\/strong><strong>IMK Global-Ingenieros de Marketing<\/strong><\/h4>\r\n<div style=\"position: relative; width: 100%; height: 0; padding-top: 56.2500%; padding-bottom: 0; box-shadow: 0 2px 8px 0 rgba(63,69,81,0.16); margin-top: 1.6em; margin-bottom: 0.9em; overflow: hidden; border-radius: 8px; will-change: transform;\"><iframe style=\"position: absolute; width: 100%; height: 100%; top: 0; left: 0; border: none; padding: 0; margin: 0;\" src=\"https:\/\/www.canva.com\/design\/DAF9gz9bYe8\/vKTPtIeOk0c5VVN5hsrKtg\/view?embed\" allowfullscreen=\"allowfullscreen\">    \r\n<p>&nbsp;<\/p><\/iframe><\/div>\r\n<p style=\"text-align: center;\"><a href=\"https:\/\/www.canva.com\/design\/DAF9gz9bYe8\/vKTPtIeOk0c5VVN5hsrKtg\/view?utm_content=DAF9gz9bYe8&amp;utm_campaign=designshare&amp;utm_medium=embeds&amp;utm_source=link\" target=\"_blank\" rel=\"noopener\">V4 Credenciales Experiencia IMKglobal Spanish<\/a> de Ingenieros de Marketing<\/p>\r\n<p class=\"has-text-align-center\">IMK Global \u2013 Ingenieros de Marketing<\/p>\r\n<p class=\"has-text-align-center\">Su Aliado de Crecimiento en las Am\u00e9ricas<\/p>\r\n<p class=\"has-text-align-center\">Your Growth Partner in the Am\u00e9ricas<\/p>\r\n<p class=\"has-text-align-center\"><a href=\"http:\/\/www.imk.global\/\" target=\"_blank\" rel=\"noreferrer noopener\">www.imk.global<\/a><\/p>\r\n<h3>\u00a0<\/h3>\r\n<h4 class=\"entry-title\" style=\"text-align: center;\">Avatar Juli\u00e1n Castiblanco<\/h4>\r\n<p><!-- wp:video {\"id\":18823} --><\/p>\r\n<figure class=\"wp-block-video\"><video src=\"https:\/\/ia4all.org\/wp-content\/uploads\/2025\/06\/Avatar-Julian-1.mp4\" controls=\"controls\" width=\"300\" height=\"150\"><\/video>\r\n<figcaption class=\"wp-element-caption\">En la vanguardia de la innovaci\u00f3n digital, la tecnolog\u00eda, el uso y ense\u00f1anza de la IA convergen de manera interactiva. Recientemente, Juli\u00e1n Castiblanco, el mejor profe de IA, ha explorado el uso de avatares de IA en sus presentaciones, abriendo una brecha sobre el futuro de las actuaciones en vivo y la interacci\u00f3n art\u00edstica. Promueve la visi\u00f3n de <strong><a href=\"http:\/\/soyavatar.co\/\">SoyAvatar.co<\/a><\/strong>. plataforma est\u00e1 dise\u00f1ada precisamente para permitir a creadores y empresas desarrollar sus propios avatares de IA personalizados.<\/figcaption>\r\n<\/figure>\r\n<p><!-- \/wp:video --><\/p>\r\n<p><!-- wp:paragraph --><\/p>\r\n<p><!-- \/wp:paragraph --><\/p>\r\n<p><!-- wp:heading {\"textAlign\":\"center\",\"level\":3} --><\/p>\r\n<h4 class=\"wp-block-heading has-text-align-center\"><strong>IMK Global: Su Puente Estrat\u00e9gico hacia el Mercado Estadounidense<\/strong><\/h4>\r\n<p><!-- \/wp:heading --><\/p>\r\n<p><!-- wp:image {\"lightbox\":{\"enabled\":false},\"id\":19657,\"width\":\"723px\",\"height\":\"auto\",\"sizeSlug\":\"full\",\"linkDestination\":\"custom\",\"align\":\"center\"} --><\/p>\r\n<figure class=\"wp-block-image aligncenter size-full is-resized\"><a href=\"https:\/\/imk.global\/imk-global-su-puente-estrategico-hacia-el-mercado-estadounidense\"><img decoding=\"async\" class=\"wp-image-19657\" style=\"width: 723px; height: auto;\" src=\"https:\/\/ingenierosdemarketing.com.co\/wp-content\/uploads\/2025\/03\/IMK-Global-Su-Puente-Estrategico-IngenierosdeMarketingImkglobal.jpeg\" alt=\"\" \/><\/a>\r\n<figcaption class=\"wp-element-caption\">En el entorno empresarial actual, la expansi\u00f3n internacional es una necesidad estrat\u00e9gica. Sin embargo, ingresar al mercado estadounidense puede ser un reto debido a la competencia, las diferencias culturales y el desconocimiento de la marca.<br \/>Soluciones Integrales para su Visibilidad Internacional<\/figcaption>\r\n<\/figure>\r\n<p><!-- \/wp:image --><\/p>\r\n<p><!-- wp:paragraph --><\/p>\r\n<p><strong>Aportes<\/strong>:<\/p>\r\n<p><!-- \/wp:paragraph --><\/p>\r\n<p><!-- wp:list --><\/p>\r\n<ul class=\"wp-block-list\">\r\n<li style=\"list-style-type: none;\">\r\n<ul class=\"wp-block-list\"><!-- wp:list-item -->\r\n<li>Juli\u00e1n Castiblanco -CEO IMK GlobalIngenieros de Marketing \u2013<\/li>\r\n<li>Camilo Fernando Castiblanco \u2013 Chief Growth Officer IMK.Global<\/li>\r\n<li>Esperanza Herrera \u2013 Social Media Manager \u2013 IMK Global Ingenieros de Marketing<\/li>\r\n<\/ul>\r\n<\/li>\r\n<\/ul>\r\n<p><!-- \/wp:list-item --><\/p>\r\n<p><!-- wp:list-item --><\/p>\r\n<p class=\"has-text-align-center has-medium-font-size\"><strong>Conoce nuestra RED DE PORTALES que mejoran la visibilidad de tu marca<br \/><a href=\"https:\/\/imk.global\/portal-ads\/\">https:\/\/imk.global\/portal-ads\/<\/a><\/strong><\/p>\r\n<p>&nbsp;<\/p>\r\n<p>&nbsp;<\/p>\r\n<p><!-- \/wp:list-item --><\/p>\r\n<!-- \/wp:list -->","protected":false},"excerpt":{"rendered":"<p>La inteligencia artificial generativa ha dejado de ser una visi\u00f3n futurista para integrarse plenamente en la vida cotidiana y, de manera particular, en el \u00e1mbito laboral. Esta tecnolog\u00eda est\u00e1 redefiniendo [&hellip;]<\/p>\n","protected":false},"author":4,"featured_media":19578,"comment_status":"closed","ping_status":"closed","sticky":false,"template":"","format":"standard","meta":{"footnotes":""},"categories":[526,525],"tags":[941,516,361],"class_list":["post-19577","post","type-post","status-publish","format-standard","has-post-thumbnail","hentry","category-exito-empresarial","category-inteligencia-artificial","tag-empresas-colombianas","tag-inteligenciaartificial","tag-pymes"],"_links":{"self":[{"href":"https:\/\/juliancastiblanco.com\/web\/wp-json\/wp\/v2\/posts\/19577","targetHints":{"allow":["GET"]}}],"collection":[{"href":"https:\/\/juliancastiblanco.com\/web\/wp-json\/wp\/v2\/posts"}],"about":[{"href":"https:\/\/juliancastiblanco.com\/web\/wp-json\/wp\/v2\/types\/post"}],"author":[{"embeddable":true,"href":"https:\/\/juliancastiblanco.com\/web\/wp-json\/wp\/v2\/users\/4"}],"replies":[{"embeddable":true,"href":"https:\/\/juliancastiblanco.com\/web\/wp-json\/wp\/v2\/comments?post=19577"}],"version-history":[{"count":2,"href":"https:\/\/juliancastiblanco.com\/web\/wp-json\/wp\/v2\/posts\/19577\/revisions"}],"predecessor-version":[{"id":20967,"href":"https:\/\/juliancastiblanco.com\/web\/wp-json\/wp\/v2\/posts\/19577\/revisions\/20967"}],"wp:featuredmedia":[{"embeddable":true,"href":"https:\/\/juliancastiblanco.com\/web\/wp-json\/wp\/v2\/media\/19578"}],"wp:attachment":[{"href":"https:\/\/juliancastiblanco.com\/web\/wp-json\/wp\/v2\/media?parent=19577"}],"wp:term":[{"taxonomy":"category","embeddable":true,"href":"https:\/\/juliancastiblanco.com\/web\/wp-json\/wp\/v2\/categories?post=19577"},{"taxonomy":"post_tag","embeddable":true,"href":"https:\/\/juliancastiblanco.com\/web\/wp-json\/wp\/v2\/tags?post=19577"}],"curies":[{"name":"wp","href":"https:\/\/api.w.org\/{rel}","templated":true}]}}