{"id":19582,"date":"2025-07-24T16:08:40","date_gmt":"2025-07-24T21:08:40","guid":{"rendered":"https:\/\/socry.co\/?p=19582"},"modified":"2025-07-24T23:18:50","modified_gmt":"2025-07-24T23:18:50","slug":"mediacion-alternativa-de-solucion-de-conflictos-para-colombia-y-america","status":"publish","type":"post","link":"https:\/\/juliancastiblanco.com\/web\/mediacion-alternativa-de-solucion-de-conflictos-para-colombia-y-america\/","title":{"rendered":"Mediaci\u00f3n, alternativa de soluci\u00f3n de conflictos para Colombia y Am\u00e9rica"},"content":{"rendered":"\r\n<p>La mediaci\u00f3n es una de las formas m\u00e1s antiguas de resoluci\u00f3n de conflictos. Podr\u00edamos decir que desde el mismo momento del nacimiento del conflicto surgieron los mediadores para resolver todo tipo de controversias a todos lo niveles. \u00a0\u00a0<\/p>\r\n\r\n\r\n\r\n<p>En la actualidad, los mediadores en Colombia pueden prestar servicios en temas espec\u00edficos del derecho comercial, civil, familiar, penal, laboral, administrativo, policial y escolar. Resulta ser una figura que toma fuerza en el \u00e1mbito nacional, sobre todo en el campo penal, concretamente en temas de justicia restaurativa, de gran trascendencia para la resoluci\u00f3n de los conflictos derivados del proceso de paz con las FARC y la pol\u00edtica actual de Paz Total del Gobierno Nacional.\u00a0 \u00a0\u00a0\u00a0\u00a0<\/p>\r\n\r\n\r\n\r\n<p>La mediaci\u00f3n en nuestro pa\u00eds no tiene una regulaci\u00f3n tan formal como ocurre con la conciliaci\u00f3n; no obstante, existe un ejemplo reglado de mediaci\u00f3n al interior del Estado que resulta interesante. Este punto lo desarrolla el Decreto 2137 de 2015 y su objetivo es que la Agencia Nacional de Defensa Jur\u00eddica del Estado cumpla con la funci\u00f3n de mediar ante cualquier conflicto que surja entre entidades del mismo Estado.<\/p>\r\n\r\n\r\n\r\n<p>Colombia no es la excepci\u00f3n de lo que est\u00e1 ocurriendo en Am\u00e9rica Latina, donde est\u00e1 tomando fuerza el mecanismo de la mediaci\u00f3n. Lo importante es mantener su desarrollo siguiendo par\u00e1metros menos formales, apartados de ritualismos procesales, de tal manera que pueda continuar con su importante funci\u00f3n social. Concretamente, ese rol de la mediaci\u00f3n consiste en educar, desde las escuelas, a ni\u00f1os, padres y familias en la resoluci\u00f3n pac\u00edfica de los conflictos, como eje fundamental para lograr la paz social, sobre todo en pa\u00edses con alta conflictividad como el colombiano.\u00a0<\/p>\r\n\r\n\r\n\r\n<p>As\u00ed, la mediaci\u00f3n y su desarrollo informal deber\u00eda afianzarse en una sociedad a trav\u00e9s de la educaci\u00f3n, como el primer paso de una sociedad que procura solucionar conflictos de distinta naturaleza de manera pac\u00edfica para crear una paz social duradera.<\/p>\r\n\r\n\r\n\r\n<p>En este sentido, no se puede permitir que la mediaci\u00f3n se desgaste siguiendo tendencias que la lleven a un estadio m\u00e1s formal, por ejemplo, para remplazar la conciliaci\u00f3n. La mediaci\u00f3n y la conciliaci\u00f3n cuando adquieren niveles m\u00e1s formales cumplen roles sociales complementarios. De tal manera que se deber\u00eda educar a la sociedad de forma escalonada para resolver sus conflictos directamente y de forma civilizada. En caso de no lograr ese objetivo de manera directa, las personas en disputa deber\u00edan acudir a un mediador de forma voluntaria. Y si estas f\u00f3rmulas no logran la resoluci\u00f3n del conflicto, se podr\u00edan abrir espacios m\u00e1s formales como el de la conciliaci\u00f3n prejudicial y, finalmente, el aparto judicial, que deber\u00eda ser la \u00faltima opci\u00f3n a la que llegue un ciudadano para la resoluci\u00f3n de un conflicto.<\/p>\r\n\r\n\r\n\r\n<p>Las anteriores f\u00f3rmulas de soluci\u00f3n de controversias bien desarrolladas y arraigadas en una sociedad mediante la educaci\u00f3n son la mejor manera de estructurar caminos de desarrollo social, paz y convivencia para una sociedad como la colombiana marcada por el conflicto.\u00a0<\/p>\r\n\r\n\r\n<div class=\"wp-block-image\">\r\n<figure class=\"aligncenter\"><a href=\"https:\/\/fundacionapg.org\/perfil-luis-acersio-g\/\"><img decoding=\"async\" class=\"wp-image-6584\" src=\"https:\/\/fundacionapg.org\/wp-content\/uploads\/2023\/05\/fotos-diplomado-10-150x150.png\" alt=\"\" \/><\/a><\/figure>\r\n<\/div>\r\n\r\n\r\n<p class=\"has-text-align-center\"><em><strong>Luis Arcesio Garc\u00eda Perdomo<\/strong><\/em><\/p>\r\n\r\n\r\n\r\n<p><strong>Fuente: <\/strong><a href=\"https:\/\/fundacionapg.org\/mediacion\/\">https:\/\/fundacionapg.org\/mediacion\/<\/a><\/p>\r\n\r\n\r\n\r\n<p><strong>Publicado por Contenidos Digitales de\u00a0IMK Global\u00a0Ingenieros de Marketing<\/strong><\/p>\r\n\r\n\r\n\r\n<p>&nbsp;<\/p>\r\n\r\n<p>Te puede interesar:\u00a0<a href=\"https:\/\/experienciasimk.com\/exito-en-los-procesos-de-acompanamiento-especializado-de-imkglobal-ingenieros-de-marketing\/\" target=\"_blank\" rel=\"noreferrer noopener\">Exito en los procesos de Acompa\u00f1amiento Especializado de IMKGlobal Ingenieros de Marketing<\/a>\u00a0<\/p>\r\n<p><!-- \/wp:post-content --><\/p>\r\n<p><!-- wp:separator {\"className\":\"is-style-dots\"} --><\/p>\r\n<h4 class=\"wp-block-heading has-text-align-center\"><strong>Lo invitamos a conocer las credenciales de <\/strong><strong>IMK Global-Ingenieros de Marketing<\/strong><\/h4>\r\n<div style=\"position: relative; width: 100%; height: 0; padding-top: 56.2500%; padding-bottom: 0; box-shadow: 0 2px 8px 0 rgba(63,69,81,0.16); margin-top: 1.6em; margin-bottom: 0.9em; overflow: hidden; border-radius: 8px; will-change: transform;\"><iframe style=\"position: absolute; width: 100%; height: 100%; top: 0; left: 0; border: none; padding: 0; margin: 0;\" src=\"https:\/\/www.canva.com\/design\/DAF9gz9bYe8\/vKTPtIeOk0c5VVN5hsrKtg\/view?embed\" allowfullscreen=\"allowfullscreen\">    \r\n<p>&nbsp;<\/p><\/iframe><\/div>\r\n<p style=\"text-align: center;\"><a href=\"https:\/\/www.canva.com\/design\/DAF9gz9bYe8\/vKTPtIeOk0c5VVN5hsrKtg\/view?utm_content=DAF9gz9bYe8&amp;utm_campaign=designshare&amp;utm_medium=embeds&amp;utm_source=link\" target=\"_blank\" rel=\"noopener\">V4 Credenciales Experiencia IMKglobal Spanish<\/a> de Ingenieros de Marketing<\/p>\r\n<p class=\"has-text-align-center\">IMK Global \u2013 Ingenieros de Marketing<\/p>\r\n<p class=\"has-text-align-center\">Su Aliado de Crecimiento en las Am\u00e9ricas<\/p>\r\n<p class=\"has-text-align-center\">Your Growth Partner in the Am\u00e9ricas<\/p>\r\n<p class=\"has-text-align-center\"><a href=\"http:\/\/www.imk.global\/\" target=\"_blank\" rel=\"noreferrer noopener\">www.imk.global<\/a><\/p>\r\n<h3>\u00a0<\/h3>\r\n<h4 class=\"entry-title\" style=\"text-align: center;\">Avatar Juli\u00e1n Castiblanco<\/h4>\r\n<p><!-- wp:video {\"id\":18823} --><\/p>\r\n<figure class=\"wp-block-video\"><video src=\"https:\/\/ia4all.org\/wp-content\/uploads\/2025\/06\/Avatar-Julian-1.mp4\" controls=\"controls\" width=\"300\" height=\"150\"><\/video>\r\n<figcaption class=\"wp-element-caption\">En la vanguardia de la innovaci\u00f3n digital, la tecnolog\u00eda, el uso y ense\u00f1anza de la IA convergen de manera interactiva. Recientemente, Juli\u00e1n Castiblanco, el mejor profe de IA, ha explorado el uso de avatares de IA en sus presentaciones, abriendo una brecha sobre el futuro de las actuaciones en vivo y la interacci\u00f3n art\u00edstica. Promueve la visi\u00f3n de <strong><a href=\"http:\/\/soyavatar.co\/\">SoyAvatar.co<\/a><\/strong>. plataforma est\u00e1 dise\u00f1ada precisamente para permitir a creadores y empresas desarrollar sus propios avatares de IA personalizados.<\/figcaption>\r\n<\/figure>\r\n<p><!-- \/wp:video --><\/p>\r\n<p><!-- wp:paragraph --><\/p>\r\n<p><!-- \/wp:paragraph --><\/p>\r\n<p><!-- wp:heading {\"textAlign\":\"center\",\"level\":3} --><\/p>\r\n<h4 class=\"wp-block-heading has-text-align-center\"><strong>IMK Global: Su Puente Estrat\u00e9gico hacia el Mercado Estadounidense<\/strong><\/h4>\r\n<p><!-- \/wp:heading --><\/p>\r\n<p><!-- wp:image {\"lightbox\":{\"enabled\":false},\"id\":19657,\"width\":\"723px\",\"height\":\"auto\",\"sizeSlug\":\"full\",\"linkDestination\":\"custom\",\"align\":\"center\"} --><\/p>\r\n<figure class=\"wp-block-image aligncenter size-full is-resized\"><a href=\"https:\/\/imk.global\/imk-global-su-puente-estrategico-hacia-el-mercado-estadounidense\"><img decoding=\"async\" class=\"wp-image-19657\" style=\"width: 723px; height: auto;\" src=\"https:\/\/ingenierosdemarketing.com.co\/wp-content\/uploads\/2025\/03\/IMK-Global-Su-Puente-Estrategico-IngenierosdeMarketingImkglobal.jpeg\" alt=\"\" \/><\/a>\r\n<figcaption class=\"wp-element-caption\">En el entorno empresarial actual, la expansi\u00f3n internacional es una necesidad estrat\u00e9gica. Sin embargo, ingresar al mercado estadounidense puede ser un reto debido a la competencia, las diferencias culturales y el desconocimiento de la marca.<br \/>Soluciones Integrales para su Visibilidad Internacional<\/figcaption>\r\n<\/figure>\r\n<p><!-- \/wp:image --><\/p>\r\n<p><!-- wp:paragraph --><\/p>\r\n<p><strong>Aportes<\/strong>:<\/p>\r\n<p><!-- \/wp:paragraph --><\/p>\r\n<p><!-- wp:list --><\/p>\r\n<ul class=\"wp-block-list\">\r\n<li style=\"list-style-type: none;\">\r\n<ul class=\"wp-block-list\"><!-- wp:list-item -->\r\n<li>Juli\u00e1n Castiblanco -CEO IMK GlobalIngenieros de Marketing\u00a0<\/li>\r\n<li>Camilo Fernando Castiblanco \u2013 Chief Growth Officer IMK.Global<\/li>\r\n<li>Esperanza Herrera \u2013 Social Media Manager \u2013 IMK Global Ingenieros de Marketing<\/li>\r\n<\/ul>\r\n<\/li>\r\n<\/ul>\r\n<p><!-- \/wp:list-item --><\/p>\r\n<p><!-- wp:list-item --><\/p>\r\n<p class=\"has-text-align-center has-medium-font-size\"><strong>Conoce nuestra RED DE PORTALES que mejoran la visibilidad de tu marca<br \/><a href=\"https:\/\/imk.global\/portal-ads\/\">https:\/\/imk.global\/portal-ads\/<\/a><\/strong><\/p>\r\n<p>&nbsp;<\/p>\r\n<p>&nbsp;<\/p>\r\n<p><!-- \/wp:list-item --><\/p>\r\n<!-- \/wp:list -->","protected":false},"excerpt":{"rendered":"<p>\u00a0\u00a0<\/p>\n","protected":false},"author":4,"featured_media":19583,"comment_status":"closed","ping_status":"closed","sticky":false,"template":"","format":"standard","meta":{"footnotes":""},"categories":[526],"tags":[975,976],"class_list":["post-19582","post","type-post","status-publish","format-standard","has-post-thumbnail","hentry","category-exito-empresarial","tag-mediacion","tag-solucion-de-conflictoss"],"_links":{"self":[{"href":"https:\/\/juliancastiblanco.com\/web\/wp-json\/wp\/v2\/posts\/19582","targetHints":{"allow":["GET"]}}],"collection":[{"href":"https:\/\/juliancastiblanco.com\/web\/wp-json\/wp\/v2\/posts"}],"about":[{"href":"https:\/\/juliancastiblanco.com\/web\/wp-json\/wp\/v2\/types\/post"}],"author":[{"embeddable":true,"href":"https:\/\/juliancastiblanco.com\/web\/wp-json\/wp\/v2\/users\/4"}],"replies":[{"embeddable":true,"href":"https:\/\/juliancastiblanco.com\/web\/wp-json\/wp\/v2\/comments?post=19582"}],"version-history":[{"count":2,"href":"https:\/\/juliancastiblanco.com\/web\/wp-json\/wp\/v2\/posts\/19582\/revisions"}],"predecessor-version":[{"id":20970,"href":"https:\/\/juliancastiblanco.com\/web\/wp-json\/wp\/v2\/posts\/19582\/revisions\/20970"}],"wp:featuredmedia":[{"embeddable":true,"href":"https:\/\/juliancastiblanco.com\/web\/wp-json\/wp\/v2\/media\/19583"}],"wp:attachment":[{"href":"https:\/\/juliancastiblanco.com\/web\/wp-json\/wp\/v2\/media?parent=19582"}],"wp:term":[{"taxonomy":"category","embeddable":true,"href":"https:\/\/juliancastiblanco.com\/web\/wp-json\/wp\/v2\/categories?post=19582"},{"taxonomy":"post_tag","embeddable":true,"href":"https:\/\/juliancastiblanco.com\/web\/wp-json\/wp\/v2\/tags?post=19582"}],"curies":[{"name":"wp","href":"https:\/\/api.w.org\/{rel}","templated":true}]}}