{"id":19585,"date":"2025-07-24T16:36:36","date_gmt":"2025-07-24T21:36:36","guid":{"rendered":"https:\/\/socry.co\/?p=19585"},"modified":"2025-07-24T16:36:36","modified_gmt":"2025-07-24T21:36:36","slug":"violencias-basadas-en-genero-un-enfoque-desde-la-prevencion","status":"publish","type":"post","link":"https:\/\/juliancastiblanco.com\/web\/violencias-basadas-en-genero-un-enfoque-desde-la-prevencion\/","title":{"rendered":"Violencias basadas en g\u00e9nero, un enfoque desde la prevenci\u00f3n"},"content":{"rendered":"\n<p>Las violencias basadas en el g\u00e9nero son una manifestaci\u00f3n de problem\u00e1ticas arraigadas en la desigualdad y la discriminaci\u00f3n, que afectan a millones de personas en todo el mundo. Es crucial analizar y comprender su profundidad y complejidad, ya que este tipo de violencia engloba un conjunto de comportamientos y pr\u00e1cticas que se dirigen hacia una persona debido a su g\u00e9nero o que afectan de manera desproporcionada a individuos de un g\u00e9nero particular y que son de dif\u00edcil conciliaci\u00f3n.<\/p>\n\n\n\n<h3 class=\"wp-block-heading\"><strong>Las formas de la violencia basada en g\u00e9nero:<\/strong><\/h3>\n\n\n\n<p>Las violencias basadas en g\u00e9nero son mayormente ejercidas sobre mujeres, hombres o personas de g\u00e9nero no conforme, no binario, y pueden verse dentro de las siguientes formas<\/p>\n\n\n\n<p>Violencia dom\u00e9stica: La violencia dom\u00e9stica, es la que ocurre al interior y en la intimidad del hogar, es un problema extendido en muchas partes del mundo. Las estad\u00edsticas pueden variar seg\u00fan la regi\u00f3n, pero a nivel mundial, se estima que una de cada tres mujeres ha experimentado violencia dom\u00e9stica por parte de su pareja o expareja en alg\u00fan momento de su vida.<\/p>\n\n\n\n<p><strong><em>Violencia f\u00edsica:<\/em><\/strong>&nbsp;Comprende actos de agresi\u00f3n f\u00edsica como golpes, bofetadas o cualquier forma de abuso f\u00edsico dirigido a una persona debido a su g\u00e9nero.<\/p>\n\n\n\n<p><em><strong>Violencia sexual:<\/strong><\/em>&nbsp;Involucra actos sexuales no deseados o forzados, como el acoso sexual, la violaci\u00f3n y la explotaci\u00f3n sexual, que ocurren debido al g\u00e9nero de la v\u00edctima.<\/p>\n\n\n\n<p><em><strong>Violencia psicol\u00f3gica:<\/strong><\/em>&nbsp;Incluye el uso de t\u00e1cticas de manipulaci\u00f3n emocional, abuso verbal o intimidaci\u00f3n para ejercer control sobre una persona bas\u00e1ndose en su g\u00e9nero.<\/p>\n\n\n\n<p><em><strong>Violencia econ\u00f3mica:<\/strong><\/em>&nbsp;Se refiere a la restricci\u00f3n del acceso a recursos econ\u00f3micos, como el empleo o la propiedad, con base en el g\u00e9nero, lo que puede hacer que una persona sea econ\u00f3micamente dependiente y vulnerable a la violencia.<\/p>\n\n\n\n<p><em><strong>Mutilaci\u00f3n genital femenina:<\/strong><\/em>&nbsp;Es una pr\u00e1ctica en la que se realiza una cirug\u00eda para alterar o da\u00f1ar los genitales femeninos, sin motivos m\u00e9dicos v\u00e1lidos, y generalmente se lleva a cabo por razones culturales o tradicionales.<\/p>\n\n\n\n<p><em><strong>Matrimonio infantil forzado:<\/strong>&nbsp;<\/em>Consiste en casar a una ni\u00f1a o ni\u00f1o antes de la edad legal del matrimonio, a menudo sin su consentimiento, lo que afecta de manera desproporcionada a las ni\u00f1as.<\/p>\n\n\n\n<p><em><strong>Trata de personas:<\/strong><\/em>&nbsp;La trata de personas con fines que incluyen la explotaci\u00f3n sexual y laboral de personas, muchas de las cuales son mujeres y ni\u00f1as, a menudo como resultado de la vulnerabilidad relacionada con su g\u00e9nero y su posici\u00f3n econ\u00f3mica.<\/p>\n\n\n\n<figure class=\"wp-block-image\"><img decoding=\"async\" src=\"https:\/\/fundacionapg.org\/wp-content\/uploads\/2023\/10\/Yellow-Illustration-Food-Logo-1-150x150.png\" alt=\"\" class=\"wp-image-9208\"\/><\/figure>\n\n\n\n<figure class=\"wp-block-image\"><img decoding=\"async\" src=\"https:\/\/fundacionapg.org\/wp-content\/uploads\/2023\/10\/Colorful-Vibrant-Causes-And-Impacts-Of-Global-Warming-Infographic-Poster-768x1086.png\" alt=\"\" class=\"wp-image-9249\"\/><\/figure>\n\n\n\n<h3 class=\"wp-block-heading\"><strong>Estrategias de Prevenci\u00f3n:<\/strong><\/h3>\n\n\n\n<p>Las violencias basadas en g\u00e9nero son una grave violaci\u00f3n a los derechos humanos y actualmente son una preocupaci\u00f3n global, por lo que su prevenci\u00f3n exige un enfoque integral y coordinado, que involucre instituciones gubernamentales, organizaciones civiles, organizaciones privadas y comunidades, en las que sus esfuerzos est\u00e9n dirigidos a evitar, reducir y eliminar las diversas formas de violencia que afectan a las personas debido a su g\u00e9nero.<\/p>\n\n\n\n<p>Esto implica abordar las causas subyacentes de esta violencia y cambiar actitudes y normas sociales que la perpet\u00faan, por lo que la prevenci\u00f3n de la violencia de g\u00e9nero debe ser un esfuerzo continuo y multidisciplinario, que busque crear un entorno seguro y equitativo para todas las personas, donde prime la educaci\u00f3n, la sensibilizaci\u00f3n, la promoci\u00f3n de la igualdad de g\u00e9nero, la legislaci\u00f3n y pol\u00edticas que apoyen esta direcci\u00f3n, as\u00ed como la capacitaci\u00f3n para profesionales de la salud, la justicia y otros sectores que puedan estar involucrados en la prevenci\u00f3n y respuesta a la violencia de g\u00e9nero.<\/p>\n\n\n\n<h3 class=\"wp-block-heading\"><strong>Algunas estrategias de prevenci\u00f3n clave son:<\/strong><\/h3>\n\n\n\n<p>Educaci\u00f3n y sensibilizaci\u00f3n: Fomentar la igualdad de g\u00e9nero y desafiar los estereotipos a trav\u00e9s de programas educativos, cursos, diplomados y campa\u00f1as de toma de conciencia. Esto implica promover la igualdad de g\u00e9nero y desafiar los estereotipos de g\u00e9nero desde una edad temprana. Las escuelas pueden desempe\u00f1ar un papel crucial en esta \u00e1rea, brindando educaci\u00f3n sobre la igualdad de g\u00e9nero y el respeto mutuo. Las campa\u00f1as de sensibilizaci\u00f3n tambi\u00e9n son efectivas para informar al p\u00fablico sobre los signos de violencia y c\u00f3mo buscar ayuda.<\/p>\n\n\n\n<p><em><strong>Capacitaci\u00f3n:<\/strong><\/em>&nbsp;La capacitaci\u00f3n es esencial para que los profesionales de la salud, funcionarios del sistema judicial, la polic\u00eda y otros sectores puedan identificar y abordar la violencia de g\u00e9nero de manera efectiva mediante programas profesionales, cursos y diplomados de actualizaci\u00f3n. Los profesionales deben estar equipados con las habilidades necesarias para brindar apoyo a las v\u00edctimas. asesorarlas, comprender y anticipar factores de riesgo.<\/p>\n\n\n\n<p><em><strong>Fortalecimiento de la legislaci\u00f3n y pol\u00edticas:<\/strong><\/em>&nbsp;Para prevenir la violencia de g\u00e9nero, es crucial contar con leyes y pol\u00edticas s\u00f3lidas que protejan y reparen a las v\u00edctimas y sancionen a los causantes de los da\u00f1os. Esto incluye leyes contra la violencia dom\u00e9stica, el acoso sexual y otras formas de violencia de g\u00e9nero. Adem\u00e1s, es importante que las pol\u00edticas gubernamentales promuevan activamente la igualdad de g\u00e9nero y la inclusi\u00f3n.<\/p>\n\n\n\n<p><em><strong>Promoci\u00f3n de la igualdad de g\u00e9nero:<\/strong>&nbsp;<\/em>La promoci\u00f3n de la igualdad de g\u00e9nero en todos los aspectos de la sociedad es un paso clave en la prevenci\u00f3n de la violencia de g\u00e9nero. Esto implica eliminar los estereotipos de g\u00e9nero y fomentar la participaci\u00f3n igualitaria de hombres, mujeres y personas diversas en todas las \u00e1reas, desde los \u00e1mbitos laboral, pol\u00edtico y familiar.<\/p>\n\n\n\n<p><em><strong>Intervenci\u00f3n Temprana y Participaci\u00f3n Comunitaria:<\/strong><\/em>&nbsp;La identificaci\u00f3n temprana de se\u00f1ales de violencia de g\u00e9nero es esencial para prevenir que las situaciones empeoren. Los programas de intervenci\u00f3n temprana en escuelas y comunidades pueden ayudar a identificar y abordar problemas antes de que se conviertan en crisis, Involucrando a la comunidad en la prevenci\u00f3n de la violencia de g\u00e9nero a trav\u00e9s de campa\u00f1as, grupos de apoyo y actividades locales.<\/p>\n\n\n\n<p><em><strong>Investigaci\u00f3n y recopilaci\u00f3n de datos:<\/strong><\/em>&nbsp;Obtener datos s\u00f3lidos para comprender mejor la violencia de g\u00e9nero y evaluar la efectividad de las estrategias de prevenci\u00f3n, con el fin de respaldar pol\u00edticas y acciones m\u00e1s eficientes, y conocer aquellos lugares en los que resulta necesario hacer modificaciones y fortalecer las pol\u00edticas, los programas y las instituciones.<\/p>\n\n\n\n<p><em><strong>Apoyo a las v\u00edctimas:<\/strong><\/em>&nbsp;Proporcionar apoyo a las v\u00edctimas de violencia de g\u00e9nero es una parte integral del proceso. Esto incluye servicios de asesoramiento, atenci\u00f3n m\u00e9dica, asistencia legal y refugio seguro para las personas en riesgo. El acceso a estos servicios es fundamental para empoderar a las v\u00edctimas y ayudarlas a reconstruir sus vidas.<\/p>\n\n\n\n<p>La prevenci\u00f3n de violencias basadas en g\u00e9nero es una responsabilidad compartida que involucra a gobiernos, organizaciones no gubernamentales, comunidades y personas individuales. Es un esfuerzo continuo en la lucha por la igualdad de g\u00e9nero y un mundo libre de violencia. Cada uno de nosotros puede desempe\u00f1ar un papel en esta lucha al desafiar los estereotipos de g\u00e9nero, promover la igualdad y apoyar a quienes han sido afectados por la violencia de g\u00e9nero.<\/p>\n\n\n\n<p>Esto requiere esfuerzos continuos para desafiar las estructuras y las relaciones de poder desiguales, promover la igualdad de g\u00e9nero y empoderar a las v\u00edctimas. Desde la Fundaci\u00f3n APG, Paz &amp; Reconciliaci\u00f3n, promovemos servicios, capacitaciones, cursos, diplomados, actualizaciones y acompa\u00f1amiento profesional jur\u00eddico y multidisciplinario desde nuestros centros de conciliaci\u00f3n con enfoque en g\u00e9nero. Es as\u00ed como podemos buscar y aportar a la construcci\u00f3n de un futuro m\u00e1s seguro y equitativo para todos los seres.<\/p>\n\n\n<div class=\"wp-block-image\">\n<figure class=\"aligncenter\"><a href=\"https:\/\/fundacionapg.org\/perfil-joseluna\/\"><img decoding=\"async\" src=\"https:\/\/fundacionapg.org\/wp-content\/uploads\/2023\/09\/Perfil-Jose.png\" alt=\"\" class=\"wp-image-8158\"\/><\/a><\/figure>\n<\/div>\n\n\n<p class=\"has-text-align-center\"><em><strong>Jose Miguel Luna<\/strong><\/em><\/p>\n\n\n\n<p class=\"has-text-align-center\"><em><strong>Equipo APG<\/strong><\/em><\/p>\n\n\n\n<p><p><strong>Fuente:<\/strong> <a href=\"https:\/\/fundacionapg.org\/violencias-basadas-en-\ngenero\/\">https:\/\/fundacionapg.org\/violencias-basadas-en-genero\/<\/a><\/p><\/p>\n\n\n\n<p><strong>Publicado por Contenidos Digitales de\u00a0IMK Global\u00a0Ingenieros de Marketing\u00a0<\/strong>\u00a0<p><br>Te puede interesar:\u00a0<a href=\"https:\/\/experienciasimk.com\/exito-en-los-procesos-de-acompanamiento-especializado-de-imkglobal-ingenieros-de-marketing\/\" target=\"_blank\" rel=\"noreferrer noopener\">Exito en los procesos de Acompa\u00f1amiento Especializado de IMKGlobal Ingenieros de Marketing<\/a>\u00a0<\/p><\/p>\n\n\n<h4 class=\"wp-block-heading has-text-align-center\"><strong>Lo invitamos a conocer las credenciales de <\/strong><strong>IMK Global-Ingenieros de Marketing<\/strong><\/h4>\n<div style=\"position: relative; width: 100%; height: 0; padding-top: 56.2500%; padding-bottom: 0; box-shadow: 0 2px 8px 0 rgba(63,69,81,0.16); margin-top: 1.6em; margin-bottom: 0.9em; overflow: hidden; border-radius: 8px; will-change: transform;\"><iframe style=\"position: absolute; width: 100%; height: 100%; top: 0; left: 0; border: none; padding: 0; margin: 0;\" src=\"https:\/\/www.canva.com\/design\/DAF9gz9bYe8\/vKTPtIeOk0c5VVN5hsrKtg\/view?embed\" allowfullscreen=\"allowfullscreen\">    <\/p>\n<p><\/iframe><\/div>\n<p style=\"text-align: center;\"><a href=\"https:\/\/www.canva.com\/design\/DAF9gz9bYe8\/vKTPtIeOk0c5VVN5hsrKtg\/view?utm_content=DAF9gz9bYe8&amp;utm_campaign=designshare&amp;utm_medium=embeds&amp;utm_source=link\" target=\"_blank\" rel=\"noopener\">V4 Credenciales Experiencia IMKglobal Spanish<\/a> de Ingenieros de Marketing<\/p>\n<p class=\"has-text-align-center\">IMK Global \u2013 Ingenieros de Marketing<\/p>\n<p class=\"has-text-align-center\">Su Aliado de Crecimiento en las Am\u00e9ricas<\/p>\n<p class=\"has-text-align-center\">Your Growth Partner in the Am\u00e9ricas<\/p>\n<p class=\"has-text-align-center\"><a href=\"http:\/\/www.imk.global\/\" target=\"_blank\" rel=\"noreferrer noopener\">www.imk.global<\/a><\/p>\n<h3 class=\"entry-title\" style=\"text-align: center;\">Avatar Juli\u00e1n Castiblanco<\/h3>\n\n\n<figure class=\"wp-block-video\"><video controls src=\"https:\/\/ia4all.org\/wp-content\/uploads\/2025\/06\/Avatar-Julian-1.mp4\"><\/video><figcaption class=\"wp-element-caption\">En la vanguardia de la innovaci\u00f3n digital, la tecnolog\u00eda, el uso y ense\u00f1anza de la IA convergen de manera interactiva. Recientemente, Juli\u00e1n Castiblanco, el mejor profe de IA, ha explorado el uso de avatares de IA en sus presentaciones, abriendo una brecha sobre el futuro de las actuaciones en vivo y la interacci\u00f3n art\u00edstica. Promueve la visi\u00f3n de <strong><a href=\"http:\/\/soyavatar.co\/\">SoyAvatar.co<\/a><\/strong>. plataforma est\u00e1 dise\u00f1ada precisamente para permitir a creadores y empresas desarrollar sus propios avatares de IA personalizados.<\/figcaption><\/figure>\n\n\n\n<p><\/p>\n\n\n\n<h3 class=\"wp-block-heading has-text-align-center\"><strong>IMK Global: Su Puente Estrat\u00e9gico hacia el Mercado Estadounidense<\/strong><\/h3>\n\n\n<div class=\"wp-block-image\">\n<figure class=\"aligncenter size-full is-resized\"><a href=\"https:\/\/imk.global\/imk-global-su-puente-estrategico-hacia-el-mercado-estadounidense\"><img decoding=\"async\" src=\"https:\/\/ingenierosdemarketing.com.co\/wp-content\/uploads\/2025\/03\/IMK-Global-Su-Puente-Estrategico-IngenierosdeMarketingImkglobal.jpeg\" alt=\"\" class=\"wp-image-19657\" style=\"width:723px;height:auto\"\/><\/a><figcaption class=\"wp-element-caption\">En el entorno empresarial actual, la expansi\u00f3n internacional es una necesidad estrat\u00e9gica. Sin embargo, ingresar al mercado estadounidense puede ser un reto debido a la competencia, las diferencias culturales y el desconocimiento de la marca.<br>Soluciones Integrales para su Visibilidad Internacional<\/figcaption><\/figure>\n<\/div>\n\n\n<p><strong>Aportes<\/strong>:<\/p>\n\n\n\n<ul class=\"wp-block-list\">\n<li>Juli\u00e1n Castiblanco -CEO  IMK GlobalIngenieros de Marketing \u2013<\/li>\n\n\n\n<li>Camilo Fernando Castiblanco \u2013 Chief Growth Officer IMK.Global<\/li>\n\n\n\n<li>Esperanza Herrera \u2013 Social Media Manager \u2013 IMK Global Ingenieros de Marketing <\/li>\n<\/ul>\n\n\n\n<p><\/p>\n\n\n\n<p class=\"has-text-align-center has-medium-font-size\"><strong>Conoce nuestra RED DE PORTALES que mejoran la visibilidad de tu marca<br><a href=\"https:\/\/imk.global\/portal-ads\/\">https:\/\/imk.global\/portal-ads\/<\/a><\/strong><\/p>\n\n\n<p><!-- \/wp:post-content --><\/p>","protected":false},"excerpt":{"rendered":"<p>Las violencias basadas en el g\u00e9nero son una manifestaci\u00f3n de problem\u00e1ticas arraigadas en la desigualdad y la discriminaci\u00f3n, que afectan a millones de personas en todo el mundo. Es crucial analizar y comprender su profundidad y complejidad, ya que este tipo de violencia engloba un conjunto de comportamientos y pr\u00e1cticas que se dirigen hacia una persona debido a su g\u00e9nero o que afectan de manera desproporcionada a individuos de un g\u00e9nero particular y que son de dif\u00edcil conciliaci\u00f3n.<\/p>\n","protected":false},"author":4,"featured_media":19586,"comment_status":"closed","ping_status":"open","sticky":false,"template":"","format":"standard","meta":{"footnotes":""},"categories":[526],"tags":[977,978,979],"class_list":["post-19585","post","type-post","status-publish","format-standard","has-post-thumbnail","hentry","category-exito-empresarial","tag-genero","tag-prevencion","tag-violencia"],"_links":{"self":[{"href":"https:\/\/juliancastiblanco.com\/web\/wp-json\/wp\/v2\/posts\/19585","targetHints":{"allow":["GET"]}}],"collection":[{"href":"https:\/\/juliancastiblanco.com\/web\/wp-json\/wp\/v2\/posts"}],"about":[{"href":"https:\/\/juliancastiblanco.com\/web\/wp-json\/wp\/v2\/types\/post"}],"author":[{"embeddable":true,"href":"https:\/\/juliancastiblanco.com\/web\/wp-json\/wp\/v2\/users\/4"}],"replies":[{"embeddable":true,"href":"https:\/\/juliancastiblanco.com\/web\/wp-json\/wp\/v2\/comments?post=19585"}],"version-history":[{"count":1,"href":"https:\/\/juliancastiblanco.com\/web\/wp-json\/wp\/v2\/posts\/19585\/revisions"}],"predecessor-version":[{"id":20971,"href":"https:\/\/juliancastiblanco.com\/web\/wp-json\/wp\/v2\/posts\/19585\/revisions\/20971"}],"wp:featuredmedia":[{"embeddable":true,"href":"https:\/\/juliancastiblanco.com\/web\/wp-json\/wp\/v2\/media\/19586"}],"wp:attachment":[{"href":"https:\/\/juliancastiblanco.com\/web\/wp-json\/wp\/v2\/media?parent=19585"}],"wp:term":[{"taxonomy":"category","embeddable":true,"href":"https:\/\/juliancastiblanco.com\/web\/wp-json\/wp\/v2\/categories?post=19585"},{"taxonomy":"post_tag","embeddable":true,"href":"https:\/\/juliancastiblanco.com\/web\/wp-json\/wp\/v2\/tags?post=19585"}],"curies":[{"name":"wp","href":"https:\/\/api.w.org\/{rel}","templated":true}]}}