{"id":19625,"date":"2025-01-23T20:26:29","date_gmt":"2025-01-23T20:26:29","guid":{"rendered":"https:\/\/juliancastiblanco.com\/web\/?p=19625"},"modified":"2025-03-06T22:34:23","modified_gmt":"2025-03-06T22:34:23","slug":"webinar-impulsa-tu-negocio-con-ia-y-estrategias-digitales","status":"publish","type":"post","link":"https:\/\/juliancastiblanco.com\/web\/webinar-impulsa-tu-negocio-con-ia-y-estrategias-digitales\/","title":{"rendered":"Webinar \u00abImpulsa tu Negocio con IA y Estrategias Digitales\u00bb"},"content":{"rendered":"<p>El pasado 23 de enero de 2025, se llev\u00f3 a cabo la primera capacitaci\u00f3n del ciclo organizado por IMK Global, OPRAMS, y Oscar Henao &amp; Asociados, dise\u00f1ada para preparar a gerentes y l\u00edderes empresariales frente a los retos del 2025. La sesi\u00f3n, liderada por Camilo Aponte, experto en mercadeo estrat\u00e9gico y ventas, se centr\u00f3 en c\u00f3mo aprovechar la inteligencia artificial (IA) y el marketing digital para optimizar procesos empresariales y mejorar la competitividad. <strong>Puntos Clave Abordados<\/strong><strong>\u00a0<\/strong><\/p>\r\n<ol>\r\n<li><strong>Importancia de la IA en los negocios<\/strong>:\r\n<ul>\r\n<li>La inteligencia artificial no reemplazar\u00e1 empleos, sino que optimizar\u00e1 procesos y ayudar\u00e1 a las empresas a ser m\u00e1s \u00e1giles y competitivas.<\/li>\r\n<li>Se present\u00f3 un enfoque pr\u00e1ctico sobre c\u00f3mo utilizar herramientas como Zappia, Adobe Firefly, y Lambot para tareas espec\u00edficas, desde la creaci\u00f3n de contenidos hasta la automatizaci\u00f3n de procesos.<\/li>\r\n<\/ul>\r\n<\/li>\r\n<li><strong>Estrategias digitales efectivas<\/strong>:\r\n<ul>\r\n<li>Se introdujo el m\u00e9todo GOALS, que consta de tres pilares:\r\n<ul>\r\n<li><strong>Visibilizar<\/strong>: Acciones para estar presente en el mercado, utilizando canales digitales estrat\u00e9gicos.<\/li>\r\n<li><strong>Captar<\/strong>: Convertir la visibilidad en oportunidades comerciales.<\/li>\r\n<li><strong>Fidelizar<\/strong>: Crear relaciones duraderas no solo con clientes actuales, sino tambi\u00e9n con prospectos.<\/li>\r\n<\/ul>\r\n<\/li>\r\n<\/ul>\r\n<\/li>\r\n<li><strong>Uso pr\u00e1ctico de herramientas de IA<\/strong>:\r\n<ul>\r\n<li>Ejercicios en vivo demostraron c\u00f3mo herramientas de IA pueden generar contenido visual, simplificar comunicaciones, y crear estrategias de marketing personalizadas.<\/li>\r\n<li>Zappia, por ejemplo, fue utilizada para interpretar fotograf\u00edas y generar insights aplicables a campa\u00f1as publicitarias.<\/li>\r\n<\/ul>\r\n<\/li>\r\n<li><strong>Perspectiva del consumo digital en Colombia<\/strong>:\r\n<ul>\r\n<li>Se destac\u00f3 que Colombia es el cuarto pa\u00eds con mayor consumo de internet, lo que representa una oportunidad clave para empresas que buscan conectar con su p\u00fablico objetivo a trav\u00e9s de estrategias digitales personalizadas.<\/li>\r\n<\/ul>\r\n<\/li>\r\n<\/ol>\r\n<p><strong>Valor Agregado:<\/strong> Los asistentes conocieron recomendaciones pr\u00e1cticas sobre c\u00f3mo formular preguntas efectivas para maximizar el uso de herramientas de inteligencia artificial, enfoc\u00e1ndose en resultados espec\u00edficos y optimizaci\u00f3n de recursos.<\/p>\r\n<p><strong>Pr\u00f3ximos Pasos:<\/strong> Se invit\u00f3 a los participantes a registrarse en las pr\u00f3ximas capacitaciones del ciclo: <strong>\u00abBlindaje Empresarial para un Crecimiento Sostenible\u00bb<\/strong>.<\/p>\r\n<p>Descubre c\u00f3mo implementar <strong>estrategias de compliance y gesti\u00f3n de riesgos<\/strong> para fortalecer la seguridad y el cumplimiento normativo de tu empresa bajo est\u00e1ndares internacionales.<\/p>\r\n<p>\ud83d\udcc5 30 de enero de 2025 \u23f0 8:00 a 9:30 a.m. \ud83c\udf99\ufe0f<\/p>\r\n<p><strong>Ricardo Orjuela<\/strong>, COO de OPRAMS y especialista en auditor\u00eda forense y seguridad corporativa.<\/p>\r\n<p><strong>Inscripciones<\/strong>\ud83d\udc49<a href=\"https:\/\/share.hsforms.com\/1RMY9C-djRJCQNVhT3r_fcwra4sv\">https:\/\/share.hsforms.com\/1RMY9C-djRJCQNVhT3r_fcwra4sv<\/a><\/p>\r\n<hr \/>\r\n<p><strong>\u00abGesti\u00f3n del Talento Humano y Beneficios Tributarios\u00bb<\/strong>.<\/p>\r\n<p>Conoce c\u00f3mo las reformas laborales y los beneficios tributarios pueden optimizar la gesti\u00f3n del talento humano y maximizar recursos.<\/p>\r\n<p>\ud83d\udcc5 6 de febrero de 2025 \u23f0 8:00 a 9:30 a.m. \ud83c\udf99\ufe0f<\/p>\r\n<p><strong>Oscar Henao<\/strong>, especialista en Derecho Laboral Empresarial.<\/p>\r\n<p><strong>Inscripciones<\/strong>\ud83d\udc49 <a href=\"https:\/\/share.hsforms.com\/11tJ8qEneRJa5Ha7WYtJAlAra4sv\">https:\/\/share.hsforms.com\/11tJ8qEneRJa5Ha7WYtJAlAra4sv<\/a><\/p>\r\n<hr \/>\r\n<p>Este primer webinar marc\u00f3 el inicio de una serie de encuentros enfocados en transformaci\u00f3n digital y sostenibilidad empresarial, reforzando el compromiso de las entidades organizadoras en preparar a las empresas para los desaf\u00edos del futuro. \u00a0<\/p>\r\n<p>&nbsp;<\/p>\r\n<p style=\"text-align: center;\">IMK Global \u2013 Ingenieros de Marketing ha acompa\u00f1ado m\u00e1s de 150 empresas en Fabricas de Productividad con Gesti\u00f3n Comercial, Transformaci\u00f3n Digital y Sofisticaci\u00f3n, Leer el siguiente Art\u00edculo \u27a1\ufe0f\u27a1\ufe0f\u27a1\ufe0f<\/p>\r\n<p><a href=\"https:\/\/juliancastiblanco.com\/web\/https-julianc-transformando-empresas-el-impacto-del-programa-fabricas-de-productividad-en-colombia\/\"><img loading=\"lazy\" decoding=\"async\" class=\"wp-image-1192\" src=\"https:\/\/experienciasimk.com\/wp-content\/uploads\/2024\/09\/Buscamos-150-empresas-que-quieran-ser-acompanadas-por-Ingenieros-de-Marketing-en-el-programa-Fabricas-de-Productividad-IMK-Global-1.jpg\" alt=\"\" width=\"706\" height=\"440\" aria-describedby=\"caption-attachment-1192\" \/><\/a> En Colombia, el programa F\u00e1bricas de Productividad liderado por la entidad Colombia Productiva del Ministerio de Comercio, Industria y Turismo, en colaboraci\u00f3n con c\u00e1maras de comercio y consultores especializados, ha estado desempe\u00f1ando un papel crucial en la transformaci\u00f3n digital y el crecimiento de las empresas en todo el pa\u00eds. Este programa ha brindado asistencia t\u00e9cnica y acompa\u00f1amiento para superar los obst\u00e1culos que impiden el desarrollo empresarial y promover la reactivaci\u00f3n econ\u00f3mica. Uno de los extensionistas destacados en este esfuerzo es Ingenieros de Marketing, una plataforma de conocimiento que acompa\u00f1a a personas, empresas y comunidades en su camino hacia la madurez digital. Juli\u00e1n Castiblanco, fundador de Ingenieros de Marketing y consultor de F\u00e1bricas de Productividad, ha tenido un papel fundamental en este proceso.<\/p>\r\n<!-- \/wp:post-content -->\r\n\r\n<!-- wp:paragraph -->\r\n<h3 class=\"wp-block-heading has-text-align-center\" style=\"text-align: center;\">\u00a0<\/h3>\r\n<h4 class=\"wp-block-heading has-text-align-center\">\u00a0<\/h4>\r\n<!-- \/wp:paragraph -->\r\n<h4 class=\"wp-block-heading has-text-align-center\"><strong>Lo invitamos a conocer las credenciales de <\/strong><strong>IMK Global-Ingenieros de Marketing<\/strong><\/h4>\r\n<!-- wp:paragraph {\"align\":\"center\"} \/-->\r\n<div style=\"position: relative; width: 100%; height: 0; padding-top: 56.2500%; padding-bottom: 0; box-shadow: 0 2px 8px 0 rgba(63,69,81,0.16); margin-top: 1.6em; margin-bottom: 0.9em; overflow: hidden; border-radius: 8px; will-change: transform;\"><iframe style=\"position: absolute; width: 100%; height: 100%; top: 0; left: 0; border: none; padding: 0; margin: 0;\" src=\"https:\/\/www.canva.com\/design\/DAF9gz9bYe8\/vKTPtIeOk0c5VVN5hsrKtg\/view?embed\" allowfullscreen=\"allowfullscreen\">\u00a0<\/iframe><\/div>\r\n<p style=\"text-align: center;\"><a href=\"https:\/\/www.canva.com\/design\/DAF9gz9bYe8\/vKTPtIeOk0c5VVN5hsrKtg\/view?utm_content=DAF9gz9bYe8&amp;utm_campaign=designshare&amp;utm_medium=embeds&amp;utm_source=link\" target=\"_blank\" rel=\"noopener\">V4 Credenciales Experiencia IMKglobal Spanish<\/a> de Ingenieros de Marketing<\/p>\r\n<p class=\"has-text-align-center\">IMK Global \u2013 Ingenieros de Marketing<\/p>\r\n<p class=\"has-text-align-center\">Su Aliado de Crecimiento en las Am\u00e9ricas<\/p>\r\n<p class=\"has-text-align-center\">Your Growth Partner in the Am\u00e9ricas<\/p>\r\n<p class=\"has-text-align-center\"><a href=\"http:\/\/www.imk.global\/\" target=\"_blank\" rel=\"noreferrer noopener\">www.imk.global<\/a><\/p>\r\n<p><strong>Aportes<\/strong>:<\/p>\r\n<ul>\r\n<li>Juli\u00e1n Castiblanco -CEO Ingenieros de Marketing \u2013 IMKGlobal<\/li>\r\n<li>Oscar Henao, especialista en Derecho Laboral Empresarial<\/li>\r\n<li>Ricardo Orjuela, CEO de OPRAMS y especialista en Auditor\u00eda Forense<\/li>\r\n<li>Camilo Aponte, Director de Mercadeo y Ventas IMK Global Ingenieros de Marketing<\/li>\r\n<li>Esperanza Herrera \u2013 Social Media Manager Ingenieros de Marketing\u00a0 IMKGlobal<\/li>\r\n<\/ul>\r\n<p>&nbsp;<\/p>\r\n<p style=\"text-align: center;\"><strong>Conoce nuestra RED DE PORTALES que mejoran la visibilidad de tu marca<\/strong><\/p>\r\n<p style=\"text-align: center;\"><strong> <a href=\"https:\/\/imk.global\/portal-ads\/\">https:\/\/imk.global\/portal-ads\/<\/a> <\/strong><\/p>","protected":false},"excerpt":{"rendered":"<p>El pasado 23 de enero de 2025, se llev\u00f3 a cabo la primera capacitaci\u00f3n del ciclo organizado por IMK Global, OPRAMS, y Oscar Henao &amp; Asociados, dise\u00f1ada para preparar a [&hellip;]<\/p>\n","protected":false},"author":11,"featured_media":19628,"comment_status":"closed","ping_status":"closed","sticky":false,"template":"","format":"standard","meta":{"footnotes":""},"categories":[540,15,9],"tags":[109,170],"class_list":["post-19625","post","type-post","status-publish","format-standard","has-post-thumbnail","hentry","category-formacion","category-innovacion","category-tecnologia","tag-ecosistema-empresarial","tag-inteligencia-artificial"],"_links":{"self":[{"href":"https:\/\/juliancastiblanco.com\/web\/wp-json\/wp\/v2\/posts\/19625","targetHints":{"allow":["GET"]}}],"collection":[{"href":"https:\/\/juliancastiblanco.com\/web\/wp-json\/wp\/v2\/posts"}],"about":[{"href":"https:\/\/juliancastiblanco.com\/web\/wp-json\/wp\/v2\/types\/post"}],"author":[{"embeddable":true,"href":"https:\/\/juliancastiblanco.com\/web\/wp-json\/wp\/v2\/users\/11"}],"replies":[{"embeddable":true,"href":"https:\/\/juliancastiblanco.com\/web\/wp-json\/wp\/v2\/comments?post=19625"}],"version-history":[{"count":6,"href":"https:\/\/juliancastiblanco.com\/web\/wp-json\/wp\/v2\/posts\/19625\/revisions"}],"predecessor-version":[{"id":20236,"href":"https:\/\/juliancastiblanco.com\/web\/wp-json\/wp\/v2\/posts\/19625\/revisions\/20236"}],"wp:featuredmedia":[{"embeddable":true,"href":"https:\/\/juliancastiblanco.com\/web\/wp-json\/wp\/v2\/media\/19628"}],"wp:attachment":[{"href":"https:\/\/juliancastiblanco.com\/web\/wp-json\/wp\/v2\/media?parent=19625"}],"wp:term":[{"taxonomy":"category","embeddable":true,"href":"https:\/\/juliancastiblanco.com\/web\/wp-json\/wp\/v2\/categories?post=19625"},{"taxonomy":"post_tag","embeddable":true,"href":"https:\/\/juliancastiblanco.com\/web\/wp-json\/wp\/v2\/tags?post=19625"}],"curies":[{"name":"wp","href":"https:\/\/api.w.org\/{rel}","templated":true}]}}