{"id":19846,"date":"2025-08-25T09:42:26","date_gmt":"2025-08-25T14:42:26","guid":{"rendered":"https:\/\/socry.co\/?p=19846"},"modified":"2025-08-25T09:42:26","modified_gmt":"2025-08-25T14:42:26","slug":"tendencias-2025-para-su-terraza-materiales-colores-y-estilos-que-reinaran-en-el-caribe","status":"publish","type":"post","link":"https:\/\/juliancastiblanco.com\/web\/tendencias-2025-para-su-terraza-materiales-colores-y-estilos-que-reinaran-en-el-caribe\/","title":{"rendered":"Tendencias 2025 para su Terraza: Materiales, Colores y Estilos que Reinar\u00e1n en el Caribe"},"content":{"rendered":"\n<p>El dise\u00f1o de exteriores ha evolucionado. Ya no se trata de colocar unas cuantas sillas de pl\u00e1stico en la terraza. Las tendencias para 2025 apuntan a crear espacios exteriores que sean una extensi\u00f3n fluida y elegante del interior, fusionando confort, estilo y funcionalidad. Para el Caribe colombiano, esto significa adaptar estas tendencias globales a nuestro clima y estilo de vida \u00fanicos. Un toldo o una p\u00e9rgola no es solo una soluci\u00f3n pr\u00e1ctica, sino la pieza central que define el estilo de su terraza.<\/p>\n\n\n\n<p>Aqu\u00ed est\u00e1n las claves para un espacio exterior a la \u00faltima en 2025:<\/p>\n\n\n\n<p><strong>El Auge de lo Natural y Sostenible:<\/strong><br><strong><br><\/strong>Los materiales que evocan la naturaleza son los protagonistas. Piense en p\u00e9rgolas de aluminio con acabados que imitan a la perfecci\u00f3n la madera, ofreciendo la calidez visual de lo natural con la durabilidad y resistencia a la corrosi\u00f3n que nuestro clima exige. Los muebles de teca, rat\u00e1n y los textiles de fibras recicladas complementan esta est\u00e9tica. La sostenibilidad tambi\u00e9n se manifiesta en la elecci\u00f3n de la iluminaci\u00f3n, con un claro favoritismo por las soluciones de energ\u00eda solar.<\/p>\n\n\n\n<p><strong>Paleta de Colores: Calma y Toques Vibrantes:<\/strong><br><strong><br><\/strong>La base de color para 2025 es serena y terrenal. Los tonos arena, beiges, blancos rotos y verdes suaves crean un fondo tranquilo y atemporal.11 Para las lonas de los toldos y los cojines, estos colores neutros son una apuesta segura. Sin embargo, la tendencia tambi\u00e9n permite toques de color audaces para a\u00f1adir personalidad: un azul cobalto inspirado en el Mediterr\u00e1neo, un verde lima o un terracota c\u00e1lido pueden aparecer en macetas, cojines decorativos o peque\u00f1os detalles.<br><\/p>\n\n\n<div class=\"wp-block-image\">\n<figure class=\"aligncenter size-full is-resized\"><img loading=\"lazy\" decoding=\"async\" width=\"980\" height=\"735\" src=\"https:\/\/juliancastiblanco.com\/web\/wp-content\/uploads\/2025\/08\/55-Toldos-y-parasoles.jpeg\" alt=\"\" class=\"wp-image-19849\" style=\"width:558px;height:auto\" srcset=\"https:\/\/juliancastiblanco.com\/web\/wp-content\/uploads\/2025\/08\/55-Toldos-y-parasoles.jpeg 980w, https:\/\/juliancastiblanco.com\/web\/wp-content\/uploads\/2025\/08\/55-Toldos-y-parasoles-300x225.jpeg 300w, https:\/\/juliancastiblanco.com\/web\/wp-content\/uploads\/2025\/08\/55-Toldos-y-parasoles-768x576.jpeg 768w, https:\/\/juliancastiblanco.com\/web\/wp-content\/uploads\/2025\/08\/55-Toldos-y-parasoles-810x608.jpeg 810w\" sizes=\"auto, (max-width: 980px) 100vw, 980px\" \/><\/figure>\n<\/div>\n\n\n<p><br><strong>Textiles: Confort y Tecnolog\u00eda:<\/strong><br><strong><br><\/strong>Los textiles son clave para aportar confort. Los clientes ahora esperan que el mobiliario exterior sea tan c\u00f3modo como el interior. Esto se traduce en cojines mullidos y telas agradables al tacto. La tecnolog\u00eda juega un papel crucial: las lonas para toldos y los tejidos para muebles ahora vienen con tratamientos avanzados que los hacen resistentes a los rayos UV, al agua y a las manchas, garantizando que la belleza perdure. En cuanto a estampados, los motivos org\u00e1nicos, las geometr\u00edas simples y las rayas cl\u00e1sicas son tendencia.<\/p>\n\n\n\n<p><strong>Mobiliario Modular y Multifuncional:<\/strong><br><strong><br><\/strong>La flexibilidad es esencial. Los muebles modulares que se pueden reorganizar para adaptarse a diferentes ocasiones \u2014desde una tarde tranquila de lectura hasta una reuni\u00f3n con amigos\u2014 son la opci\u00f3n m\u00e1s inteligente. Una p\u00e9rgola puede albergar una cocina exterior modular, una de las grandes tendencias para terrazas amplias<\/p>\n\n\n<div class=\"wp-block-image\">\n<figure class=\"aligncenter size-full is-resized\"><img loading=\"lazy\" decoding=\"async\" width=\"980\" height=\"735\" src=\"https:\/\/juliancastiblanco.com\/web\/wp-content\/uploads\/2025\/08\/5-Toldos-y-parasoles.jpeg\" alt=\"\" class=\"wp-image-19848\" style=\"width:526px;height:auto\" srcset=\"https:\/\/juliancastiblanco.com\/web\/wp-content\/uploads\/2025\/08\/5-Toldos-y-parasoles.jpeg 980w, https:\/\/juliancastiblanco.com\/web\/wp-content\/uploads\/2025\/08\/5-Toldos-y-parasoles-300x225.jpeg 300w, https:\/\/juliancastiblanco.com\/web\/wp-content\/uploads\/2025\/08\/5-Toldos-y-parasoles-768x576.jpeg 768w, https:\/\/juliancastiblanco.com\/web\/wp-content\/uploads\/2025\/08\/5-Toldos-y-parasoles-810x608.jpeg 810w\" sizes=\"auto, (max-width: 980px) 100vw, 980px\" \/><\/figure>\n<\/div>\n\n\n<p><br>Su toldo o p\u00e9rgola es el lienzo sobre el cual se construye el resto del dise\u00f1o. Al elegir un color y un estilo que se alinee con estas tendencias, estar\u00e1 sentando las bases para un espacio exterior que no solo es funcional, sino que tambi\u00e9n es un reflejo del dise\u00f1o contempor\u00e1neo y un verdadero santuario de estilo.<\/p>\n\n\n\n<p><strong>Fuente:<\/strong> <a href=\"https:\/\/toldosyparasoles.co\/tendencias-2025-para-su-terraza-materiales-colores-y-estilos-que-reinaran-en-el-caribe\/\">Tendencias 2025 para su Terraza: Materiales, Colores y Estilos que Reinar\u00e1n en el Caribe<\/a><\/p>\n\n\n\n<p><\/p>\n\n\n<p>Te puede interesar:\u00a0<a href=\"https:\/\/experienciasimk.com\/exito-en-los-procesos-de-acompanamiento-especializado-de-imkglobal-ingenieros-de-marketing\/\" target=\"_blank\" rel=\"noreferrer noopener\">Exito en los procesos de Acompa\u00f1amiento Especializado de IMKGlobal Ingenieros de Marketing<\/a>\u00a0<\/p>\n<p><!-- \/wp:post-content --><\/p>\n<p><!-- wp:separator {\"className\":\"is-style-dots\"} --><\/p>\n<h4 class=\"wp-block-heading has-text-align-center\"><strong>Lo invitamos a conocer las credenciales de <\/strong><strong>IMK Global-Ingenieros de Marketing<\/strong><\/h4>\n<div style=\"position: relative; width: 100%; height: 0; padding-top: 56.2500%; padding-bottom: 0; box-shadow: 0 2px 8px 0 rgba(63,69,81,0.16); margin-top: 1.6em; margin-bottom: 0.9em; overflow: hidden; border-radius: 8px; will-change: transform;\"><iframe style=\"position: absolute; width: 100%; height: 100%; top: 0; left: 0; border: none; padding: 0; margin: 0;\" src=\"https:\/\/www.canva.com\/design\/DAF9gz9bYe8\/vKTPtIeOk0c5VVN5hsrKtg\/view?embed\" allowfullscreen=\"allowfullscreen\">    \n<p><\/p><\/iframe><\/div>\n<p style=\"text-align: center;\"><a href=\"https:\/\/www.canva.com\/design\/DAF9gz9bYe8\/vKTPtIeOk0c5VVN5hsrKtg\/view?utm_content=DAF9gz9bYe8&amp;utm_campaign=designshare&amp;utm_medium=embeds&amp;utm_source=link\" target=\"_blank\" rel=\"noopener\">V4 Credenciales Experiencia IMKglobal Spanish<\/a> de Ingenieros de Marketing<\/p>\n<p class=\"has-text-align-center\">IMK Global \u2013 Ingenieros de Marketing<\/p>\n<p class=\"has-text-align-center\">Su Aliado de Crecimiento en las Am\u00e9ricas<\/p>\n<p class=\"has-text-align-center\">Your Growth Partner in the Am\u00e9ricas<\/p>\n<p class=\"has-text-align-center\"><a href=\"http:\/\/www.imk.global\/\" target=\"_blank\" rel=\"noreferrer noopener\">www.imk.global<\/a><\/p>\n<h3>\u00a0<\/h3>\n<h3 class=\"entry-title\" style=\"text-align: center;\">Avatar Juli\u00e1n Castiblanco<\/h3>\n<p><!-- wp:video {\"id\":18823} --><\/p>\n<figure class=\"wp-block-video\"><video src=\"https:\/\/ia4all.org\/wp-content\/uploads\/2025\/06\/Avatar-Julian-1.mp4\" controls=\"controls\" width=\"300\" height=\"150\"><\/video>\n<figcaption class=\"wp-element-caption\">En la vanguardia de la innovaci\u00f3n digital, la tecnolog\u00eda, el uso y ense\u00f1anza de la IA convergen de manera interactiva. Recientemente, Juli\u00e1n Castiblanco, el mejor profe de IA, ha explorado el uso de avatares de IA en sus presentaciones, abriendo una brecha sobre el futuro de las actuaciones en vivo y la interacci\u00f3n art\u00edstica. Promueve la visi\u00f3n de <strong><a href=\"http:\/\/soyavatar.co\/\">SoyAvatar.co<\/a><\/strong>. plataforma est\u00e1 dise\u00f1ada precisamente para permitir a creadores y empresas desarrollar sus propios avatares de IA personalizados.<\/figcaption>\n<\/figure>\n<p><!-- \/wp:video --><\/p>\n<p><!-- wp:paragraph --><\/p>\n<p><!-- \/wp:paragraph --><\/p>\n<p><!-- wp:heading {\"textAlign\":\"center\",\"level\":3} --><\/p>\n<h3 class=\"wp-block-heading has-text-align-center\"><strong>IMK Global: Su Puente Estrat\u00e9gico hacia el Mercado Estadounidense<\/strong><\/h3>\n<p><!-- \/wp:heading --><\/p>\n<p><!-- wp:image {\"lightbox\":{\"enabled\":false},\"id\":19657,\"width\":\"723px\",\"height\":\"auto\",\"sizeSlug\":\"full\",\"linkDestination\":\"custom\",\"align\":\"center\"} --><\/p>\n<figure class=\"wp-block-image aligncenter size-full is-resized\"><a href=\"https:\/\/imk.global\/imk-global-su-puente-estrategico-hacia-el-mercado-estadounidense\"><img decoding=\"async\" class=\"wp-image-19657\" style=\"width: 723px; height: auto;\" src=\"https:\/\/ingenierosdemarketing.com.co\/wp-content\/uploads\/2025\/03\/IMK-Global-Su-Puente-Estrategico-IngenierosdeMarketingImkglobal.jpeg\" alt=\"\" \/><\/a>\n<figcaption class=\"wp-element-caption\">En el entorno empresarial actual, la expansi\u00f3n internacional es una necesidad estrat\u00e9gica. Sin embargo, ingresar al mercado estadounidense puede ser un reto debido a la competencia, las diferencias culturales y el desconocimiento de la marca.<br \/>Soluciones Integrales para su Visibilidad Internacional<\/figcaption>\n<\/figure>\n<p><!-- \/wp:image --><\/p>\n<p><!-- wp:paragraph --><\/p>\n<p><strong>Aportes<\/strong>:<\/p>\n<p><!-- \/wp:paragraph --><\/p>\n<p><!-- wp:list --><\/p>\n<ul class=\"wp-block-list\">\n<li style=\"list-style-type: none;\">\n<ul class=\"wp-block-list\"><!-- wp:list-item -->\n<li>Juli\u00e1n Castiblanco -CEO IMK Global Ingenieros de Marketing<\/li>\n<li>Camilo Fernando Castiblanco \u2013 Chief Growth Officer IMK.Global<\/li>\n<li>Esperanza Herrera \u2013 Social Media Manager \u2013 IMK Global Ingenieros de Marketing<\/li>\n<\/ul>\n<\/li>\n<\/ul>\n<p><!-- \/wp:list-item --><\/p>\n<p><!-- wp:list-item --><\/p>\n<p class=\"has-text-align-center has-medium-font-size\"><strong>Conoce nuestra RED DE PORTALES que mejoran la visibilidad de tu marca<br \/><a href=\"https:\/\/imk.global\/portal-ads\/\">https:\/\/imk.global\/portal-ads\/<\/a><\/strong><\/p>\n<p><!-- \/wp:list-item --><\/p><!-- \/wp:list -->","protected":false},"excerpt":{"rendered":"<p>El dise\u00f1o de exteriores ha evolucionado. Ya no se trata de colocar unas cuantas sillas de pl\u00e1stico en la terraza. Las tendencias para 2025 apuntan a crear&#8230;<\/p>\n","protected":false},"author":4,"featured_media":19847,"comment_status":"closed","ping_status":"open","sticky":false,"template":"","format":"standard","meta":{"footnotes":""},"categories":[549],"tags":[1039,128,902],"class_list":["post-19846","post","type-post","status-publish","format-standard","has-post-thumbnail","hentry","category-fabricas-de-productividad","tag-caribe","tag-tendencias","tag-toldos-y-parasoles"],"_links":{"self":[{"href":"https:\/\/juliancastiblanco.com\/web\/wp-json\/wp\/v2\/posts\/19846","targetHints":{"allow":["GET"]}}],"collection":[{"href":"https:\/\/juliancastiblanco.com\/web\/wp-json\/wp\/v2\/posts"}],"about":[{"href":"https:\/\/juliancastiblanco.com\/web\/wp-json\/wp\/v2\/types\/post"}],"author":[{"embeddable":true,"href":"https:\/\/juliancastiblanco.com\/web\/wp-json\/wp\/v2\/users\/4"}],"replies":[{"embeddable":true,"href":"https:\/\/juliancastiblanco.com\/web\/wp-json\/wp\/v2\/comments?post=19846"}],"version-history":[{"count":0,"href":"https:\/\/juliancastiblanco.com\/web\/wp-json\/wp\/v2\/posts\/19846\/revisions"}],"wp:featuredmedia":[{"embeddable":true,"href":"https:\/\/juliancastiblanco.com\/web\/wp-json\/wp\/v2\/media\/19847"}],"wp:attachment":[{"href":"https:\/\/juliancastiblanco.com\/web\/wp-json\/wp\/v2\/media?parent=19846"}],"wp:term":[{"taxonomy":"category","embeddable":true,"href":"https:\/\/juliancastiblanco.com\/web\/wp-json\/wp\/v2\/categories?post=19846"},{"taxonomy":"post_tag","embeddable":true,"href":"https:\/\/juliancastiblanco.com\/web\/wp-json\/wp\/v2\/tags?post=19846"}],"curies":[{"name":"wp","href":"https:\/\/api.w.org\/{rel}","templated":true}]}}