{"id":2116,"date":"2017-09-04T22:53:33","date_gmt":"2017-09-04T22:53:33","guid":{"rendered":"https:\/\/juliancastiblanco.com\/web\/papa-francisco-recibira-en-audiencia-a-cesar-alierta-presidente-de-fundacion-telefonica-profuturo\/"},"modified":"2017-09-04T22:53:33","modified_gmt":"2017-09-04T22:53:33","slug":"papa-francisco-recibira-en-audiencia-a-cesar-alierta-presidente-de-fundacion-telefonica-profuturo","status":"publish","type":"post","link":"https:\/\/juliancastiblanco.com\/web\/papa-francisco-recibira-en-audiencia-a-cesar-alierta-presidente-de-fundacion-telefonica-profuturo\/","title":{"rendered":"Papa Francisco recibir\u00e1 en audiencia a C\u00e9sar Alierta, Presidente de Fundaci\u00f3n Telef\u00f3nica ProFuturo"},"content":{"rendered":"<p><em>COLOMBIA (AndeanWire, 4 de septiembre de 2017). \u00a0 \u00a0<\/em>\u00a0El Sumo Pont\u00edfice se reunir\u00e1 con C\u00e9sar Alierta, Presidente de Fundaci\u00f3n Telef\u00f3nica | ProFuturo, Alfonso G\u00f3mez Palacio, Presidente CEO de Telef\u00f3nica Colombia y Enrique Chaux, Investigador de la Universidad de los Andes, en el marco de su visita a Villavicencio, Colombia.<\/p>\n<p>El objetivo de la audiencia es presentarle al Papa los avances mundiales de ProFuturo, una propuesta liderada por la Fundaci\u00f3n Telef\u00f3nica y la Fundaci\u00f3n Bancaria \u201cla Caixa\u201d que tiene como misi\u00f3n cerrar la brecha educativa en el mundo, proporcionando una educaci\u00f3n digital de calidad a ni\u00f1os y ni\u00f1as de entornos vulnerables de \u00c1frica Subsahariana, Am\u00e9rica Latina y Asia.<\/p>\n<p>El programa naci\u00f3 con el objetivo de proporcionar una experiencia pedag\u00f3gica de calidad a m\u00e1s 10 millones de ni\u00f1os en 2020, para generar la inclusi\u00f3n y cerrar las brechas de pobreza. En 2016, ProFuturo benefici\u00f3 a 3.8 millones de ni\u00f1os, form\u00f3 a m\u00e1s 207.000 profesores en m\u00e1s de 32.000 escuelas en 25 pa\u00edses.<\/p>\n<p>\u201cCon ProFuturo queremos ser un referente mundial en la transformaci\u00f3n e innovaci\u00f3n educativa, mejorando la educaci\u00f3n de millones de ni\u00f1os a trav\u00e9s de la tecnolog\u00eda. Colombia enfrenta un proceso de postconflicto y el papel de la educaci\u00f3n y el cierre de las brechas tecnol\u00f3gicas sin duda son vitales para seguir adelante\u201d afirm\u00f3, C\u00e9sar Alierta, Presidente de Fundaci\u00f3n Telef\u00f3nica ProFuturo<\/p>\n<p>En Colombia se ejecuta actualmente en siete Instituciones Educativas, beneficiando hasta la fecha a 191 docentes. La meta para 2017 es beneficiar a 31.050 ni\u00f1os, ni\u00f1as y adolescentes y 1.591 profesores, en los municipios que el Gobierno Nacional prioriz\u00f3 como municipios Posconflicto (170 municipios).<\/p>\n<p>Por su parte, Aulas en Paz &#8211; Blended de Fundaci\u00f3n Telef\u00f3nica Colombia, la Universidad de los Andes y la Corporaci\u00f3n Convivencia Productiva, es un programa que busca llegar presencial y virtualmente a las instituciones educativas para formar a docentes, ni\u00f1os, ni\u00f1as y padres de familias en competencias ciudadanas y socioemocionales y as\u00ed lograr la convivencia escolar pac\u00edfica en las aulas.<\/p>\n<p>A trav\u00e9s de este programa la Fundaci\u00f3n Telef\u00f3nica ha logrado beneficiar en lo que va del a\u00f1o a 1.705 docentes, en 69 instituciones educativas de 13 municipios del pa\u00eds.<\/p>\n<p>En palabras de Alfonso G\u00f3mez Palacio, Presidente CEO de Telef\u00f3nica Movistar Colombia, <em>\u201cDesde Fundaci\u00f3n Telef\u00f3nica &#8211; ProFuturo estamos comprometidos con esta nueva etapa por la que atraviesa el pa\u00eds, y vemos la oportunidad de acercar la educaci\u00f3n a trav\u00e9s de la tecnolog\u00eda a comunidades a las que antes no pod\u00edamos llegar, por ello hemos focalizado nuestra intervenci\u00f3n en los municipios posconflicto.\u201d<\/em><\/p>\n<p>&nbsp;<\/p>\n<p>La entrada <a rel=\"nofollow\" href=\"http:\/\/www.awnewscenter.com\/andeanwire\/238608\/papa-francisco-recibira-audiencia-cesar-alierta-presidente-fundacion-telefonica-profuturo\/\">Papa Francisco recibir\u00e1 en audiencia a C\u00e9sar Alierta, Presidente de Fundaci\u00f3n Telef\u00f3nica ProFuturo<\/a> se public\u00f3 primero en <a rel=\"nofollow\" href=\"http:\/\/www.awnewscenter.com\/andeanwire\">AndeanWire. Central de Noticias<\/a>.<\/p>\n<p>Source: TIC<\/p>\n","protected":false},"excerpt":{"rendered":"<p>COLOMBIA (AndeanWire, 4 de septiembre de 2017). \u00a0 \u00a0\u00a0El Sumo Pont\u00edfice se reunir\u00e1 con C\u00e9sar Alierta, Presidente de Fundaci\u00f3n Telef\u00f3nica | ProFuturo, Alfonso G\u00f3mez Palacio, Presidente CEO de Telef\u00f3nica Colombia [&hellip;]<\/p>\n","protected":false},"author":4,"featured_media":0,"comment_status":"false","ping_status":"open","sticky":false,"template":"","format":"standard","meta":{"footnotes":""},"categories":[9],"tags":[28],"class_list":["post-2116","post","type-post","status-publish","format-standard","hentry","category-tecnologia","tag-vinculos"],"_links":{"self":[{"href":"https:\/\/juliancastiblanco.com\/web\/wp-json\/wp\/v2\/posts\/2116","targetHints":{"allow":["GET"]}}],"collection":[{"href":"https:\/\/juliancastiblanco.com\/web\/wp-json\/wp\/v2\/posts"}],"about":[{"href":"https:\/\/juliancastiblanco.com\/web\/wp-json\/wp\/v2\/types\/post"}],"author":[{"embeddable":true,"href":"https:\/\/juliancastiblanco.com\/web\/wp-json\/wp\/v2\/users\/4"}],"replies":[{"embeddable":true,"href":"https:\/\/juliancastiblanco.com\/web\/wp-json\/wp\/v2\/comments?post=2116"}],"version-history":[{"count":0,"href":"https:\/\/juliancastiblanco.com\/web\/wp-json\/wp\/v2\/posts\/2116\/revisions"}],"wp:attachment":[{"href":"https:\/\/juliancastiblanco.com\/web\/wp-json\/wp\/v2\/media?parent=2116"}],"wp:term":[{"taxonomy":"category","embeddable":true,"href":"https:\/\/juliancastiblanco.com\/web\/wp-json\/wp\/v2\/categories?post=2116"},{"taxonomy":"post_tag","embeddable":true,"href":"https:\/\/juliancastiblanco.com\/web\/wp-json\/wp\/v2\/tags?post=2116"}],"curies":[{"name":"wp","href":"https:\/\/api.w.org\/{rel}","templated":true}]}}