{"id":2200,"date":"2017-09-28T16:56:44","date_gmt":"2017-09-28T16:56:44","guid":{"rendered":"https:\/\/juliancastiblanco.com\/web\/?p=2200"},"modified":"2017-09-28T16:56:44","modified_gmt":"2017-09-28T16:56:44","slug":"coldeportes-las-regiones-una-mirada-la-colombia-olvidada","status":"publish","type":"post","link":"https:\/\/juliancastiblanco.com\/web\/coldeportes-las-regiones-una-mirada-la-colombia-olvidada\/","title":{"rendered":"Coldeportes en las Regiones, una mirada a la Colombia olvidada"},"content":{"rendered":"<p style=\"text-align: justify;\">Se dictaron en total 32 horas de capacitaci\u00f3n<\/p>\n<p style=\"text-align: justify;\">El Departamento Administrativo del Deporte convoc\u00f3 en In\u00edrida a las principales comunidades ind\u00edgenas del municipio de Guain\u00eda durante los d\u00edas 21, 22 y 23 de septiembre en las instalaciones del Coliseo Cubierto Capit\u00e1n Tor\u00f3.<\/p>\n<p style=\"text-align: justify;\">Un auditorio pluricultural, en donde confluyeron comunidades ind\u00edgenas milenarias, atendi\u00f3 el llamado del ente rector del deporte. La representante de la etnia Carida, ubicada en los l\u00edmites con Venezuela, Duleidy Guerra, coment\u00f3 acerca de su experiencia durante estos tres d\u00edas de capacitaci\u00f3n: \u00abMe sent\u00ed bien porque compart\u00ed con muchas personas y aprend\u00ed un mont\u00f3n.\u00bb<\/p>\n<p style=\"text-align: justify;\">La clausura del evento cont\u00f3 con la importante presencia de las m\u00e1ximas autoridades del departamento c\u00f3mo Javier Eli\u00e9cer Zapata, Gobernador; Misael Torres, Secretario de Educaci\u00f3n y Henry Ignacio Camico D\u00edaz, Director de Inderguain\u00eda, quienes con su asistencia demostraron su inter\u00e9s y compromiso con que estos eventos se sigan adelantando.<\/p>\n<p style=\"text-align: justify;\">Zapata, Gobernador del Guain\u00eda, indic\u00f3: \u00abEstamos muy satisfechos con la articulaci\u00f3n con el Gobierno Nacional a trav\u00e9s de Coldeportes y nuestra regi\u00f3n, los departamentos de la Orinoqu\u00eda tambi\u00e9n tenemos deportistas y\u00a0 con el 85 por ciento de poblaci\u00f3n ind\u00edgena que representamos qued\u00f3 fortalecido con estos talleres. Esto es lo que necesitamos las regionales m\u00e1s olvidadas\u00bb.<\/p>\n<p style=\"text-align: justify;\">M\u00e1s de 21 mil personas impactadas en doce encuentros es el balance hasta el momento, el pr\u00f3ximo se llevar\u00e1 a cabo en la ciudad de Duitama, Boyac\u00e1, los d\u00edas 4, 5 y 6 de octubre.<\/p>\n","protected":false},"excerpt":{"rendered":"<p>Se dictaron en total 32 horas de capacitaci\u00f3n El Departamento Administrativo del Deporte convoc\u00f3 en In\u00edrida a las principales comunidades ind\u00edgenas del municipio de Guain\u00eda durante los d\u00edas 21, 22 [&hellip;]<\/p>\n","protected":false},"author":4,"featured_media":2201,"comment_status":"open","ping_status":"open","sticky":false,"template":"","format":"standard","meta":{"footnotes":""},"categories":[72],"tags":[],"class_list":["post-2200","post","type-post","status-publish","format-standard","has-post-thumbnail","hentry","category-deportes"],"_links":{"self":[{"href":"https:\/\/juliancastiblanco.com\/web\/wp-json\/wp\/v2\/posts\/2200","targetHints":{"allow":["GET"]}}],"collection":[{"href":"https:\/\/juliancastiblanco.com\/web\/wp-json\/wp\/v2\/posts"}],"about":[{"href":"https:\/\/juliancastiblanco.com\/web\/wp-json\/wp\/v2\/types\/post"}],"author":[{"embeddable":true,"href":"https:\/\/juliancastiblanco.com\/web\/wp-json\/wp\/v2\/users\/4"}],"replies":[{"embeddable":true,"href":"https:\/\/juliancastiblanco.com\/web\/wp-json\/wp\/v2\/comments?post=2200"}],"version-history":[{"count":1,"href":"https:\/\/juliancastiblanco.com\/web\/wp-json\/wp\/v2\/posts\/2200\/revisions"}],"predecessor-version":[{"id":2202,"href":"https:\/\/juliancastiblanco.com\/web\/wp-json\/wp\/v2\/posts\/2200\/revisions\/2202"}],"wp:featuredmedia":[{"embeddable":true,"href":"https:\/\/juliancastiblanco.com\/web\/wp-json\/wp\/v2\/media\/2201"}],"wp:attachment":[{"href":"https:\/\/juliancastiblanco.com\/web\/wp-json\/wp\/v2\/media?parent=2200"}],"wp:term":[{"taxonomy":"category","embeddable":true,"href":"https:\/\/juliancastiblanco.com\/web\/wp-json\/wp\/v2\/categories?post=2200"},{"taxonomy":"post_tag","embeddable":true,"href":"https:\/\/juliancastiblanco.com\/web\/wp-json\/wp\/v2\/tags?post=2200"}],"curies":[{"name":"wp","href":"https:\/\/api.w.org\/{rel}","templated":true}]}}