{"id":2500,"date":"2017-11-09T22:05:39","date_gmt":"2017-11-09T22:05:39","guid":{"rendered":"https:\/\/juliancastiblanco.com\/web\/dia-de-transformacion-digital-congreso-online-encabezado-por-lideres-de-grandes-empresas\/"},"modified":"2017-11-09T22:05:39","modified_gmt":"2017-11-09T22:05:39","slug":"dia-de-transformacion-digital-congreso-online-encabezado-por-lideres-de-grandes-empresas","status":"publish","type":"post","link":"https:\/\/juliancastiblanco.com\/web\/dia-de-transformacion-digital-congreso-online-encabezado-por-lideres-de-grandes-empresas\/","title":{"rendered":"D\u00eda de Transformaci\u00f3n Digital: Congreso online encabezado por l\u00edderes de grandes empresas"},"content":{"rendered":"<h1 style=\"text-align: justify\"><em>COLOMBIA (AndeanWire, 09 de noviembre de\u00a0 2017)\u00a0 \u00a0 \u00a0<\/em>El objetivo principal del evento es ofrecer a los asistentes una gran experiencia compartida con expertos de marketing y ventas de grandes empresas, tales como <strong>Microsoft, Hubspot, Unbounce, SiteGround, RD Station, Altura Interactive, TransferWise, SEMrush, Brandwatch. <\/strong>Los presentadores del evento son las personas que trabajan al lado de la transformaci\u00f3n digital: I\u00f1aki Tovar, CEO de Webpositer, y Zeph Snapp, CEO de Altura Interactive.<\/h1>\n<p style=\"text-align: justify\">Estos expertos van a mostrar con ejemplos reales co\u0301mo una empresa puede digitalizar sus diferentes procesos con e\u0301xito y tambi\u00e9n nos compartir\u00e1n sus experiencias sobre el sector digital en Espan\u0303a y LATAM. El mundo digital esta\u0301 transforma\u0301ndose di\u0301a a di\u0301a a un ritmo vertiginoso y es muy importante saber que\u0301 cambios esta\u0301n por llegar en el futuro.<\/p>\n<p>DTD17 est\u00e1 dirigido principalmente a CEOs, CMOs, especialistas y responsables de marketing digital, directores de comunicaci\u00f3n y, c\u00f3mo no, a agencias de SEO, Social Media, PPC, Marketing de contenidos, conversio\u0301n y ana\u0301lisis digital, UX y Mobile Marketing. Aquellos otros profesionales que est\u00e9n interesados en el tema que da nombre a este congreso ser\u00e1n bienvenidos.<\/p>\n<p>Este evento tiene un marcado car\u00e1cter internacional que implica la participaci\u00f3n de ponentes y espectadores tanto de Espa\u00f1a como de diferentes pa\u00edses de Am\u00e9rica Latina. Justo por esto, las horas de inicio ser\u00e1n diferentes para reforzar la participaci\u00f3n de una forma local en cada pa\u00eds. La duraci\u00f3n total del evento ser\u00e1 de 9 horas. El congreso incluira\u0301 diferentes formatos como ponencias, presentaciones de casos de estudios o de \u00e9xito, preguntas y respuestas.<\/p>\n<p><strong>Fecha y lugar: <\/strong><br \/>\nEl 22 de Noviembre 2017, a las 16:00 (horas de Madrid), a las 09:00 (horas de M\u00e9xico), se habilitar\u00e1 un acceso para que todos los interesados, ya sea desde la empresa, desde el hogar o desde consideren ma\u0301s oportuno, puedan participar haciendo click en el link que recibir\u00e1n tras haberse registrado previamente en la p\u00e1gina oficial del evento: <a href=\"http:\/\/diadetransformaciondigital.com\/\">http:\/\/diadetransformaciondigital.com\/<\/a>. La conferencia podr\u00e1 ser seguida tambi\u00e9n a trav\u00e9s de las redes sociales con el hashtag #DTD17.<br \/>\n<img loading=\"lazy\" decoding=\"async\" class=\"aligncenter wp-image-238994 size-full\" src=\"http:\/\/www.awnewscenter.com\/andeanwire\/wp-content\/uploads\/2017\/11\/1509714429_For_work.jpg\" alt=\"\" width=\"1024\" height=\"512\" \/><\/p>\n<p style=\"text-align: justify\"><strong>Contactos del evento: <\/strong><a href=\"mailto:info@diadetransformaciondigital.com\">info@diadetransformaciondigital.com<\/a> o Twitter: <a href=\"https:\/\/twitter.com\/DTD_es?lang=es\">@DTD_es<\/a><\/p>\n<p style=\"text-align: justify\"><strong>Contacto<br \/>\n<\/strong>Nombre contacto: El equipo de D\u00eda de transformaci\u00f3n digital<br \/>\nEmail de contacto: info@diadetransformaciondigital.com<\/p>\n<p>La entrada <a rel=\"nofollow\" href=\"http:\/\/www.awnewscenter.com\/andeanwire\/238993\/dia-transformacion-digital-congreso-online-encabezado-lideres-grandes-empresas\/\">D\u00eda de Transformaci\u00f3n Digital: Congreso online encabezado por l\u00edderes de grandes empresas<\/a> se public\u00f3 primero en <a rel=\"nofollow\" href=\"http:\/\/www.awnewscenter.com\/andeanwire\">AndeanWire. Central de Noticias<\/a>.<\/p>\n<p>Source: TIC<\/p>\n","protected":false},"excerpt":{"rendered":"<p>COLOMBIA (AndeanWire, 09 de noviembre de\u00a0 2017)\u00a0 \u00a0 \u00a0El objetivo principal del evento es ofrecer a los asistentes una gran experiencia compartida con expertos de marketing y ventas de grandes [&hellip;]<\/p>\n","protected":false},"author":4,"featured_media":2501,"comment_status":"false","ping_status":"open","sticky":false,"template":"","format":"standard","meta":{"footnotes":""},"categories":[9],"tags":[28],"class_list":["post-2500","post","type-post","status-publish","format-standard","has-post-thumbnail","hentry","category-tecnologia","tag-vinculos"],"_links":{"self":[{"href":"https:\/\/juliancastiblanco.com\/web\/wp-json\/wp\/v2\/posts\/2500","targetHints":{"allow":["GET"]}}],"collection":[{"href":"https:\/\/juliancastiblanco.com\/web\/wp-json\/wp\/v2\/posts"}],"about":[{"href":"https:\/\/juliancastiblanco.com\/web\/wp-json\/wp\/v2\/types\/post"}],"author":[{"embeddable":true,"href":"https:\/\/juliancastiblanco.com\/web\/wp-json\/wp\/v2\/users\/4"}],"replies":[{"embeddable":true,"href":"https:\/\/juliancastiblanco.com\/web\/wp-json\/wp\/v2\/comments?post=2500"}],"version-history":[{"count":0,"href":"https:\/\/juliancastiblanco.com\/web\/wp-json\/wp\/v2\/posts\/2500\/revisions"}],"wp:featuredmedia":[{"embeddable":true,"href":"https:\/\/juliancastiblanco.com\/web\/wp-json\/wp\/v2\/media\/2501"}],"wp:attachment":[{"href":"https:\/\/juliancastiblanco.com\/web\/wp-json\/wp\/v2\/media?parent=2500"}],"wp:term":[{"taxonomy":"category","embeddable":true,"href":"https:\/\/juliancastiblanco.com\/web\/wp-json\/wp\/v2\/categories?post=2500"},{"taxonomy":"post_tag","embeddable":true,"href":"https:\/\/juliancastiblanco.com\/web\/wp-json\/wp\/v2\/tags?post=2500"}],"curies":[{"name":"wp","href":"https:\/\/api.w.org\/{rel}","templated":true}]}}