{"id":2707,"date":"2018-03-08T13:49:41","date_gmt":"2018-03-08T13:49:41","guid":{"rendered":"https:\/\/juliancastiblanco.com\/web\/ntt-data-define-su-nueva-estructura-directiva-para-acelerar-la-unificacion-de-las-regiones-de-emea-y-america-latina\/"},"modified":"2018-03-08T13:49:41","modified_gmt":"2018-03-08T13:49:41","slug":"ntt-data-define-su-nueva-estructura-directiva-para-acelerar-la-unificacion-de-las-regiones-de-emea-y-america-latina","status":"publish","type":"post","link":"https:\/\/juliancastiblanco.com\/web\/ntt-data-define-su-nueva-estructura-directiva-para-acelerar-la-unificacion-de-las-regiones-de-emea-y-america-latina\/","title":{"rendered":"NTT DATA define su nueva estructura directiva para acelerar la unificaci\u00f3n de las regiones de EMEA y Am\u00e9rica Latina"},"content":{"rendered":"<p style=\"font-weight: 400;text-align: justify\"><em>\u00a0COLOMBIA (Marzo 08 de 2018).\u00a0 \u00a0<\/em> \u00a0 \u00a0<strong>NTT DATA<\/strong>, empresa global de servicios tecnol\u00f3gicos, ha anunciado su nueva estructura directiva para acelerar la unificaci\u00f3n de las tres compa\u00f1\u00edas del Grupo NTT DATA que operan en las regiones de EMEA (Europa, Oriente Medio y \u00c1frica) y Am\u00e9rica Latina: NTT DATA EMEA, intelligence y<strong>everis<\/strong>.<\/p>\n<p style=\"font-weight: 400;text-align: justify\">Benito V\u00e1zquez, actual CEO de everis, ha sido nombrado director adjunto de NTT DATA para las regiones de EMEA y Am\u00e9rica Latina, con efecto inmediato. Adem\u00e1s de acelerar el proceso de unificaci\u00f3n, V\u00e1zquez liderar\u00e1 el impulso al crecimiento y la optimizaci\u00f3n de las diferentes\u00a0\u00a0regiones, y reportar\u00e1 directamente a Koji Ito, vicepresidente y director de NTT DATA para las regiones de EMEA y Am\u00e9rica Latina.<\/p>\n<p style=\"font-weight: 400;text-align: justify\">NTT DATA ha anunciado tambi\u00e9n los siguientes cambios que entrar\u00e1n en vigor el 1 de abril de 2018.<\/p>\n<p style=\"font-weight: 400;text-align: justify\">Patrizio Mapelli, actual CEO de NTT DATA EMEA, empresa del Grupo NTT DATA, se retira y no asumir\u00e1 ninguna responsabilidad a nivel operativo. Mapelli ocupar\u00e1 la funci\u00f3n de asesor principal y de presidente de NTT DATA Italia. Benito V\u00e1zquez, por su parte, asumir\u00e1 tambi\u00e9n la responsabilidad de CEO de NTT DATA EMEA.<\/p>\n<p style=\"font-weight: 400;text-align: justify\">Eduardo Serra ser\u00e1 nombrado presidente de everis, asumiendo las funciones de Fernando Franc\u00e9s quien se retira de everis. Fritz Hoderlein, actual responsable del negocio de everis en EMEA, asumir\u00e1 el puesto de CEO de everis, ocupado anteriormente por V\u00e1zquez, quien seguir\u00e1 formando parte del Consejo de Administraci\u00f3n de everis.<\/p>\n<p style=\"font-weight: 400;text-align: justify\">Norbert Rotter continuar\u00e1 con su funci\u00f3n actual como CEO de itelligence y del grupo NTT DATA Business Solutions.<\/p>\n<p style=\"font-weight: 400;text-align: justify\">Benito V\u00e1zquez ha ocupado desde 2004 el puesto de CEO de everis. Cuando NTT DATA Corporation adquiri\u00f3 everis en 2014, V\u00e1zquez continu\u00f3 liderando la compa\u00f1\u00eda, convirtiendo a la consultora con presencia en 16 pa\u00edses, en un socio respetado y de confianza en las regiones de EMEA y Am\u00e9rica Latina.<\/p>\n<p style=\"font-weight: 400;text-align: justify\"><em>\u201cQuiero transmitir mi m\u00e1s sincero agradecimiento a Fernando Franc\u00e9s y a Patrizio Mapelli por su liderazgo, compromiso y contribuci\u00f3n al crecimiento de sus respectivos negocios\u201d<\/em>, afirm\u00f3 Kaz Nishihata, vicepresidente ejecutivo de NTT DATA Corporation. <em>\u201cGracias a sus logros, nos encontramos en posici\u00f3n de dar los pasos necesarios para construir una organizaci\u00f3n unificada en las regiones de EMEA y Am\u00e9rica Latina\u201d.<\/em><\/p>\n<p style=\"font-weight: 400;text-align: justify\">Koji Ito, vicepresidente y director de NTT DATA para las regiones de EMEA y Am\u00e9rica Latina afirm\u00f3: <em>\u201cestamos muy ilusionados con la energ\u00eda, pasi\u00f3n y capacidad de liderazgo que Benito V\u00e1zquez trae consigo para acelerar el proceso de unificaci\u00f3n de las tres compa\u00f1\u00edas del Grupo NTT DATA en la regi\u00f3n.\u201d<\/em><\/p>\n<p style=\"font-weight: 400;text-align: justify\"><em>\u201cEs un verdadero honor liderar un negocio de esta envergadura formado por un potente equipo de l\u00edderes y profesionales de perfiles tan diversos\u201d<\/em>, afirm\u00f3 V\u00e1zquez. <em>\u201cEs una gran oportunidad para ayudar a NTT DATA en su camino hacia convertirse en un socio de confianza para nuestros clientes globales, con el objetivo de que sean plenamente conscientes de que podemos aportar a\u00fan m\u00e1s valor como compa\u00f1\u00eda unificada. Me comprometo firmemente a conseguir esto, junto con el apoyo de mis compa\u00f1eros.\u201d<\/em><\/p>\n<p><img loading=\"lazy\" decoding=\"async\" class=\"aligncenter size-large wp-image-239423\" src=\"http:\/\/www.awnewscenter.com\/andeanwire\/wp-content\/uploads\/2018\/03\/Foto-Benito-Va\u0301zquez-CEO-everis-06-03-2018-1024x744.jpg\" alt=\"\" width=\"810\" height=\"589\" \/><\/p>\n<p>La entrada <a rel=\"nofollow\" href=\"http:\/\/www.awnewscenter.com\/andeanwire\/239420\/ntt-data-define-su-nueva-estructura-directiva-para-acelerar-la-unificacion-de-las-regiones-de-emea-y-america-latina\/\">NTT DATA define su nueva estructura directiva para acelerar la unificaci\u00f3n de las regiones de EMEA y Am\u00e9rica Latina<\/a> se public\u00f3 primero en <a rel=\"nofollow\" href=\"http:\/\/www.awnewscenter.com\/andeanwire\">AndeanWire. Central de Noticias<\/a>.<\/p>\n<p>Source: TIC<\/p>\n","protected":false},"excerpt":{"rendered":"<p>\u00a0COLOMBIA (Marzo 08 de 2018).\u00a0 \u00a0 \u00a0 \u00a0NTT DATA, empresa global de servicios tecnol\u00f3gicos, ha anunciado su nueva estructura directiva para acelerar la unificaci\u00f3n de las tres compa\u00f1\u00edas del Grupo [&hellip;]<\/p>\n","protected":false},"author":4,"featured_media":2708,"comment_status":"false","ping_status":"open","sticky":false,"template":"","format":"standard","meta":{"footnotes":""},"categories":[9],"tags":[28],"class_list":["post-2707","post","type-post","status-publish","format-standard","has-post-thumbnail","hentry","category-tecnologia","tag-vinculos"],"_links":{"self":[{"href":"https:\/\/juliancastiblanco.com\/web\/wp-json\/wp\/v2\/posts\/2707","targetHints":{"allow":["GET"]}}],"collection":[{"href":"https:\/\/juliancastiblanco.com\/web\/wp-json\/wp\/v2\/posts"}],"about":[{"href":"https:\/\/juliancastiblanco.com\/web\/wp-json\/wp\/v2\/types\/post"}],"author":[{"embeddable":true,"href":"https:\/\/juliancastiblanco.com\/web\/wp-json\/wp\/v2\/users\/4"}],"replies":[{"embeddable":true,"href":"https:\/\/juliancastiblanco.com\/web\/wp-json\/wp\/v2\/comments?post=2707"}],"version-history":[{"count":0,"href":"https:\/\/juliancastiblanco.com\/web\/wp-json\/wp\/v2\/posts\/2707\/revisions"}],"wp:featuredmedia":[{"embeddable":true,"href":"https:\/\/juliancastiblanco.com\/web\/wp-json\/wp\/v2\/media\/2708"}],"wp:attachment":[{"href":"https:\/\/juliancastiblanco.com\/web\/wp-json\/wp\/v2\/media?parent=2707"}],"wp:term":[{"taxonomy":"category","embeddable":true,"href":"https:\/\/juliancastiblanco.com\/web\/wp-json\/wp\/v2\/categories?post=2707"},{"taxonomy":"post_tag","embeddable":true,"href":"https:\/\/juliancastiblanco.com\/web\/wp-json\/wp\/v2\/tags?post=2707"}],"curies":[{"name":"wp","href":"https:\/\/api.w.org\/{rel}","templated":true}]}}