{"id":2918,"date":"2018-05-31T15:59:10","date_gmt":"2018-05-31T15:59:10","guid":{"rendered":"https:\/\/juliancastiblanco.com\/web\/20o-congreso-de-andesco-en-la-ciudad-de-medellin-sobre-servicios-publicos-domiciliarios-tic-y-tv-para-el-crecimiento-verde\/"},"modified":"2018-05-31T15:59:10","modified_gmt":"2018-05-31T15:59:10","slug":"20o-congreso-de-andesco-en-la-ciudad-de-medellin-sobre-servicios-publicos-domiciliarios-tic-y-tv-para-el-crecimiento-verde","status":"publish","type":"post","link":"https:\/\/juliancastiblanco.com\/web\/20o-congreso-de-andesco-en-la-ciudad-de-medellin-sobre-servicios-publicos-domiciliarios-tic-y-tv-para-el-crecimiento-verde\/","title":{"rendered":"20\u00ba Congreso de ANDESCO en la ciudad de Medell\u00edn sobre Servicios P\u00fablicos Domiciliarios, TIC y TV para el crecimiento Verde"},"content":{"rendered":"<p style=\"text-align: justify\"><em>COLOMBIA\u00a0 (31 de Mayo de 2018)\u00a0\u00a0\u00a0\u00a0\u00a0\u00a0\u00a0 <\/em>\u00a0ANDESCO, La Asociaci\u00f3n Nacional de Empresas de Servicios P\u00fablicos y Comunicaciones, presentar\u00e1 en el Centro de Convenciones Plaza Mayor ubicado en la ciudad de Medell\u00edn, su 20\u00ba Congreso Nacional e Internacional, el cual l se llevar\u00e1 a cabo \u00a0los d\u00edas 4,5 y 6 de julio de 2018 y tendr\u00e1 como tema central <em>\u201cServicios P\u00fablicos Domiciliarios, TIC y TV para el Crecimiento Verde\u201d<\/em><\/p>\n<p style=\"text-align: justify\">El enfoque de la tem\u00e1tica presentada tiene como objetivo un desarrollo sostenible que garantice en el largo plazo, el bienestar econ\u00f3mico y social de la poblaci\u00f3n,\u00a0 asegurando que la base de los recursos provea los bienes y servicios ambientales que el pa\u00eds necesita y el ambiente natural sea capaz de recuperarse ante los impactos de las actividades productivas.<\/p>\n<p style=\"text-align: justify\">Para esta edici\u00f3n, se tiene estimado reunir a m\u00e1s de 2.600 asistentes pertenecientes a diferentes sectores como:<\/p>\n<ul style=\"text-align: justify\">\n<li>Empresas de servicios p\u00fablicos nacionales e internacionales: energ\u00eda el\u00e9ctrica, gas natural, aseo y gesti\u00f3n de residuos, acueducto, alcantarillado, TIC y TV.<\/li>\n<li>Gobierno Nacional, Departamental, Distrital y Municipal.<\/li>\n<li>Entidades de vigilancia, control y regulaci\u00f3n.<\/li>\n<li>Congreso de la Rep\u00fablica.<\/li>\n<li>Autoridades ambientales.<\/li>\n<li>Gremios nacionales e internacionales.<\/li>\n<li>Sector jurisdiccional.<\/li>\n<li>Proveedores.<\/li>\n<li>Consultores jur\u00eddicos, t\u00e9cnicos, ambientales, financieros.<\/li>\n<li>Banca multilateral.<\/li>\n<li>Embajadas.<\/li>\n<li>C\u00e1maras binacionales.<\/li>\n<li>Medios de comunicaci\u00f3n.<\/li>\n<li>Organizaciones sociales y ambientales.<\/li>\n<li>Vocales de control.<\/li>\n<li>Usuarios de los servicios.<\/li>\n<li>Sector financiero.<\/li>\n<li>Sector asegurador.<\/li>\n<li>Academia.<\/li>\n<li>C\u00e1maras de comercio.<\/li>\n<\/ul>\n<p style=\"text-align: justify\">Finalmente y con el apoyo de diferentes entidades gubernamentales, este Congreso se convierte en el evento de Servicios P\u00fablicos, TIC y TV, m\u00e1s grande e importante de Colombia y Latinoam\u00e9rica, el cual busca convertirse en una plataforma ideal para establecer contactos comerciales, facilitar alianzas estrat\u00e9gicas \u00a0y propiciar negocios que generen desarrollo y crecimiento en la regi\u00f3n.<\/p>\n<p>&nbsp;<\/p>\n<p><img loading=\"lazy\" decoding=\"async\" class=\"aligncenter size-full wp-image-240034\" src=\"https:\/\/www.awnewscenter.com\/andeanwire\/wp-content\/uploads\/2018\/05\/20\u00ba-Congreso-de-ANDESCO-en-la-ciudad-de-Medell\u00edn-sobre-Servicios-P\u00fablicos-Domiciliarios-TIC-y-TV-para-el-crecimiento-Verde.png\" alt=\"\" width=\"807\" height=\"385\" \/><\/p>\n<p>&nbsp;<\/p>\n<p style=\"text-align: justify\">Para mayor informaci\u00f3n e inscripciones, consulte<\/p>\n<p style=\"text-align: justify\"><a href=\"http:\/\/new.andesco.org.co\/congreso-site.html\" target=\"_blank\" rel=\"noopener\">http:\/\/new.andesco.org.co\/congreso-site.html<\/a><\/p>\n<p>Fuente: Central de Noticias AndeanWire<\/p>\n<p>Source: TIC<\/p>\n","protected":false},"excerpt":{"rendered":"<p>COLOMBIA\u00a0 (31 de Mayo de 2018)\u00a0\u00a0\u00a0\u00a0\u00a0\u00a0\u00a0 \u00a0ANDESCO, La Asociaci\u00f3n Nacional de Empresas de Servicios P\u00fablicos y Comunicaciones, presentar\u00e1 en el Centro de Convenciones Plaza Mayor ubicado en la ciudad de [&hellip;]<\/p>\n","protected":false},"author":4,"featured_media":2919,"comment_status":"false","ping_status":"open","sticky":false,"template":"","format":"standard","meta":{"footnotes":""},"categories":[9],"tags":[28],"class_list":["post-2918","post","type-post","status-publish","format-standard","has-post-thumbnail","hentry","category-tecnologia","tag-vinculos"],"_links":{"self":[{"href":"https:\/\/juliancastiblanco.com\/web\/wp-json\/wp\/v2\/posts\/2918","targetHints":{"allow":["GET"]}}],"collection":[{"href":"https:\/\/juliancastiblanco.com\/web\/wp-json\/wp\/v2\/posts"}],"about":[{"href":"https:\/\/juliancastiblanco.com\/web\/wp-json\/wp\/v2\/types\/post"}],"author":[{"embeddable":true,"href":"https:\/\/juliancastiblanco.com\/web\/wp-json\/wp\/v2\/users\/4"}],"replies":[{"embeddable":true,"href":"https:\/\/juliancastiblanco.com\/web\/wp-json\/wp\/v2\/comments?post=2918"}],"version-history":[{"count":0,"href":"https:\/\/juliancastiblanco.com\/web\/wp-json\/wp\/v2\/posts\/2918\/revisions"}],"wp:featuredmedia":[{"embeddable":true,"href":"https:\/\/juliancastiblanco.com\/web\/wp-json\/wp\/v2\/media\/2919"}],"wp:attachment":[{"href":"https:\/\/juliancastiblanco.com\/web\/wp-json\/wp\/v2\/media?parent=2918"}],"wp:term":[{"taxonomy":"category","embeddable":true,"href":"https:\/\/juliancastiblanco.com\/web\/wp-json\/wp\/v2\/categories?post=2918"},{"taxonomy":"post_tag","embeddable":true,"href":"https:\/\/juliancastiblanco.com\/web\/wp-json\/wp\/v2\/tags?post=2918"}],"curies":[{"name":"wp","href":"https:\/\/api.w.org\/{rel}","templated":true}]}}