{"id":2999,"date":"2018-06-25T17:42:20","date_gmt":"2018-06-25T17:42:20","guid":{"rendered":"https:\/\/juliancastiblanco.com\/web\/las-redes-sociales-se-toman-la-economia-de-la-region-caribe-2\/"},"modified":"2018-06-25T17:42:20","modified_gmt":"2018-06-25T17:42:20","slug":"las-redes-sociales-se-toman-la-economia-de-la-region-caribe-2","status":"publish","type":"post","link":"https:\/\/juliancastiblanco.com\/web\/las-redes-sociales-se-toman-la-economia-de-la-region-caribe-2\/","title":{"rendered":"\u00a1Las redes sociales se toman la econom\u00eda de la regi\u00f3n Caribe!"},"content":{"rendered":"<p style=\"text-align: justify\">En la era digital, no tener presencia en redes sociales es muy parecido a no existir. Un mundo cada vez m\u00e1s conectado, requiere que los empresarios y emprendedores migren a donde est\u00e1n los consumidores: el internet.<\/p>\n<p style=\"text-align: justify\">Actualmente, Instagram tiene m\u00e1s de 800 millones de usuarios, WhatsApp un mill\u00f3n trescientos y Facebook cerca de dos millones doscientos. Es debido a esto que Juli\u00e1n Castiblanco, mentor, coach, Ingeniero de Mercados, MBA &amp; consultor en Marketing Digital, Innovaci\u00f3n y TIC\u2019s, ha estado, desde hace m\u00e1s de dos a\u00f1os, realizando giras en varias ciudades de la Costa Caribe como Barranquilla, Cartagena y Valledupar, con el objetivo de alfabetizar en temas digitales a cientos de personas, permitiendo as\u00ed activar y dinamizar la econom\u00eda de la regi\u00f3n a trav\u00e9s de la tecnolog\u00eda.<\/p>\n<p style=\"text-align: justify\">As\u00ed mismo, gracias a su amplia trayectoria y experiencia en el \u00e1rea y en alianza estrat\u00e9gica con las organizaciones HBR HOTELES (Hotel American Golf, Hotel Casa Ballesteros, Hotel Prado 72 y Majestic Hotel Boutique) y ExpoM\u00e1s, Juli\u00e1n Castiblanco ha hecho posible aplicar las nuevas tecnolog\u00edas a las peque\u00f1as y medianas empresas como un medio para hacer negocios y crecer. Compartiendo su conocimiento en Marketing digital, Castiblanco busca que las empresas puedan aumentar su posicionamiento y n\u00famero de clientes al usar las redes sociales de forma avanzada.<\/p>\n<p style=\"text-align: justify\">Finalmente, sus cursos pr\u00e1cticos permiten descubrir el poder de las redes sociales para vender m\u00e1s de forma r\u00e1pida y efectiva, con la ayuda de estrategias que contribuyen con el aumento del n\u00famero de clientes potenciales, por lo cual, sus giras continuar\u00e1n recorriendo la regi\u00f3n Caribe, para as\u00ed continuar capacitando a un gran n\u00famero de emprendedores y empresarios.<\/p>\n<p style=\"text-align: justify\"><img loading=\"lazy\" decoding=\"async\" class=\"alignnone wp-image-240156 size-full\" title=\" Julian Castiblanco Redes Sociales.\" src=\"https:\/\/www.awnewscenter.com\/andeanwire\/wp-content\/uploads\/2018\/06\/Julian-Castiblanco-Redes-Sociales.jpeg\" alt=\" Julian Castiblanco Redes Sociales.\" width=\"832\" height=\"554\" \/><\/p>\n<p style=\"text-align: justify\"><strong><em>Acerca de Juli\u00e1n Castiblanco<\/em><\/strong><\/p>\n<p style=\"text-align: justify\">Mentor y Coach, Ingeniero de mercados, MBA &amp; Consultor Marketing Digital, Innovaci\u00f3n y TIC, Gesti\u00f3n del cambio, Uso y apropiaci\u00f3n, Transformaci\u00f3n Digital. Fundador de Ingenieros de Marketing.<\/p>\n<p style=\"text-align: justify\">M\u00e1s de 15 an\u0303os de experiencia en marketing digital y 5 a\u00f1os en procesos de Gestio\u0301n del Cambio, Uso y Apropiacio\u0301n y Transformacio\u0301n Digital en proyectos de Arquitectura Empresarial, IT, TIC`s, Gestio\u0301n Documental y otros como Li\u0301der de Proyecto para entidades pu\u0301blicas y privadas a trave\u0301s de Management and Quality SAS para Ministerio de Educacio\u0301n Nacional, Secretari\u0301a Distrital de Ambiente de Bogota\u0301, Aeronau\u0301tica Civil, Comisio\u0301n de Regulacio\u0301n de Energi\u0301a y Gas, Fondo Nacional del Ahorro, entre otros. Adicionalmente para algunos procesos privados en Informa\u0301tica el Corte Ingle\u0301s para clientes como Mapfre. Ver mi Webinar sobre Gestio\u0301n del Cambio como Corazo\u0301n de la Estrategia de Transformacio\u0301n Digital. <a href=\"https:\/\/juliancastiblanco.com\/web\/\">https:\/\/juliancastiblanco.com\/web\/<\/a><\/p>\n<p>Fuente: Central de Noticias AndeanWire<\/p>\n<p>Source: TIC<\/p>\n","protected":false},"excerpt":{"rendered":"<p>En la era digital, no tener presencia en redes sociales es muy parecido a no existir. Un mundo cada vez m\u00e1s conectado, requiere que los empresarios y emprendedores migren a [&hellip;]<\/p>\n","protected":false},"author":4,"featured_media":3000,"comment_status":"false","ping_status":"open","sticky":false,"template":"","format":"standard","meta":{"footnotes":""},"categories":[9],"tags":[28],"class_list":["post-2999","post","type-post","status-publish","format-standard","has-post-thumbnail","hentry","category-tecnologia","tag-vinculos"],"_links":{"self":[{"href":"https:\/\/juliancastiblanco.com\/web\/wp-json\/wp\/v2\/posts\/2999","targetHints":{"allow":["GET"]}}],"collection":[{"href":"https:\/\/juliancastiblanco.com\/web\/wp-json\/wp\/v2\/posts"}],"about":[{"href":"https:\/\/juliancastiblanco.com\/web\/wp-json\/wp\/v2\/types\/post"}],"author":[{"embeddable":true,"href":"https:\/\/juliancastiblanco.com\/web\/wp-json\/wp\/v2\/users\/4"}],"replies":[{"embeddable":true,"href":"https:\/\/juliancastiblanco.com\/web\/wp-json\/wp\/v2\/comments?post=2999"}],"version-history":[{"count":0,"href":"https:\/\/juliancastiblanco.com\/web\/wp-json\/wp\/v2\/posts\/2999\/revisions"}],"wp:featuredmedia":[{"embeddable":true,"href":"https:\/\/juliancastiblanco.com\/web\/wp-json\/wp\/v2\/media\/3000"}],"wp:attachment":[{"href":"https:\/\/juliancastiblanco.com\/web\/wp-json\/wp\/v2\/media?parent=2999"}],"wp:term":[{"taxonomy":"category","embeddable":true,"href":"https:\/\/juliancastiblanco.com\/web\/wp-json\/wp\/v2\/categories?post=2999"},{"taxonomy":"post_tag","embeddable":true,"href":"https:\/\/juliancastiblanco.com\/web\/wp-json\/wp\/v2\/tags?post=2999"}],"curies":[{"name":"wp","href":"https:\/\/api.w.org\/{rel}","templated":true}]}}