{"id":3637,"date":"2018-12-12T13:47:57","date_gmt":"2018-12-12T13:47:57","guid":{"rendered":"https:\/\/juliancastiblanco.com\/web\/?p=3637"},"modified":"2018-12-12T13:47:57","modified_gmt":"2018-12-12T13:47:57","slug":"google-acelera-el-fin-de-google-por-nueva-falla-que-expone-a-usuarios","status":"publish","type":"post","link":"https:\/\/juliancastiblanco.com\/web\/google-acelera-el-fin-de-google-por-nueva-falla-que-expone-a-usuarios\/","title":{"rendered":"Google acelera el fin de Google+ por nueva falla que expone a usuarios"},"content":{"rendered":"<h1 style=\"text-align: justify;\"><span style=\"font-family: arial, helvetica, sans-serif;\"><span style=\"font-size: 14px;\">Google adelantar\u00e1 el cierre definitivo de su red social Google+ cinco meses despu\u00e9s de encontrar nuevas fallas de seguridad que<\/span><span style=\"font-size: 14px;\"> expusie<\/span><span style=\"font-size: 14px;\">ron<\/span><span style=\"font-size: 14px;\"> la informaci\u00f3n de m\u00e1s de 50 millones de usuarios. El fin de la red social del gigante estadounidense llegar\u00e1 en abril de 2019 y no <\/span><span style=\"font-size: 14px;\">en agosto como estaba previsto.\u00a0\u00a0<\/span><\/span><\/h1>\n<h1 style=\"text-align: justify;\"><span style=\"font-family: arial, helvetica, sans-serif;\"><span style=\"font-size: 14px;\">Seg\u00fan indic\u00f3\u00a0David Thacker, vicepresidente de producto en Google, en una publicaci\u00f3n del blog de la compa\u00f1\u00eda, \u00abcon el hallazgo de este nuevo error de software, hemos decidido acelerar la clausura de Google+ de agosto de 2019 (fecha inicialmente prevista) a abril de 2019\u00bb. <\/span><\/span><\/p>\n<p><span style=\"font-family: arial, helvetica, sans-serif;\"><span style=\"font-size: 14px;\">Seg\u00fan el comunicado, el adelanto de la fecha tendr\u00e1 implicaciones para los desarrolladores, pero busca \u00abgarantizar la protecci\u00f3n de nuestros usuarios. Hemos empezado el proceso de notificar a los afectados por el fallo\u00bb.<\/span><\/span><\/h1>\n<h1 style=\"text-align: justify;\"><span style=\"font-family: arial, helvetica, sans-serif;\"><span style=\"font-size: 14px;\">La nueva falla expuso los datos personales de 52.5 millones de usuarios, al dejar la informaci\u00f3n visible para desarrolladores, incluso en cuentas que ten\u00edan su configuraci\u00f3n como privada. Los datos, que permanecieron expuestos entre el 7 y 13 de noviembre, mostraron nombres, direcciones de correo electr\u00f3nico, empleo y edad de los usuarios. La falla ocurri\u00f3 justo en la fecha en la que Google lanz\u00f3 una API que permiti\u00f3 que terceros accedieran de manera irregular.<\/span><\/span><\/h1>\n<h1 style=\"text-align: justify;\"><span style=\"font-family: arial, helvetica, sans-serif;\"><span style=\"font-size: 14px;\">\u00bfPero qu\u00e9 son las API?, para no enredar con t\u00e9rminos t\u00e9cnicos se puede entender las API como los puentes que permiten que una aplicaci\u00f3n pueda compartir informaci\u00f3n con otra. Por ejemplo, cuando alguien descarga un aplicativo que solicita un inicio de sesi\u00f3n, como Spotify, y de la posibilidad de conectarse con Facebook, lo que permite que la primera acceda a los datos que suministra la segunda API.<\/span><\/span><\/h1>\n<h1 style=\"text-align: justify;\"><span style=\"font-family: arial, helvetica, sans-serif;\"><span style=\"font-size: 14px;\">Para el caso de Google+ la irregularidad se present\u00f3 porque el usuario ten\u00eda los datos configurados como privados, es decir que terceros no tendr\u00edan por qu\u00e9 tener la puerta abierta para acceder a los mismos.<\/span><\/span><\/h1>\n<h1 style=\"text-align: justify;\"><span style=\"font-family: arial, helvetica, sans-serif;\"><span style=\"font-size: 14px;\">Seg\u00fan el gigante tecnol\u00f3gico no hay constancia de que los datos hubiesen sido aprovechados por delincuentes. Sin embargo, la falla remonta al error revelado en octubre, que llev\u00f3 a la empresa a decidir cerrar Google +.\u00a0<\/span><\/span><\/h1>\n<p><span style=\"font-family: arial, helvetica, sans-serif;\">\u00a0<\/span><\/p>\n<p><span style=\"font-family: arial, helvetica, sans-serif;\">Fuente <a href=\"http:\/\/www.elespectador.com\">www.elespectador.com<\/a> <a href=\"https:\/\/www.eltiempo.com\">https:\/\/www.eltiempo.com<\/a><\/span><\/p>\n<p><span style=\"font-family: arial, helvetica, sans-serif;\">Editor Lineth Blanco Teheran, Community Manager Ingenieros de Marketing<\/span><\/p>\n","protected":false},"excerpt":{"rendered":"<p>Google adelantar\u00e1 el cierre definitivo de su red social Google+ cinco meses despu\u00e9s de encontrar nuevas fallas de seguridad que expusieron la informaci\u00f3n de m\u00e1s de 50 millones de usuarios. [&hellip;]<\/p>\n","protected":false},"author":4,"featured_media":3638,"comment_status":"open","ping_status":"open","sticky":false,"template":"","format":"standard","meta":{"footnotes":""},"categories":[9],"tags":[],"class_list":["post-3637","post","type-post","status-publish","format-standard","has-post-thumbnail","hentry","category-tecnologia"],"_links":{"self":[{"href":"https:\/\/juliancastiblanco.com\/web\/wp-json\/wp\/v2\/posts\/3637","targetHints":{"allow":["GET"]}}],"collection":[{"href":"https:\/\/juliancastiblanco.com\/web\/wp-json\/wp\/v2\/posts"}],"about":[{"href":"https:\/\/juliancastiblanco.com\/web\/wp-json\/wp\/v2\/types\/post"}],"author":[{"embeddable":true,"href":"https:\/\/juliancastiblanco.com\/web\/wp-json\/wp\/v2\/users\/4"}],"replies":[{"embeddable":true,"href":"https:\/\/juliancastiblanco.com\/web\/wp-json\/wp\/v2\/comments?post=3637"}],"version-history":[{"count":2,"href":"https:\/\/juliancastiblanco.com\/web\/wp-json\/wp\/v2\/posts\/3637\/revisions"}],"predecessor-version":[{"id":3640,"href":"https:\/\/juliancastiblanco.com\/web\/wp-json\/wp\/v2\/posts\/3637\/revisions\/3640"}],"wp:featuredmedia":[{"embeddable":true,"href":"https:\/\/juliancastiblanco.com\/web\/wp-json\/wp\/v2\/media\/3638"}],"wp:attachment":[{"href":"https:\/\/juliancastiblanco.com\/web\/wp-json\/wp\/v2\/media?parent=3637"}],"wp:term":[{"taxonomy":"category","embeddable":true,"href":"https:\/\/juliancastiblanco.com\/web\/wp-json\/wp\/v2\/categories?post=3637"},{"taxonomy":"post_tag","embeddable":true,"href":"https:\/\/juliancastiblanco.com\/web\/wp-json\/wp\/v2\/tags?post=3637"}],"curies":[{"name":"wp","href":"https:\/\/api.w.org\/{rel}","templated":true}]}}