{"id":3691,"date":"2018-12-26T14:38:39","date_gmt":"2018-12-26T14:38:39","guid":{"rendered":"https:\/\/juliancastiblanco.com\/web\/?p=3691"},"modified":"2018-12-26T14:38:39","modified_gmt":"2018-12-26T14:38:39","slug":"sobreviviria-facebook-sin-zuckerberg","status":"publish","type":"post","link":"https:\/\/juliancastiblanco.com\/web\/sobreviviria-facebook-sin-zuckerberg\/","title":{"rendered":"\u00bfSobrevivir\u00eda Facebook sin Zuckerberg?"},"content":{"rendered":"<p style=\"text-align: justify;\"><span style=\"font-size: 16px;\">\u00bfPodr\u00eda seguir adelante Facebook sin Mark Zuckeberg? 2018 cierra y con \u00e9l se lleva el peor a\u00f1o de la historia de Facebook y quiz\u00e1 el peor hasta la fecha de Mark Zuckerberg al frente de la compa\u00f1\u00eda. Los analistas consultados por Innova+ son claros \u00abes complicado ver a Zuckerberg fuera de Facebook\u00bb. <\/span><\/p>\n<p style=\"text-align: justify;\"><span style=\"font-size: 16px;\">No es la primera vez que surgen voces que piden la dimisi\u00f3n del presidente de la compa\u00f1\u00eda, las primeras quejas llegaron en 2017. En aquella fecha, Facebook declin\u00f3 hacer declaraciones y esper\u00f3 a que pasaran las turbulencias. Este a\u00f1o, volvieron a surgir las dudas y las quejas. \u00abFacebook juega un papel de gran tama\u00f1o en nuestra sociedad y nuestra econom\u00eda. Tienen la responsabilidad social y financiera de ser transparentes, por eso exigimos independencia y responsabilidad en la sala de juntas de la compa\u00f1\u00eda\u00bb. <\/span><\/p>\n<p style=\"text-align: justify;\"><span style=\"font-size: 16px;\">Este es parte del comunicado firmado por los tesoreros estatales de Ilinois, Rhode Island y Pennsylvania, todos ellos poseen acciones de la red social. Zuckerberg con tan solo 34 a\u00f1os es el CEO de la mayor red social de todo el mundo y una de las compa\u00f1\u00edas m\u00e1s poderosas de Estados Unidos. Se ha convertido en uno de los l\u00edderes de opini\u00f3n con mayor repercusi\u00f3n en todo el mundo e, incluso, le situaban en la casilla de salida para las Presidenciales estadounidenses de 2020. Sin embargo, ahora todo ha cambiado. <\/span><\/p>\n<p style=\"text-align: justify;\"><span style=\"font-size: 16px;\">2018 ha puesto todo en contra de Zuckerberg y Facebook ya no es la id\u00edlica red social de hace unos a\u00f1os. Este 2019, 150 millones de personas han visto expuestos sus datos a terceros. A esa cifra se le suman, las 87 millones de cuentas relacionadas con el Caso Cambridge Analytica y otros 50 millones de usuarios comprometidos por un fallo de seguridad y sin olvidar el \u00faltimo esc\u00e1ndalo: durante 12 d\u00edas de este a\u00f1o, los desarrolladores que trabajan para Facebook tuvieron por accidente acceso a casi siete millones de fotos de los usuarios particulares. La p\u00e9rdida de usuarios, los problemas con las noticias falsas, las publicaciones violentas en la plataforma y las acusaciones de una mala gesti\u00f3n ha llevado a Facebook a perder un 29,19% en su revalorizaci\u00f3n burs\u00e1til anual. Es m\u00e1s, seg\u00fan el \u00edndice de multimillonarios de Bloomberg, Zuckerberg ha perdido este a\u00f1o cerca de 16.700 millones de euros. \u00abEs la octava compa\u00f1\u00eda m\u00e1s grande del mundo. Tiene 2.000 millones de usuarios. Se encuentra en aguas inexploradas y no se ha comportado de una manera correcta, que haga que la gente se sienta bien respecto a Facebook y segura con respecto al manejo de sus datos personales\u00bb, denunci\u00f3 Scott Stringer, auditor de la ciudad de Nueva York, tras el esc\u00e1ndalo de Cambridge Analytica. <\/span><\/p>\n<p style=\"text-align: justify;\"><span style=\"font-size: 16px;\">El \u00faltimo trimestre de 2018 est\u00e1 siendo movido en las oficinas de Palo Alto. \u00abEs hora de seguir adelante, pero no puedo estar m\u00e1s orgulloso de c\u00f3mo WhatsApp contin\u00faa tocando a las personas de muchas maneras diferentes todos los d\u00edas. <\/span><\/p>\n<p style=\"text-align: justify;\"><span style=\"font-size: 16px;\">Estoy seguro de que WhatsApp continuar\u00e1 siendo el producto de comunicaci\u00f3n simple, segura y confiable durante los pr\u00f3ximos a\u00f1os. Voy a tomarme un tiempo para recargarme y pasar tiempo con mi familia\u00bb. As\u00ed se desped\u00eda en noviembre Neeraj Arora, director de negocio de Whatsapp durante siete a\u00f1os. A esta salida se suma en mayo pasado la del fundador de la famosa aplicaci\u00f3n de mensajer\u00eda instant\u00e1nea, Jan Koum. Y tambi\u00e9n hay que sumar la salida de los cofundadores de Instagram en septiembre. Kevin Systrom y Mike Krieger dejaron la red social de fotograf\u00eda, porque quieren explorar de nuevo su \u00abcuriosidad y creatividad\u00bb.\u00a0<\/span><\/p>\n<p style=\"text-align: justify;\"><span style=\"font-size: 16px;\">Entre las esperanzas de los inversores est\u00e1n que la SEC, el regulador burs\u00e1til estadounidenses, o la FTC, la Comisi\u00f3n Federal de Comercio del pa\u00eds, entren en acci\u00f3n. Sin embargo, por el momento, Facebook no ha cometido alguna irregularidad para que entren de oficio en la estructura de la gran compa\u00f1\u00eda.<\/span><\/p>\n<p style=\"text-align: justify;\"><span style=\"font-size: 16px;\">Fuente, <a href=\"https:\/\/l.facebook.com\/l.php?u=https%3A%2F%2Fwww.burgosconecta.es%2F%3Ffbclid%3DIwAR2jeKBPy-mVx6JI1cFrBTcfXDSn0izSftGxHgS_1fd55tCZiqgA39I8ckM&amp;h=AT3S84YwUoprHlwGe1dEIDEPIFnbDzDTuCiaNfxOUSwlrcRAudVJWj8chdLT99WAxpRu_XF6JXw37oV354LjNQ0pCNSl1jGMd39g5Cw7B_TsnLwVZnir_hdG2PR3z_ZKag\">https:\/\/www.burgosconecta.es\/<\/a> <a href=\"https:\/\/l.facebook.com\/l.php?u=https%3A%2F%2Fwww.hoy.es%2F%3Ffbclid%3DIwAR2sZzhhi48nP6vnOA0gBUcMSHO4Cc3DxFbzfycFauecHb4UJ-qb5fXEWHE&amp;h=AT3S84YwUoprHlwGe1dEIDEPIFnbDzDTuCiaNfxOUSwlrcRAudVJWj8chdLT99WAxpRu_XF6JXw37oV354LjNQ0pCNSl1jGMd39g5Cw7B_TsnLwVZnir_hdG2PR3z_ZKag\">https:\/\/www.hoy.es<\/a><\/span><\/p>\n<p style=\"text-align: justify;\"><span style=\"font-size: 16px;\">Editor Lineth Blanco Teheran, Community Manager Ingenieros de Marketing<\/span><\/p>\n","protected":false},"excerpt":{"rendered":"<p>\u00bfPodr\u00eda seguir adelante Facebook sin Mark Zuckeberg? 2018 cierra y con \u00e9l se lleva el peor a\u00f1o de la historia de Facebook y quiz\u00e1 el peor hasta la fecha de [&hellip;]<\/p>\n","protected":false},"author":4,"featured_media":3692,"comment_status":"open","ping_status":"open","sticky":false,"template":"","format":"standard","meta":{"footnotes":""},"categories":[9],"tags":[],"class_list":["post-3691","post","type-post","status-publish","format-standard","has-post-thumbnail","hentry","category-tecnologia"],"_links":{"self":[{"href":"https:\/\/juliancastiblanco.com\/web\/wp-json\/wp\/v2\/posts\/3691","targetHints":{"allow":["GET"]}}],"collection":[{"href":"https:\/\/juliancastiblanco.com\/web\/wp-json\/wp\/v2\/posts"}],"about":[{"href":"https:\/\/juliancastiblanco.com\/web\/wp-json\/wp\/v2\/types\/post"}],"author":[{"embeddable":true,"href":"https:\/\/juliancastiblanco.com\/web\/wp-json\/wp\/v2\/users\/4"}],"replies":[{"embeddable":true,"href":"https:\/\/juliancastiblanco.com\/web\/wp-json\/wp\/v2\/comments?post=3691"}],"version-history":[{"count":1,"href":"https:\/\/juliancastiblanco.com\/web\/wp-json\/wp\/v2\/posts\/3691\/revisions"}],"predecessor-version":[{"id":3693,"href":"https:\/\/juliancastiblanco.com\/web\/wp-json\/wp\/v2\/posts\/3691\/revisions\/3693"}],"wp:featuredmedia":[{"embeddable":true,"href":"https:\/\/juliancastiblanco.com\/web\/wp-json\/wp\/v2\/media\/3692"}],"wp:attachment":[{"href":"https:\/\/juliancastiblanco.com\/web\/wp-json\/wp\/v2\/media?parent=3691"}],"wp:term":[{"taxonomy":"category","embeddable":true,"href":"https:\/\/juliancastiblanco.com\/web\/wp-json\/wp\/v2\/categories?post=3691"},{"taxonomy":"post_tag","embeddable":true,"href":"https:\/\/juliancastiblanco.com\/web\/wp-json\/wp\/v2\/tags?post=3691"}],"curies":[{"name":"wp","href":"https:\/\/api.w.org\/{rel}","templated":true}]}}