{"id":3694,"date":"2018-12-28T12:47:02","date_gmt":"2018-12-28T12:47:02","guid":{"rendered":"https:\/\/juliancastiblanco.com\/web\/?p=3694"},"modified":"2018-12-28T12:47:02","modified_gmt":"2018-12-28T12:47:02","slug":"instagram-lanza-por-error-navegacion-horizontal-y-causa-panico","status":"publish","type":"post","link":"https:\/\/juliancastiblanco.com\/web\/instagram-lanza-por-error-navegacion-horizontal-y-causa-panico\/","title":{"rendered":"Instagram lanza por error navegaci\u00f3n horizontal y causa p\u00e1nico"},"content":{"rendered":"<p style=\"text-align: justify;\">Una nueva navegaci\u00f3n en Instagram, la app con mayor crecimiento de usuarios en 2018. En lugar del scroll vertical para el feed que tiene desde sus inicios, con este cambio la navegaci\u00f3n en la app es horizontal a trav\u00e9s de swipes, es id\u00e9ntica a la que se encuentra en las Historias: en lugar de deslizar hacia abajo tendremos que movernos a la derecha para pasar a la siguiente foto; y al sentido contrario para regresar a la foto anterior, claro. De esta manera iremos saltando entre las im\u00e1genes subidas por nuestros contactos teniendo acceso a los perfiles concretos pulsando sobre el nick del usuario; y tambi\u00e9n a sus\u00a0<strong>Stories<\/strong>\u00a0si pulsamos en la burbuja.<\/p>\n<p style=\"text-align: justify;\">A pesar de que homogeneizar la aplicaci\u00f3n en torno a las Historias sea el paso l\u00f3gico ya que son estas la secci\u00f3n m\u00e1s popular, con ello\u00a0<strong>Instagram<\/strong>\u00a0desecha la base de red social: no resulta nada c\u00f3modo moverse entre las fotos con el scroll lateral. Eso s\u00ed, los anuncios tendr\u00e1n garantizada m\u00e1s atenci\u00f3n:\u00a0<strong>ahora resultar\u00e1 m\u00e1s dif\u00edcil pasarlos<\/strong>.<\/p>\n<p style=\"text-align: justify;\">Resulta que todo el asunto es parte de un grave error cometido por los ingenieros de Instagram, que enviaron masivamente una prueba que, se supon\u00eda, deb\u00eda estar limitada a unos cuantos usuarios. Pero el cambi\u00f3 provoc\u00f3 reiteradas quejas y hasta p\u00e1nico entre usuarios, quienes consideraron que la nueva forma de navegar no resulta atractiva ni intuitiva.<\/p>\n<p style=\"text-align: justify;\">Tal ha sido el impacto negativo de la actualizaci\u00f3n, que bastaron unas horas para que Instagram diera marcha atr\u00e1s y reinstalara la navegaci\u00f3n vertical tradicional en el timeline y confirmaron que todo se trato de un \u201cerror\u201d: \u201cAlgunos usuarios vieron un cambio en la forma en que aparece su feed hoy. R\u00e1pidamente solucionamos el problema y la alimentaci\u00f3n vuelve a la normalidad. Nos disculpamos por cualquier confusi\u00f3n\u201d.<\/p>\n<p style=\"text-align: justify;\">El mismo CEO de Instagram, Adam Mosseri, reconoci\u00f3 el error v\u00eda Twitter y lanz\u00f3 una disculpa p\u00fablica: \u201cse supon\u00eda que era una prueba muy peque\u00f1a pero fuimos m\u00e1s all\u00e1 de lo que esper\u00e1bamos\u201d. Y poco despu\u00e9s ha explicado que los cambios \u201cya deber\u00edan estar revertidos\u201d, escribi\u00f3.<\/p>\n<p style=\"text-align: justify;\"><img decoding=\"async\" class=\"aligncenter\" src=\"https:\/\/elandroidelibre.elespanol.com\/wp-content\/uploads\/2018\/12\/instagram-interfaz-lateral.gif\" \/><\/p>\n<p style=\"text-align: justify;\">Fuente <a href=\"https:\/\/www.unocero.com\">https:\/\/www.unocero.com<\/a> <a href=\"https:\/\/elandroidelibre.elespanol.com\">https:\/\/elandroidelibre.elespanol.com<\/a><\/p>\n<p>Editor Lineth Blanco Teheran, Community Manager Ingenieros de Marketing<\/p>\n<p>&nbsp;<\/p>\n<p>&nbsp;<\/p>\n","protected":false},"excerpt":{"rendered":"<p>Una nueva navegaci\u00f3n en Instagram, la app con mayor crecimiento de usuarios en 2018. En lugar del scroll vertical para el feed que tiene desde sus inicios, con este cambio [&hellip;]<\/p>\n","protected":false},"author":4,"featured_media":3695,"comment_status":"open","ping_status":"open","sticky":false,"template":"","format":"standard","meta":{"footnotes":""},"categories":[9],"tags":[],"class_list":["post-3694","post","type-post","status-publish","format-standard","has-post-thumbnail","hentry","category-tecnologia"],"_links":{"self":[{"href":"https:\/\/juliancastiblanco.com\/web\/wp-json\/wp\/v2\/posts\/3694","targetHints":{"allow":["GET"]}}],"collection":[{"href":"https:\/\/juliancastiblanco.com\/web\/wp-json\/wp\/v2\/posts"}],"about":[{"href":"https:\/\/juliancastiblanco.com\/web\/wp-json\/wp\/v2\/types\/post"}],"author":[{"embeddable":true,"href":"https:\/\/juliancastiblanco.com\/web\/wp-json\/wp\/v2\/users\/4"}],"replies":[{"embeddable":true,"href":"https:\/\/juliancastiblanco.com\/web\/wp-json\/wp\/v2\/comments?post=3694"}],"version-history":[{"count":2,"href":"https:\/\/juliancastiblanco.com\/web\/wp-json\/wp\/v2\/posts\/3694\/revisions"}],"predecessor-version":[{"id":3697,"href":"https:\/\/juliancastiblanco.com\/web\/wp-json\/wp\/v2\/posts\/3694\/revisions\/3697"}],"wp:featuredmedia":[{"embeddable":true,"href":"https:\/\/juliancastiblanco.com\/web\/wp-json\/wp\/v2\/media\/3695"}],"wp:attachment":[{"href":"https:\/\/juliancastiblanco.com\/web\/wp-json\/wp\/v2\/media?parent=3694"}],"wp:term":[{"taxonomy":"category","embeddable":true,"href":"https:\/\/juliancastiblanco.com\/web\/wp-json\/wp\/v2\/categories?post=3694"},{"taxonomy":"post_tag","embeddable":true,"href":"https:\/\/juliancastiblanco.com\/web\/wp-json\/wp\/v2\/tags?post=3694"}],"curies":[{"name":"wp","href":"https:\/\/api.w.org\/{rel}","templated":true}]}}