{"id":3878,"date":"2019-02-08T15:50:42","date_gmt":"2019-02-08T15:50:42","guid":{"rendered":"https:\/\/juliancastiblanco.com\/web\/?p=3878"},"modified":"2019-02-08T15:50:42","modified_gmt":"2019-02-08T15:50:42","slug":"instagram-quiere-que-veas-videos-de-igtv-y-los-lleva-a-tu-feed","status":"publish","type":"post","link":"https:\/\/juliancastiblanco.com\/web\/instagram-quiere-que-veas-videos-de-igtv-y-los-lleva-a-tu-feed\/","title":{"rendered":"Instagram quiere que veas videos de IGTV y los lleva a tu feed"},"content":{"rendered":"<p style=\"text-align: justify;\">\u00a0La red social ha anunciado que colocar\u00e1 en tu\u00a0<em>feed<\/em>\u00a0cortos o versiones recortadas de\u00a0transmisiones de IGTV\u00a0en un intento por impulsar la visualizaci\u00f3n de los v\u00eddeos transmitidos en la secci\u00f3n de v\u00eddeos de la plataforma.<\/p>\n<p style=\"text-align: justify;\">Los cortos de IGTV son videos que resumen o resaltan transmisiones de IGTV que ocurrieron en vivo y que podr\u00edan ser de tu inter\u00e9s. Instagram dice que estos videos son de cuentas que sigues. \u00abCon los cortos de IGTV en el\u00a0<em>feed<\/em>, estamos presentando una manera m\u00e1s f\u00e1cil de descubrir y ver los videos m\u00e1s recientes de tus seguidores favoritos\u00bb, dice la red social en el anuncio.<\/p>\n<p style=\"text-align: justify;\">Con los cortos de IGTV ahora ver\u00e1s en tu\u00a0<em>feed<\/em>\u00a0m\u00e1s contenido que no pediste ver, adem\u00e1s de los anuncios de publicidad que ya de por s\u00ed son consecutivos y molestos. IGTV tiene una secci\u00f3n especial, pero seguramente Instagram est\u00e1 colocando los cortos en el\u00a0<em>feed<\/em>\u00a0para impulsar las visualizaciones.<\/p>\n<p style=\"text-align: justify;\">Los videos se reproducir\u00e1n en silencio autom\u00e1ticamente, y si quieres escuchar el audio original podr\u00e1s activar el sonido al presionar el icono de bocina en ese mismo video. Si quieres ver la transmisi\u00f3n original, puedes presionar el icono de IGTV. Los videos de IGTV tienen una duraci\u00f3n m\u00e1xima de 10 minutos.<\/p>\n<p style=\"text-align: justify;\">Los creadores de contenido tendr\u00e1n la libertad de crear sus propios cortos que aparecer\u00e1n para las personas que los siguen. Instagram dice que se pueden crear videos de hasta un minuto para que despu\u00e9s la red social distribuya ese video en el\u00a0<em>feed<\/em>\u00a0de los seguidores.<\/p>\n<p style=\"text-align: justify;\">Esta es la primera ocasi\u00f3n en que Instagram lleva funciones de IGTV, un app independiente lanzado en el verano de 2018, al app principal. Instagram no ha compartido cifras respecto al recibimiento de IGTV en su casi primer a\u00f1o de disponibilidad, pero parece que el resultado no ha sido muy bueno.<\/p>\n<p style=\"text-align: justify;\">\n<p style=\"text-align: justify;\">Fuente. https:\/\/www.cnet.com\u00a0 https:\/\/hoyentec.com<\/p>\n<p style=\"text-align: justify;\">Editor Lineth Blanco Teheran, Community Manager Ingenieros de Marketing<\/p>\n<p style=\"text-align: justify;\">\n<p style=\"text-align: justify;\">\n<p style=\"text-align: justify;\">\n<p style=\"text-align: justify;\">\n<p style=\"text-align: justify;\">\n<p style=\"text-align: justify;\">\n<p style=\"text-align: justify;\">\n<p style=\"text-align: justify;\">\n<p style=\"text-align: justify;\">\n<p style=\"text-align: justify;\">\n<p style=\"text-align: justify;\">\n<p style=\"text-align: justify;\">\n","protected":false},"excerpt":{"rendered":"<p>\u00a0La red social ha anunciado que colocar\u00e1 en tu\u00a0feed\u00a0cortos o versiones recortadas de\u00a0transmisiones de IGTV\u00a0en un intento por impulsar la visualizaci\u00f3n de los v\u00eddeos transmitidos en la secci\u00f3n de v\u00eddeos [&hellip;]<\/p>\n","protected":false},"author":4,"featured_media":3879,"comment_status":"open","ping_status":"open","sticky":false,"template":"","format":"standard","meta":{"footnotes":""},"categories":[9],"tags":[],"class_list":["post-3878","post","type-post","status-publish","format-standard","has-post-thumbnail","hentry","category-tecnologia"],"_links":{"self":[{"href":"https:\/\/juliancastiblanco.com\/web\/wp-json\/wp\/v2\/posts\/3878","targetHints":{"allow":["GET"]}}],"collection":[{"href":"https:\/\/juliancastiblanco.com\/web\/wp-json\/wp\/v2\/posts"}],"about":[{"href":"https:\/\/juliancastiblanco.com\/web\/wp-json\/wp\/v2\/types\/post"}],"author":[{"embeddable":true,"href":"https:\/\/juliancastiblanco.com\/web\/wp-json\/wp\/v2\/users\/4"}],"replies":[{"embeddable":true,"href":"https:\/\/juliancastiblanco.com\/web\/wp-json\/wp\/v2\/comments?post=3878"}],"version-history":[{"count":1,"href":"https:\/\/juliancastiblanco.com\/web\/wp-json\/wp\/v2\/posts\/3878\/revisions"}],"predecessor-version":[{"id":3880,"href":"https:\/\/juliancastiblanco.com\/web\/wp-json\/wp\/v2\/posts\/3878\/revisions\/3880"}],"wp:featuredmedia":[{"embeddable":true,"href":"https:\/\/juliancastiblanco.com\/web\/wp-json\/wp\/v2\/media\/3879"}],"wp:attachment":[{"href":"https:\/\/juliancastiblanco.com\/web\/wp-json\/wp\/v2\/media?parent=3878"}],"wp:term":[{"taxonomy":"category","embeddable":true,"href":"https:\/\/juliancastiblanco.com\/web\/wp-json\/wp\/v2\/categories?post=3878"},{"taxonomy":"post_tag","embeddable":true,"href":"https:\/\/juliancastiblanco.com\/web\/wp-json\/wp\/v2\/tags?post=3878"}],"curies":[{"name":"wp","href":"https:\/\/api.w.org\/{rel}","templated":true}]}}