{"id":3894,"date":"2019-02-12T16:52:29","date_gmt":"2019-02-12T16:52:29","guid":{"rendered":"https:\/\/juliancastiblanco.com\/web\/?p=3894"},"modified":"2019-02-12T17:31:55","modified_gmt":"2019-02-12T17:31:55","slug":"otorgan-premio-internacional-por-la-paz-y-la-defensa-de-los-derechos-humanos-al-aspirante-de-la-gobernacion-de-sucre","status":"publish","type":"post","link":"https:\/\/juliancastiblanco.com\/web\/otorgan-premio-internacional-por-la-paz-y-la-defensa-de-los-derechos-humanos-al-aspirante-de-la-gobernacion-de-sucre\/","title":{"rendered":"Otorgan Premio Internacional por la Paz y la Defensa de los Derechos Humanos al aspirante de la Gobernaci\u00f3n de Sucre"},"content":{"rendered":"<p>12 de Febrero 2019<br \/>\nEn Bogota<\/p>\n<p style=\"text-align: justify;\">A Eduardo Perez Santos, Aspirante a la Gobernaci\u00f3n del Departamento de Sucre le otorgan Premio Internacional por la Paz y la Defensa de los Derechos Humanos, m\u00e1ximo galard\u00f3n \u201cEl Futuro es de todos\u201d otorgado por Fenalprensa, en ceremonia realizada el d\u00eda de hoy en el Congreso de la Rep\u00fablica<\/p>\n<p style=\"text-align: justify;\">En nombre de la Junta Directiva de la Federaci\u00f3n Nacional de Prensa \u201cFENALPRENSA\u201d, La Asociaci\u00f3n \u00a0Colombiana de Periodistas de Provincia, y la Fundaci\u00f3n \u00a0Premio Nacional de Periodismo \u201cAntonio Nari\u00f1o\u201d, el d\u00eda de hoy en el sal\u00f3n Constituci\u00f3n del Congreso de la Rep\u00fablica, otorgan este premio internacional a Eduardo Perez Santos por su liderazgo pol\u00edtico, social y cultural en el pais, regi\u00f3n Caribe y el departamento de Sucre.<\/p>\n<p>La Federaci\u00f3n Fenalprensa expres\u00f3 que este premio se otorga a l\u00edderes que con su esp\u00edritu social como Defensor de los Derechos Humanos en Colombia y Latinoam\u00e9rica, merece ser reconocidos por su invaluable labor en la construcci\u00f3n de Paz y la Defensa de los Derechos Humanos, m\u00e1ximo galard\u00f3n \u201cEl Futuro es de todos\u201d de la Legi\u00f3n Fraternal de las Comunicaciones, Pergamino y medalla, otorgado en ceremonia especial, el d\u00eda de hoy 12 de febrero de 2019, en el Sal\u00f3n Constituci\u00f3n del Congreso de la Rep\u00fablica en acto social y cultural.<\/p>\n<p style=\"text-align: justify;\">Entre otros aspectos Fenalprensa destac\u00f3, su perfil como Ingeniero Civil, especialista en administraci\u00f3n de obras civiles, quien ejerciendo su profesi\u00f3n se ha desempe\u00f1ado en diferentes cargos t\u00e9cnicos y Administrativos tales como Jefe de la Divisi\u00f3n de Agua de Empas.<\/p>\n<p style=\"text-align: justify;\">En su Carrera Pol\u00edtica se desempe\u00f1\u00f3 como Diputado del Departamento de Sucre, donde Presidi\u00f3 la Asamblea, al igual que fue Representante a la C\u00e1mara durante 2 periodos consecutivos 2006-2010 y de 2010-2014, participando en 1800 votaciones y autor de 12 proyectos de ley entre los que se destacan: 1)Creaci\u00f3n de la direcci\u00f3n de salud mental y asuntos psicosociales para el fortalecimiento de la pol\u00edtica salud mental en Colombia y otras disposiciones 2) Beneficiar a los artistas, creadores y gestores culturales, mediante la modificaci\u00f3n del numeral 4 del art\u00edculo 2 de la ley 666 de 2001, \u00abPor medio de la cual se mod\u00edfica el art\u00edculo 38 de la ley 397 de 1997&#8243; En el sentido de establecer que el diez por ciento 10% del recadudo de la estampilla Pro Cultura se destine para la seguridad del creador y gestor cultural\u00bb<\/p>\n<p style=\"text-align: justify;\">Eduardo Enrique Perez Santos ha liderado la defensa por la democracia, la participaci\u00f3n igualitaria, los derechos sociales a la libertad, justicia y reconciliaci\u00f3n como base de su propuesta social, que dignifica a la familia y sus derechos humanos desde los escenarios pol\u00edticos que ha participado, donde se ha caracterizado por generar acuerdos dentro de la diversidad y lograr que el dialogo sea el motor principal para el desarrollo y la gesti\u00f3n de todos los participantes. Logrando superar las diferencias y acordando un futuro posible para todos.<\/p>\n<p><img loading=\"lazy\" decoding=\"async\" class=\"wp-image-3896 aligncenter\" src=\"https:\/\/juliancastiblanco.com\/web\/wp-content\/uploads\/2019\/02\/WhatsApp-Image-2019-02-12-at-11.17.10-AM-662x1024.jpeg\" alt=\"\" width=\"425\" height=\"658\" srcset=\"https:\/\/juliancastiblanco.com\/web\/wp-content\/uploads\/2019\/02\/WhatsApp-Image-2019-02-12-at-11.17.10-AM.jpeg 662w, https:\/\/juliancastiblanco.com\/web\/wp-content\/uploads\/2019\/02\/WhatsApp-Image-2019-02-12-at-11.17.10-AM-194x300.jpeg 194w\" sizes=\"auto, (max-width: 425px) 100vw, 425px\" \/> <img loading=\"lazy\" decoding=\"async\" class=\"wp-image-3897 aligncenter\" src=\"https:\/\/juliancastiblanco.com\/web\/wp-content\/uploads\/2019\/02\/WhatsApp-Image-2019-02-12-at-11.17.12-AM-768x1024.jpeg\" alt=\"\" width=\"427\" height=\"570\" srcset=\"https:\/\/juliancastiblanco.com\/web\/wp-content\/uploads\/2019\/02\/WhatsApp-Image-2019-02-12-at-11.17.12-AM.jpeg 768w, https:\/\/juliancastiblanco.com\/web\/wp-content\/uploads\/2019\/02\/WhatsApp-Image-2019-02-12-at-11.17.12-AM-225x300.jpeg 225w\" sizes=\"auto, (max-width: 427px) 100vw, 427px\" \/> <img loading=\"lazy\" decoding=\"async\" class=\" wp-image-3898 aligncenter\" src=\"https:\/\/juliancastiblanco.com\/web\/wp-content\/uploads\/2019\/02\/WhatsApp-Image-2019-02-12-at-11.17.13-AM-1024x768.jpeg\" alt=\"\" width=\"430\" height=\"322\" srcset=\"https:\/\/juliancastiblanco.com\/web\/wp-content\/uploads\/2019\/02\/WhatsApp-Image-2019-02-12-at-11.17.13-AM-1024x768.jpeg 1024w, https:\/\/juliancastiblanco.com\/web\/wp-content\/uploads\/2019\/02\/WhatsApp-Image-2019-02-12-at-11.17.13-AM-300x225.jpeg 300w, https:\/\/juliancastiblanco.com\/web\/wp-content\/uploads\/2019\/02\/WhatsApp-Image-2019-02-12-at-11.17.13-AM-768x576.jpeg 768w, https:\/\/juliancastiblanco.com\/web\/wp-content\/uploads\/2019\/02\/WhatsApp-Image-2019-02-12-at-11.17.13-AM-810x608.jpeg 810w, https:\/\/juliancastiblanco.com\/web\/wp-content\/uploads\/2019\/02\/WhatsApp-Image-2019-02-12-at-11.17.13-AM-1140x855.jpeg 1140w, https:\/\/juliancastiblanco.com\/web\/wp-content\/uploads\/2019\/02\/WhatsApp-Image-2019-02-12-at-11.17.13-AM.jpeg 1152w\" sizes=\"auto, (max-width: 430px) 100vw, 430px\" \/><\/p>\n<p>Editor Lineth Blanco Teheran, Community Manager Ingenieros de Marketing<\/p>\n","protected":false},"excerpt":{"rendered":"<p>12 de Febrero 2019 En Bogota A Eduardo Perez Santos, Aspirante a la Gobernaci\u00f3n del Departamento de Sucre le otorgan Premio Internacional por la Paz y la Defensa de los [&hellip;]<\/p>\n","protected":false},"author":4,"featured_media":3901,"comment_status":"open","ping_status":"open","sticky":false,"template":"","format":"standard","meta":{"footnotes":""},"categories":[1],"tags":[],"class_list":["post-3894","post","type-post","status-publish","format-standard","has-post-thumbnail","hentry","category-sin-categoria"],"_links":{"self":[{"href":"https:\/\/juliancastiblanco.com\/web\/wp-json\/wp\/v2\/posts\/3894","targetHints":{"allow":["GET"]}}],"collection":[{"href":"https:\/\/juliancastiblanco.com\/web\/wp-json\/wp\/v2\/posts"}],"about":[{"href":"https:\/\/juliancastiblanco.com\/web\/wp-json\/wp\/v2\/types\/post"}],"author":[{"embeddable":true,"href":"https:\/\/juliancastiblanco.com\/web\/wp-json\/wp\/v2\/users\/4"}],"replies":[{"embeddable":true,"href":"https:\/\/juliancastiblanco.com\/web\/wp-json\/wp\/v2\/comments?post=3894"}],"version-history":[{"count":4,"href":"https:\/\/juliancastiblanco.com\/web\/wp-json\/wp\/v2\/posts\/3894\/revisions"}],"predecessor-version":[{"id":3903,"href":"https:\/\/juliancastiblanco.com\/web\/wp-json\/wp\/v2\/posts\/3894\/revisions\/3903"}],"wp:featuredmedia":[{"embeddable":true,"href":"https:\/\/juliancastiblanco.com\/web\/wp-json\/wp\/v2\/media\/3901"}],"wp:attachment":[{"href":"https:\/\/juliancastiblanco.com\/web\/wp-json\/wp\/v2\/media?parent=3894"}],"wp:term":[{"taxonomy":"category","embeddable":true,"href":"https:\/\/juliancastiblanco.com\/web\/wp-json\/wp\/v2\/categories?post=3894"},{"taxonomy":"post_tag","embeddable":true,"href":"https:\/\/juliancastiblanco.com\/web\/wp-json\/wp\/v2\/tags?post=3894"}],"curies":[{"name":"wp","href":"https:\/\/api.w.org\/{rel}","templated":true}]}}