{"id":3988,"date":"2019-03-06T15:06:58","date_gmt":"2019-03-06T15:06:58","guid":{"rendered":"https:\/\/juliancastiblanco.com\/web\/?p=3988"},"modified":"2019-03-06T15:07:01","modified_gmt":"2019-03-06T15:07:01","slug":"las-paginas-de-facebook-estrenan-nuevo-diseno","status":"publish","type":"post","link":"https:\/\/juliancastiblanco.com\/web\/las-paginas-de-facebook-estrenan-nuevo-diseno\/","title":{"rendered":"Las p\u00e1ginas de Facebook estrenan nuevo dise\u00f1o"},"content":{"rendered":"\n<p><strong>El nuevo dise\u00f1o apuesta por lo minimalista,\ncon dos columnas en lugar de tres.<\/strong><\/p>\n\n\n\n<p>Si tu p\u00e1gina de\u00a0Facebook\u00a0se ve un poco distinta hoy, no eres el \u00fanico a quien le sucede.\u00a0<\/p>\n\n\n\n<p>La gigante de redes\nsociales ha desplegado un nuevo dise\u00f1o de p\u00e1gina el martes, deshaci\u00e9ndose del\ndise\u00f1o anterior de tres columnas. El nuevo dise\u00f1o incorpora solo dos columnas.\nAl lado derecho se encuentra informaci\u00f3n est\u00e1tica acerca de la p\u00e1gina, y en el\nlado izquierdo est\u00e1 el&nbsp;<em>feed<\/em>&nbsp;y las publicaciones\nrecientes.&nbsp;<\/p>\n\n\n\n<p>Facebook ajusta su\ndise\u00f1o de cuando en cuando, pero este redise\u00f1o representa un cambio m\u00e1s\nradical. Adem\u00e1s del cambio en el n\u00famero de columnas, el contenido de las\np\u00e1ginas se ve menos atiborrado, con m\u00e1s espacio en blanco y un mayor enfoque en\nlas im\u00e1genes en miniatura.&nbsp;<\/p>\n\n\n\n<p>No est\u00e1 claro cu\u00e1n\namplio ser\u00e1 el despliegue de este redise\u00f1o ni c\u00f3mo las distintas clases de\np\u00e1ginas experimentar\u00e1n este redise\u00f1o.&nbsp;<\/p>\n\n\n\n<p>Facebook no ha\ncontestado a una solicitud de comentario.<\/p>\n\n\n\n<p>Fuentes. https:\/\/www.msn.com https:\/\/www.cnet.com<\/p>\n\n\n\n<p>Editor Lineth Blanco Teheran, Community Manager Ingenieros de Marketing<\/p>\n","protected":false},"excerpt":{"rendered":"<p>El nuevo dise\u00f1o apuesta por lo minimalista, con dos columnas en lugar de tres. Si tu p\u00e1gina de\u00a0Facebook\u00a0se ve un poco distinta hoy, no eres el \u00fanico a quien le [&hellip;]<\/p>\n","protected":false},"author":4,"featured_media":3989,"comment_status":"open","ping_status":"open","sticky":false,"template":"","format":"standard","meta":{"footnotes":""},"categories":[9],"tags":[],"class_list":["post-3988","post","type-post","status-publish","format-standard","has-post-thumbnail","hentry","category-tecnologia"],"_links":{"self":[{"href":"https:\/\/juliancastiblanco.com\/web\/wp-json\/wp\/v2\/posts\/3988","targetHints":{"allow":["GET"]}}],"collection":[{"href":"https:\/\/juliancastiblanco.com\/web\/wp-json\/wp\/v2\/posts"}],"about":[{"href":"https:\/\/juliancastiblanco.com\/web\/wp-json\/wp\/v2\/types\/post"}],"author":[{"embeddable":true,"href":"https:\/\/juliancastiblanco.com\/web\/wp-json\/wp\/v2\/users\/4"}],"replies":[{"embeddable":true,"href":"https:\/\/juliancastiblanco.com\/web\/wp-json\/wp\/v2\/comments?post=3988"}],"version-history":[{"count":1,"href":"https:\/\/juliancastiblanco.com\/web\/wp-json\/wp\/v2\/posts\/3988\/revisions"}],"predecessor-version":[{"id":3990,"href":"https:\/\/juliancastiblanco.com\/web\/wp-json\/wp\/v2\/posts\/3988\/revisions\/3990"}],"wp:featuredmedia":[{"embeddable":true,"href":"https:\/\/juliancastiblanco.com\/web\/wp-json\/wp\/v2\/media\/3989"}],"wp:attachment":[{"href":"https:\/\/juliancastiblanco.com\/web\/wp-json\/wp\/v2\/media?parent=3988"}],"wp:term":[{"taxonomy":"category","embeddable":true,"href":"https:\/\/juliancastiblanco.com\/web\/wp-json\/wp\/v2\/categories?post=3988"},{"taxonomy":"post_tag","embeddable":true,"href":"https:\/\/juliancastiblanco.com\/web\/wp-json\/wp\/v2\/tags?post=3988"}],"curies":[{"name":"wp","href":"https:\/\/api.w.org\/{rel}","templated":true}]}}