{"id":4045,"date":"2019-04-11T13:58:36","date_gmt":"2019-04-11T13:58:36","guid":{"rendered":"https:\/\/juliancastiblanco.com\/web\/?p=4045"},"modified":"2019-04-11T13:58:38","modified_gmt":"2019-04-11T13:58:38","slug":"whatsapp-permitira-compartir-tus-estados-en-las-historias-de-facebook","status":"publish","type":"post","link":"https:\/\/juliancastiblanco.com\/web\/whatsapp-permitira-compartir-tus-estados-en-las-historias-de-facebook\/","title":{"rendered":"WhatsApp permitir\u00e1 compartir tus estados en las historias de Facebook"},"content":{"rendered":"\n<p><strong>El sitio especializado en actualizaciones de\u00a0WhatsApp, WABetaInfo, dio a conocer que\u00a0los estados publicados en esta plataforma pr\u00f3ximamente podr\u00e1n ser publicados en\u00a0Facebook\u00a0dentro de las historias, <\/strong>\u00a0C<strong>on el objetivo de ofrecer una mejor experiencia de usuario y, de paso, generar una data impresionante que se pueda\u00a0aprovechar en cuestiones de marketing y publicidad.<\/strong><\/p>\n\n\n\n<p><strong>La funci\u00f3n a\u00fan no sale a la luz y tampoco se\nsabe mucho de la forma en que esta se activar\u00e1&nbsp;por lo que hay que esperar,\nseg\u00fan lo mencionan en su comunicado.<\/strong><\/p>\n\n\n\n<p><strong>Si bien, de alguna manera esto ya es posible\nen m\u00e1s de una forma, por ejemplo, las Stories de Instagram se pueden configurar\npara que se publiquen de manera simult\u00e1nea en las de FB.<\/strong><\/p>\n\n\n\n<p><strong>Sin embargo, en el caso de WhatsApp, a\u00fan no\ntiene una interacci\u00f3n autom\u00e1tica con las otras dos aplicaciones, por lo que el\ncambio la acercar\u00eda m\u00e1s con sus \u2018hermanas\u2019.&nbsp;<\/strong><\/p>\n\n\n\n<p><strong>Se trata de un&nbsp;proceso que realizas en\nla configuraci\u00f3n de cuentas; para ello, tienes que dirigirte a Configuraci\u00f3n de\nInstagram, despu\u00e9s a Privacidad y seguridad, en esa parte encontrar\u00e1s la opci\u00f3n\nde Controles de historias donde podr\u00e1s activar la opci\u00f3n de Compartir en\nFacebook.<\/strong><\/p>\n\n\n\n<p><strong>Fuentes https:\/\/flipboard.com https:\/\/vanguardia.com.mx<\/strong><\/p>\n\n\n\n<p><strong>Editor Lineth Blanco Teheran, Community\nManager Ingenieros de Marketing<\/strong><\/p>\n","protected":false},"excerpt":{"rendered":"<p>El sitio especializado en actualizaciones de\u00a0WhatsApp, WABetaInfo, dio a conocer que\u00a0los estados publicados en esta plataforma pr\u00f3ximamente podr\u00e1n ser publicados en\u00a0Facebook\u00a0dentro de las historias, \u00a0Con el objetivo de ofrecer una [&hellip;]<\/p>\n","protected":false},"author":4,"featured_media":4046,"comment_status":"open","ping_status":"open","sticky":false,"template":"","format":"standard","meta":{"footnotes":""},"categories":[9],"tags":[],"class_list":["post-4045","post","type-post","status-publish","format-standard","has-post-thumbnail","hentry","category-tecnologia"],"_links":{"self":[{"href":"https:\/\/juliancastiblanco.com\/web\/wp-json\/wp\/v2\/posts\/4045","targetHints":{"allow":["GET"]}}],"collection":[{"href":"https:\/\/juliancastiblanco.com\/web\/wp-json\/wp\/v2\/posts"}],"about":[{"href":"https:\/\/juliancastiblanco.com\/web\/wp-json\/wp\/v2\/types\/post"}],"author":[{"embeddable":true,"href":"https:\/\/juliancastiblanco.com\/web\/wp-json\/wp\/v2\/users\/4"}],"replies":[{"embeddable":true,"href":"https:\/\/juliancastiblanco.com\/web\/wp-json\/wp\/v2\/comments?post=4045"}],"version-history":[{"count":1,"href":"https:\/\/juliancastiblanco.com\/web\/wp-json\/wp\/v2\/posts\/4045\/revisions"}],"predecessor-version":[{"id":4047,"href":"https:\/\/juliancastiblanco.com\/web\/wp-json\/wp\/v2\/posts\/4045\/revisions\/4047"}],"wp:featuredmedia":[{"embeddable":true,"href":"https:\/\/juliancastiblanco.com\/web\/wp-json\/wp\/v2\/media\/4046"}],"wp:attachment":[{"href":"https:\/\/juliancastiblanco.com\/web\/wp-json\/wp\/v2\/media?parent=4045"}],"wp:term":[{"taxonomy":"category","embeddable":true,"href":"https:\/\/juliancastiblanco.com\/web\/wp-json\/wp\/v2\/categories?post=4045"},{"taxonomy":"post_tag","embeddable":true,"href":"https:\/\/juliancastiblanco.com\/web\/wp-json\/wp\/v2\/tags?post=4045"}],"curies":[{"name":"wp","href":"https:\/\/api.w.org\/{rel}","templated":true}]}}