{"id":4091,"date":"2019-04-26T16:30:21","date_gmt":"2019-04-26T16:30:21","guid":{"rendered":"https:\/\/juliancastiblanco.com\/web\/?p=4091"},"modified":"2019-04-26T16:51:28","modified_gmt":"2019-04-26T16:51:28","slug":"el-emprendimiento-es-una-alternativa-cercana-y-viable-para-el-crecimiento-economico-de-puerto-colombia-edison-massa-2","status":"publish","type":"post","link":"https:\/\/juliancastiblanco.com\/web\/el-emprendimiento-es-una-alternativa-cercana-y-viable-para-el-crecimiento-economico-de-puerto-colombia-edison-massa-2\/","title":{"rendered":"\u201cEl emprendimiento es una alternativa cercana y viable para el crecimiento econ\u00f3mico de Puerto Colombia\u201d: Edison Massa"},"content":{"rendered":"\n<p>Seg\u00fan el informe entregado por la C\u00e1mara de Comercio de Barranquilla el 30 de enero del presente a\u00f1o, Puerto Colombia en 2018 se ubic\u00f3 en la cuarta posici\u00f3n de la tabla \u201cNuevos registros mercantiles en el Atl\u00e1ntico por empresas peque\u00f1as 2017 y 2018\u201d debajo de Galapa, Soledad y Barranquilla.<\/p>\n\n\n\n<figure class=\"wp-block-image\"><img loading=\"lazy\" decoding=\"async\" width=\"636\" height=\"274\" src=\"https:\/\/juliancastiblanco.com\/web\/wp-content\/uploads\/2019\/04\/EdisonMassa_EdisonMassa1-1.png\" alt=\"\" class=\"wp-image-4094\" srcset=\"https:\/\/juliancastiblanco.com\/web\/wp-content\/uploads\/2019\/04\/EdisonMassa_EdisonMassa1-1.png 636w, https:\/\/juliancastiblanco.com\/web\/wp-content\/uploads\/2019\/04\/EdisonMassa_EdisonMassa1-1-300x129.png 300w\" sizes=\"auto, (max-width: 636px) 100vw, 636px\" \/><\/figure>\n\n\n\n<p>Lo cierto es que en t\u00e9rminos generales el departamento no obtuvo resultados favorables en esta categor\u00eda, sin embargo, Puerto Colombia present\u00f3 1 nuevo registro de peque\u00f1a empresa frente a 2017, a\u00f1o en el que no se realiz\u00f3 ninguno. <\/p>\n\n\n\n<p><strong>Edison Massa, <\/strong>ingeniero civil especialista en gesti\u00f3n de proyectos, asegura que Puerto Colombia necesita que se promueva el crecimiento econ\u00f3mico inclusivo<\/p>\n\n\n\n<p>y sostenible, el empleo pleno y productivo y el trabajo decente para todos a trav\u00e9s de la garant\u00eda de una educaci\u00f3n integral que les permita a los porte\u00f1os el acceso a las competencias necesarias, tanto t\u00e9cnicas como profesionales para acceder al empleo y el emprendimiento.<\/p>\n\n\n\n<figure class=\"wp-block-image\"><img loading=\"lazy\" decoding=\"async\" width=\"626\" height=\"417\" src=\"https:\/\/juliancastiblanco.com\/web\/wp-content\/uploads\/2019\/04\/EdisonMassa-1-1.jpg\" alt=\"\" class=\"wp-image-4095\" srcset=\"https:\/\/juliancastiblanco.com\/web\/wp-content\/uploads\/2019\/04\/EdisonMassa-1-1.jpg 626w, https:\/\/juliancastiblanco.com\/web\/wp-content\/uploads\/2019\/04\/EdisonMassa-1-1-300x200.jpg 300w\" sizes=\"auto, (max-width: 626px) 100vw, 626px\" \/><\/figure>\n\n\n\n<p><strong>Emprendimiento<\/strong><\/p>\n\n\n\n<p>Las empresas nuevas y j\u00f3venes representan el ingrediente clave para el desarrollo econ\u00f3mico de Puerto Colombia, sobre todo teniendo en cuenta el vertiginoso avance de las Tecnolog\u00edas de la Informaci\u00f3n y la Comunicaci\u00f3n. Estamos en el momento crucial para que se empiece a mirar hacia una ciudad inteligente porque desde ya se cuenta con el recurso m\u00e1s importante, el potencial de todos los habitantes y la oportunidad de formar ciudadanos altamente productivos para el ma\u00f1ana. <\/p>\n\n\n\n<p>\u201cAl pensar en #PuertoMassCiudad creemos en la promoci\u00f3n de pol\u00edticas orientadas al desarrollo que apoyen las actividades productivas, la creatividad y la innovaci\u00f3n, alentando la oficializaci\u00f3n y el apoyo a las microempresas y las peque\u00f1as y medianas empresas porque el emprendimiento es una alternativa cercana y viable para el crecimiento econ\u00f3mico de Puerto Colombia.\u201d Edison Massa.<\/p>\n\n\n\n<p>\u00a1\u00danete al movimiento! S\u00edguenos en nuestras redes sociales.<\/p>\n\n\n\n<p>Facebook<\/p>\n\n\n\n<p>Instagram<\/p>\n\n\n\n<p>Conoce m\u00e1s es: <a href=\"https:\/\/masspuertocolombia.com\">https:\/\/masspuertocolombia.com<\/a><\/p>\n\n\n\n<figure class=\"wp-block-image\"><img loading=\"lazy\" decoding=\"async\" width=\"508\" height=\"474\" src=\"https:\/\/juliancastiblanco.com\/web\/wp-content\/uploads\/2019\/04\/EdisonMassa-1EdisonMassa-1.jpg\" alt=\"\" class=\"wp-image-4096\" srcset=\"https:\/\/juliancastiblanco.com\/web\/wp-content\/uploads\/2019\/04\/EdisonMassa-1EdisonMassa-1.jpg 508w, https:\/\/juliancastiblanco.com\/web\/wp-content\/uploads\/2019\/04\/EdisonMassa-1EdisonMassa-1-300x280.jpg 300w\" sizes=\"auto, (max-width: 508px) 100vw, 508px\" \/><\/figure>\n","protected":false},"excerpt":{"rendered":"<p>Seg\u00fan el informe entregado por la C\u00e1mara de Comercio de Barranquilla el 30 de enero del presente a\u00f1o, Puerto Colombia en 2018 se ubic\u00f3 en la cuarta posici\u00f3n de la [&hellip;]<\/p>\n","protected":false},"author":4,"featured_media":4095,"comment_status":"open","ping_status":"open","sticky":false,"template":"","format":"standard","meta":{"footnotes":""},"categories":[1,21],"tags":[],"class_list":["post-4091","post","type-post","status-publish","format-standard","has-post-thumbnail","hentry","category-sin-categoria","category-emprendimiento"],"_links":{"self":[{"href":"https:\/\/juliancastiblanco.com\/web\/wp-json\/wp\/v2\/posts\/4091","targetHints":{"allow":["GET"]}}],"collection":[{"href":"https:\/\/juliancastiblanco.com\/web\/wp-json\/wp\/v2\/posts"}],"about":[{"href":"https:\/\/juliancastiblanco.com\/web\/wp-json\/wp\/v2\/types\/post"}],"author":[{"embeddable":true,"href":"https:\/\/juliancastiblanco.com\/web\/wp-json\/wp\/v2\/users\/4"}],"replies":[{"embeddable":true,"href":"https:\/\/juliancastiblanco.com\/web\/wp-json\/wp\/v2\/comments?post=4091"}],"version-history":[{"count":6,"href":"https:\/\/juliancastiblanco.com\/web\/wp-json\/wp\/v2\/posts\/4091\/revisions"}],"predecessor-version":[{"id":4105,"href":"https:\/\/juliancastiblanco.com\/web\/wp-json\/wp\/v2\/posts\/4091\/revisions\/4105"}],"wp:featuredmedia":[{"embeddable":true,"href":"https:\/\/juliancastiblanco.com\/web\/wp-json\/wp\/v2\/media\/4095"}],"wp:attachment":[{"href":"https:\/\/juliancastiblanco.com\/web\/wp-json\/wp\/v2\/media?parent=4091"}],"wp:term":[{"taxonomy":"category","embeddable":true,"href":"https:\/\/juliancastiblanco.com\/web\/wp-json\/wp\/v2\/categories?post=4091"},{"taxonomy":"post_tag","embeddable":true,"href":"https:\/\/juliancastiblanco.com\/web\/wp-json\/wp\/v2\/tags?post=4091"}],"curies":[{"name":"wp","href":"https:\/\/api.w.org\/{rel}","templated":true}]}}