{"id":4113,"date":"2019-05-03T14:57:06","date_gmt":"2019-05-03T14:57:06","guid":{"rendered":"https:\/\/juliancastiblanco.com\/web\/?p=4113"},"modified":"2019-05-03T14:57:08","modified_gmt":"2019-05-03T14:57:08","slug":"novedades-facebook-f8-2019-rediseno-completo-de-facebook","status":"publish","type":"post","link":"https:\/\/juliancastiblanco.com\/web\/novedades-facebook-f8-2019-rediseno-completo-de-facebook\/","title":{"rendered":"Novedades Facebook F8 2019: redise\u00f1o completo de Facebook"},"content":{"rendered":"\n<p>Mark Zuckerberg anunci\u00f3 nuevas funciones, apps y productos, durante F8,&nbsp;adem\u00e1s\ndel intento de la compa\u00f1\u00eda para convencer a los usuarios de que tomar\u00e1 su\nprivacidad como un asunto m\u00e1s serio.<\/p>\n\n\n\n<p>Facebook habl\u00f3 sobre todos los productos\ndurante el discurso, desde su sitio Web y la aplicaci\u00f3n insignia, hasta\nInstagram y WhatsApp. La compa\u00f1\u00eda har\u00e1 cambios en toda su plataforma. Sin\nembargo, la fecha en que ver\u00e1s estos cambios es a\u00fan un misterio. Aqu\u00ed intentamos\ndeducirlo lo mejor posible.&nbsp;<\/p>\n\n\n\n<p><strong>Facebook refresca su dise\u00f1o<\/strong><\/p>\n\n\n\n<figure class=\"wp-block-image\"><img loading=\"lazy\" decoding=\"async\" width=\"1024\" height=\"618\" src=\"https:\/\/juliancastiblanco.com\/web\/wp-content\/uploads\/2019\/05\/facebook-website-1024x618.jpg\" alt=\"\" class=\"wp-image-4114\" srcset=\"https:\/\/juliancastiblanco.com\/web\/wp-content\/uploads\/2019\/05\/facebook-website-1024x618.jpg 1024w, https:\/\/juliancastiblanco.com\/web\/wp-content\/uploads\/2019\/05\/facebook-website-300x181.jpg 300w, https:\/\/juliancastiblanco.com\/web\/wp-content\/uploads\/2019\/05\/facebook-website-768x463.jpg 768w, https:\/\/juliancastiblanco.com\/web\/wp-content\/uploads\/2019\/05\/facebook-website-810x489.jpg 810w, https:\/\/juliancastiblanco.com\/web\/wp-content\/uploads\/2019\/05\/facebook-website-1140x688.jpg 1140w\" sizes=\"auto, (max-width: 1024px) 100vw, 1024px\" \/><\/figure>\n\n\n\n<p>El\u00a0redise\u00f1o se llama FB5, llegar\u00e1 a las dos versiones de Facebook, es el app m\u00f3vil y el sitio Web. El redise\u00f1o elimina bastante el color azul corporativo de la empresa, y lo reemplaza con m\u00e1s espacio blanco.\u00a0<\/p>\n\n\n\n<p><strong>WhatsApp Business Catalog<\/strong> elige lo\nque quieres comprar de una empresa<\/p>\n\n\n\n<p><strong>WhatsApp Business<\/strong>&nbsp;recibir\u00e1\nuna gran mejora, donde las empresas podr\u00e1n mostrar productos a los usuarios a\ntrav\u00e9s de un c<strong>at\u00e1logo dentro de la app<\/strong>. De momento no se podr\u00e1n comprar.<\/p>\n\n\n\n<p><strong>Shopping en Instagram, y nuevo Create Mode<\/strong><\/p>\n\n\n\n<p>Entre las novedades de Instagram encontramos\nuna forma nueva de comprar ropa y otros elementos directamente desde la app, y\nnos s\u00f3lo de marcas, sino de ropa y accesorios de influencers y creadores.<\/p>\n\n\n\n<p><strong>Oculus Quest y Oculus Rift S<\/strong><\/p>\n\n\n\n<p>Tambi\u00e9n han anunciado el lanzamiento de\nlas&nbsp;<strong>Oculus Quest<\/strong>&nbsp;y las&nbsp;<strong>Oculus Rift S<\/strong>para el 21 de\nmayo, a un precio de&nbsp;<strong>449 euros<\/strong>&nbsp;para ambas (modelo de 64 GB\npara las Quest, el de 128 GB costar\u00e1 549 euros). Se pueden reservar a partir de\nhoy.<\/p>\n\n\n\n<p>Fuente. https:\/\/www.cnet.com https:\/\/www.adslzone.net<\/p>\n\n\n\n<p>Editor Lineth Blanco Teheran, Community\nManager Ingenieros de Marketing<\/p>\n\n\n\n<p>\ud83d\udc69\ud83c\udffb\ud83d\udcbb <a href=\"http:\/\/www.estudiemarketingdigital.com\">www.estudiemarketingdigital.com<\/a>\nes el programa de formaci\u00f3n personalizada de \ud83d\udc68\ud83c\udffb <a href=\"https:\/\/juliancastiblanco.com\/\">https:\/\/juliancastiblanco.com<\/a>\n#MarketingCoach y CEO de Ingenieros de Marketing\ud83c\udf10<\/p>\n","protected":false},"excerpt":{"rendered":"<p>Mark Zuckerberg anunci\u00f3 nuevas funciones, apps y productos, durante F8,&nbsp;adem\u00e1s del intento de la compa\u00f1\u00eda para convencer a los usuarios de que tomar\u00e1 su privacidad como un asunto m\u00e1s serio. [&hellip;]<\/p>\n","protected":false},"author":4,"featured_media":4116,"comment_status":"open","ping_status":"open","sticky":false,"template":"","format":"standard","meta":{"footnotes":""},"categories":[9],"tags":[],"class_list":["post-4113","post","type-post","status-publish","format-standard","has-post-thumbnail","hentry","category-tecnologia"],"_links":{"self":[{"href":"https:\/\/juliancastiblanco.com\/web\/wp-json\/wp\/v2\/posts\/4113","targetHints":{"allow":["GET"]}}],"collection":[{"href":"https:\/\/juliancastiblanco.com\/web\/wp-json\/wp\/v2\/posts"}],"about":[{"href":"https:\/\/juliancastiblanco.com\/web\/wp-json\/wp\/v2\/types\/post"}],"author":[{"embeddable":true,"href":"https:\/\/juliancastiblanco.com\/web\/wp-json\/wp\/v2\/users\/4"}],"replies":[{"embeddable":true,"href":"https:\/\/juliancastiblanco.com\/web\/wp-json\/wp\/v2\/comments?post=4113"}],"version-history":[{"count":1,"href":"https:\/\/juliancastiblanco.com\/web\/wp-json\/wp\/v2\/posts\/4113\/revisions"}],"predecessor-version":[{"id":4117,"href":"https:\/\/juliancastiblanco.com\/web\/wp-json\/wp\/v2\/posts\/4113\/revisions\/4117"}],"wp:featuredmedia":[{"embeddable":true,"href":"https:\/\/juliancastiblanco.com\/web\/wp-json\/wp\/v2\/media\/4116"}],"wp:attachment":[{"href":"https:\/\/juliancastiblanco.com\/web\/wp-json\/wp\/v2\/media?parent=4113"}],"wp:term":[{"taxonomy":"category","embeddable":true,"href":"https:\/\/juliancastiblanco.com\/web\/wp-json\/wp\/v2\/categories?post=4113"},{"taxonomy":"post_tag","embeddable":true,"href":"https:\/\/juliancastiblanco.com\/web\/wp-json\/wp\/v2\/tags?post=4113"}],"curies":[{"name":"wp","href":"https:\/\/api.w.org\/{rel}","templated":true}]}}