{"id":4289,"date":"2019-05-31T16:45:30","date_gmt":"2019-05-31T16:45:30","guid":{"rendered":"https:\/\/juliancastiblanco.com\/web\/?p=4289"},"modified":"2019-05-31T17:25:22","modified_gmt":"2019-05-31T17:25:22","slug":"hotel-centro-de-convenciones-malibu-del-viaje-a-la-experiencia","status":"publish","type":"post","link":"https:\/\/juliancastiblanco.com\/web\/hotel-centro-de-convenciones-malibu-del-viaje-a-la-experiencia\/","title":{"rendered":"Hotel Centro de Convenciones \u00abMalib\u00fa\u00bb del viaje a la experiencia"},"content":{"rendered":"\n<p>Por Carlos Villota Santacruz<\/p>\n\n\n\n<p>Twitter @villocol<\/p>\n\n\n\n<p>Sincelejo En medio de la historia, el patrimonio, la\ncultura, la naturaleza y la gastronom\u00eda de la ciudad de Sincelejo, se levanta\nel&nbsp; Hotel Centro de Convenciones\n\u00abMalib\u00fa\u00bb, que ha acompa\u00f1ado los viajes de turistas nacionales y\nextranjeros por espacio de los \u00faltimos cinco a\u00f1os.<\/p>\n\n\n\n<p>Esta capital del departamento de Sucre, donde el sombrero\n\u00abvolteado\u00bb es su embajador en Colombia y el mundo, tiene en el\nemprendimiento empresarial a un referente de calidad en el servicio, que se ha\nelevado en un \u00abvoz a voz\u00bb que trasciende fronteras geogr\u00e1ficas y\ngeneracionales.<\/p>\n\n\n\n<p>Es com\u00fan escuchar entre hombres y mujeres que uno de los\nmomentos m\u00e1s hermosos de sus vidas, se lo brind\u00f3 el Hotel Centro de\nConvenciones Malib\u00fa, en el marco de una celebraci\u00f3n del cumplea\u00f1os, matrimonio,\nquince a\u00f1os, bodas de plata o bodas de oro.<\/p>\n\n\n\n<p>La magia el Hotel es que transporta al hu\u00e9sped a una\nexperiencia \u00fanica y lo sustrae de la cotidianidad de la ciudad de Sincelejo,\ndonde escuchar vallenatos es una \u00abreligi\u00f3n\u00bb o ir de paseo al Golfo de\nMorrosquillo &#8211; a 36 kil\u00f3metros por carretera- es una bienvenida a un para\u00edso\nnatural que rebasa la imaginaci\u00f3n.<\/p>\n\n\n\n<p>: Es sobre el \u00abrealismo m\u00e1gico\u00bb que acompa\u00f1a la\nhistoria de Colombia que est\u00e1 sustentado el emprendimiento hotelero que todo\nmundo habla y conoce al llegar a Sincelejo: nos vemos en \u00abMalib\u00fa\u00bb.<\/p>\n\n\n\n<p>Ese es el Hotel Centro de Convenciones \u00abMalib\u00fa\u00bb,\nun lugar que lo tiene todo. Que invita a vivir al visitante una experiencia\n\u00fanica, en medio de grandes pasillos, escaleras, ventanales, 3 restaurantes con\ncarta nacional e internacional. Que decir de las habitaciones. Donde cada\ndetalle est\u00e1 pensado para el confort y el descanso.<\/p>\n\n\n\n<p>Es una cita inaplazable para sus habitantes y para quienes\nllegan a la ciudad de trabajo, de turismo o de compras, que les permite vivir\npor unas horas o d\u00edas contagiarse de la cultura \u00absucre\u00f1a\u00bb, en medio\nde un&nbsp; clima que abraza a la ciudad\ndurante el todo el a\u00f1o, en una estaci\u00f3n de verano donde la alegr\u00eda de contagia\ny el paso a la buena mesa traza un \u00abpuente\u00bb a la m\u00e1s variada carta de\ncarnes de la regi\u00f3n.<\/p>\n\n\n\n<p>En cada piso del Hotel Centro Convenciones\n\u00abMalib\u00fa\u00bb el hu\u00e9sped puede encontrar zonas de naturaleza empotradas en\nla pared, que con el paso del tiempo se han convertido en lugares de miles de\ninstant\u00e1neas de fotos en celulares y c\u00e1maras, que hoy le han dado la vuelta al\nmundo.<\/p>\n\n\n\n<p>&nbsp;En el portafolio de\nservicios del hotel -50 habitaciones- el visitante puede disfrutar de zonas\npara conocer de primera mano el arte de las hamacas, que en Colombia generan\nempleo y hacen que la cultura trascienda el territorio. Alcanza el coraz\u00f3n de\nqui\u00e9n los conoce.<\/p>\n\n\n\n<p>Si usted amigo lector, pensaba que para conocer la\nexcelencia del servicio hotelero en Colombia ten\u00eda que viajar a M\u00e9xico, Panam\u00e1,\nArgentina, Espa\u00f1a o Estados Unidos, det\u00e9ngase a tiempo. Mire hacia al Caribe y\nen particular en la ciudad de Sincelejo, cuyo modelo de regi\u00f3n desde la competitividad\ny productividad dio un salto al futuro con HCMALIBU.<\/p>\n\n\n\n<p>Ya pasaron 5 a\u00f1os de su aparici\u00f3n empresarial en la capital del departamento de Sucre, que se apresta a vivir -como en el pa\u00eds- el Bicentenario. Un hecho de orden hist\u00f3rico, donde el Hotel Centro de Convenciones ser\u00e1 protagonista, gracias a la manera como acoge al hu\u00e9sped, que cuando sale para un nuevo viaje desde sus instalaciones, siempre est\u00e1 pensando en regresar. Todo porque quien conoce su modelo empresarial, comienza a entender que \u00abMalib\u00fa\u00bb fue un sue\u00f1o que se trasformar para mejorar, de la mano de una acci\u00f3n local con visi\u00f3n global y las nuevas tecnolog\u00edas -redes sociales- teniendo presente la riqueza rural y urbana del departamento de Sucre.<\/p>\n\n\n\n<p>Mayor Informaci\u00f3n<\/p>\n\n\n\n<p>E mail reservas@hotelmalibu.co<\/p>\n\n\n\n<p>Tel fijo 2806663<\/p>\n\n\n\n<p>www.hotelmalibu.co<\/p>\n\n\n\n<p>Cel 3145933714<\/p>\n\n\n\n<p>Instagram@hotelycentrodeeventosmalibu<\/p>\n\n\n\n<p>Facebook\/hotelmalibusincelejo<\/p>\n\n\n\n<div class=\"wp-block-columns has-2-columns is-layout-flex wp-container-core-columns-is-layout-9d6595d7 wp-block-columns-is-layout-flex\">\n<div class=\"wp-block-column is-layout-flow wp-block-column-is-layout-flow\">\n<figure class=\"wp-block-image\"><img loading=\"lazy\" decoding=\"async\" width=\"1024\" height=\"768\" src=\"https:\/\/juliancastiblanco.com\/web\/wp-content\/uploads\/2019\/05\/WhatsApp-Image-2019-05-31-at-9.50.12-AM-1024x768.jpeg\" alt=\"\" class=\"wp-image-4290\" srcset=\"https:\/\/juliancastiblanco.com\/web\/wp-content\/uploads\/2019\/05\/WhatsApp-Image-2019-05-31-at-9.50.12-AM-1024x768.jpeg 1024w, https:\/\/juliancastiblanco.com\/web\/wp-content\/uploads\/2019\/05\/WhatsApp-Image-2019-05-31-at-9.50.12-AM-300x225.jpeg 300w, https:\/\/juliancastiblanco.com\/web\/wp-content\/uploads\/2019\/05\/WhatsApp-Image-2019-05-31-at-9.50.12-AM-768x576.jpeg 768w, https:\/\/juliancastiblanco.com\/web\/wp-content\/uploads\/2019\/05\/WhatsApp-Image-2019-05-31-at-9.50.12-AM-810x608.jpeg 810w, https:\/\/juliancastiblanco.com\/web\/wp-content\/uploads\/2019\/05\/WhatsApp-Image-2019-05-31-at-9.50.12-AM-1140x855.jpeg 1140w, https:\/\/juliancastiblanco.com\/web\/wp-content\/uploads\/2019\/05\/WhatsApp-Image-2019-05-31-at-9.50.12-AM.jpeg 1200w\" sizes=\"auto, (max-width: 1024px) 100vw, 1024px\" \/><\/figure>\n<\/div>\n\n\n\n<div class=\"wp-block-column is-layout-flow wp-block-column-is-layout-flow\">\n<figure class=\"wp-block-image\"><img loading=\"lazy\" decoding=\"async\" width=\"500\" height=\"375\" src=\"https:\/\/juliancastiblanco.com\/web\/wp-content\/uploads\/2019\/05\/f439f6e8-ff55-46d2-90bf-c68c5c3ceac5.jpg\" alt=\"\" class=\"wp-image-4291\" srcset=\"https:\/\/juliancastiblanco.com\/web\/wp-content\/uploads\/2019\/05\/f439f6e8-ff55-46d2-90bf-c68c5c3ceac5.jpg 500w, https:\/\/juliancastiblanco.com\/web\/wp-content\/uploads\/2019\/05\/f439f6e8-ff55-46d2-90bf-c68c5c3ceac5-300x225.jpg 300w\" sizes=\"auto, (max-width: 500px) 100vw, 500px\" \/><\/figure>\n<\/div>\n<\/div>\n","protected":false},"excerpt":{"rendered":"<p>Por Carlos Villota Santacruz Twitter @villocol Sincelejo En medio de la historia, el patrimonio, la cultura, la naturaleza y la gastronom\u00eda de la ciudad de Sincelejo, se levanta el&nbsp; Hotel [&hellip;]<\/p>\n","protected":false},"author":4,"featured_media":4292,"comment_status":"open","ping_status":"open","sticky":false,"template":"","format":"standard","meta":{"footnotes":""},"categories":[21],"tags":[],"class_list":["post-4289","post","type-post","status-publish","format-standard","has-post-thumbnail","hentry","category-emprendimiento"],"_links":{"self":[{"href":"https:\/\/juliancastiblanco.com\/web\/wp-json\/wp\/v2\/posts\/4289","targetHints":{"allow":["GET"]}}],"collection":[{"href":"https:\/\/juliancastiblanco.com\/web\/wp-json\/wp\/v2\/posts"}],"about":[{"href":"https:\/\/juliancastiblanco.com\/web\/wp-json\/wp\/v2\/types\/post"}],"author":[{"embeddable":true,"href":"https:\/\/juliancastiblanco.com\/web\/wp-json\/wp\/v2\/users\/4"}],"replies":[{"embeddable":true,"href":"https:\/\/juliancastiblanco.com\/web\/wp-json\/wp\/v2\/comments?post=4289"}],"version-history":[{"count":2,"href":"https:\/\/juliancastiblanco.com\/web\/wp-json\/wp\/v2\/posts\/4289\/revisions"}],"predecessor-version":[{"id":4296,"href":"https:\/\/juliancastiblanco.com\/web\/wp-json\/wp\/v2\/posts\/4289\/revisions\/4296"}],"wp:featuredmedia":[{"embeddable":true,"href":"https:\/\/juliancastiblanco.com\/web\/wp-json\/wp\/v2\/media\/4292"}],"wp:attachment":[{"href":"https:\/\/juliancastiblanco.com\/web\/wp-json\/wp\/v2\/media?parent=4289"}],"wp:term":[{"taxonomy":"category","embeddable":true,"href":"https:\/\/juliancastiblanco.com\/web\/wp-json\/wp\/v2\/categories?post=4289"},{"taxonomy":"post_tag","embeddable":true,"href":"https:\/\/juliancastiblanco.com\/web\/wp-json\/wp\/v2\/tags?post=4289"}],"curies":[{"name":"wp","href":"https:\/\/api.w.org\/{rel}","templated":true}]}}