{"id":4306,"date":"2019-06-04T22:02:20","date_gmt":"2019-06-04T22:02:20","guid":{"rendered":"https:\/\/juliancastiblanco.com\/web\/?p=4306"},"modified":"2019-06-04T22:03:01","modified_gmt":"2019-06-04T22:03:01","slug":"foro-academico-familia-y-derecho-evolucion-historica","status":"publish","type":"post","link":"https:\/\/juliancastiblanco.com\/web\/foro-academico-familia-y-derecho-evolucion-historica\/","title":{"rendered":"Foro acad\u00e9mico. Familia y derecho evoluci\u00f3n hist\u00f3rica"},"content":{"rendered":"\n<p>El viernes 7 de junio en Armenia<\/p>\n\n\n\n<p>La familia como c\u00e9lula b\u00e1sica de la sociedad colombiana, ser\u00e1 la protagonista de un foro acad\u00e9mico en la capital del departamento del Quind\u00edo este viernes 8 de junio, en el Auditorio Sim\u00f3n Bol\u00edvar UGC.<br>\nAs\u00ed lo revel\u00f3 la abogada especialista en familia Luz Amparo Bueno, tras advertir que la evoluci\u00f3n hist\u00f3rica de la familia y los primeros auxilios emocionales en la prevenci\u00f3n del suicidio ser\u00e1n abordados en conferencia magistral por Jorge Antonio Castillo y Luz Dineicy Rico Ur\u00e1n.<br>\nEl papel fundamental de la familia, fue reconocido en 1993 por las Naciones Unidas. Cada 15 de mayo se celebra el d\u00eda internacional de la familia, tendiendo un puente en los cuatro puntos cardinales del planeta a promover el estudio, la reflexi\u00f3n, protecci\u00f3n y fortalecimiento de las familia.<br>\nPrecisamente, el ex presidente de la Corte Suprema de Justicia Jorge Antonio Castillo, abrir\u00e1 el escenario acad\u00e9mico con la conferencia: \u201cFamilia y derecho: evoluci\u00f3n hist\u00f3rica\u201d.<br>\nComo es de conocimiento en el pa\u00eds, el suicidio en el departamento del  Quind\u00edo se ha convertido en un problema de salud p\u00fablica, al alcanzar un aumento del 2017 al 2018 del 22.2 por ciento, al tiempo que en la ciudad de Armenia registr\u00f3 un aumento del 30 por ciento, en el mismo periodo<br>\nEste ser\u00e1 el tema de la segunda conferencia, bajo el t\u00edtulo: \u201cPrimeros auxilios emocionales en la prevenci\u00f3n del suicidio\u201d, que estar\u00e1 a cargo de la psicoanalista Luz Dineicy Rico Ur\u00e1n, qui\u00e9n est\u00e1 adscrita a la Asociaci\u00f3n Mundial de Psiquiatr\u00eda.<br>\nEn palabras de Luz Amparo Bueno \u2013ex Procuradora de Familia- en el momento en el que est\u00e1 inmerso Colombia y el departamento del Quind\u00edo, fortalecer la familia como n\u00facleo de la sociedad, abrir\u00e1 a un desarrollo individual y colectivo fuerte, saludable y sostenible.<\/p>\n","protected":false},"excerpt":{"rendered":"<p>El viernes 7 de junio en Armenia La familia como c\u00e9lula b\u00e1sica de la sociedad colombiana, ser\u00e1 la protagonista de un foro acad\u00e9mico en la capital del departamento del Quind\u00edo [&hellip;]<\/p>\n","protected":false},"author":4,"featured_media":4307,"comment_status":"open","ping_status":"open","sticky":false,"template":"","format":"standard","meta":{"footnotes":""},"categories":[1,73],"tags":[],"class_list":["post-4306","post","type-post","status-publish","format-standard","has-post-thumbnail","hentry","category-sin-categoria","category-eventos"],"_links":{"self":[{"href":"https:\/\/juliancastiblanco.com\/web\/wp-json\/wp\/v2\/posts\/4306","targetHints":{"allow":["GET"]}}],"collection":[{"href":"https:\/\/juliancastiblanco.com\/web\/wp-json\/wp\/v2\/posts"}],"about":[{"href":"https:\/\/juliancastiblanco.com\/web\/wp-json\/wp\/v2\/types\/post"}],"author":[{"embeddable":true,"href":"https:\/\/juliancastiblanco.com\/web\/wp-json\/wp\/v2\/users\/4"}],"replies":[{"embeddable":true,"href":"https:\/\/juliancastiblanco.com\/web\/wp-json\/wp\/v2\/comments?post=4306"}],"version-history":[{"count":1,"href":"https:\/\/juliancastiblanco.com\/web\/wp-json\/wp\/v2\/posts\/4306\/revisions"}],"predecessor-version":[{"id":4308,"href":"https:\/\/juliancastiblanco.com\/web\/wp-json\/wp\/v2\/posts\/4306\/revisions\/4308"}],"wp:featuredmedia":[{"embeddable":true,"href":"https:\/\/juliancastiblanco.com\/web\/wp-json\/wp\/v2\/media\/4307"}],"wp:attachment":[{"href":"https:\/\/juliancastiblanco.com\/web\/wp-json\/wp\/v2\/media?parent=4306"}],"wp:term":[{"taxonomy":"category","embeddable":true,"href":"https:\/\/juliancastiblanco.com\/web\/wp-json\/wp\/v2\/categories?post=4306"},{"taxonomy":"post_tag","embeddable":true,"href":"https:\/\/juliancastiblanco.com\/web\/wp-json\/wp\/v2\/tags?post=4306"}],"curies":[{"name":"wp","href":"https:\/\/api.w.org\/{rel}","templated":true}]}}