{"id":4346,"date":"2019-06-11T15:24:09","date_gmt":"2019-06-11T15:24:09","guid":{"rendered":"https:\/\/juliancastiblanco.com\/web\/?p=4346"},"modified":"2019-06-11T15:44:36","modified_gmt":"2019-06-11T15:44:36","slug":"sindrome-de-alta-exposicion-cuando-te-odian-por-destacar","status":"publish","type":"post","link":"https:\/\/juliancastiblanco.com\/web\/sindrome-de-alta-exposicion-cuando-te-odian-por-destacar\/","title":{"rendered":"S\u00edndrome de alta exposici\u00f3n: cuando te odian por destacar"},"content":{"rendered":"\n<p>Tomado de <a href=\"https:\/\/lamenteesmaravillosa.com\/sindrome-de-alta-exposicion-cuando-te-odian-por-destacar\">https:\/\/lamenteesmaravillosa.com\/sindrome-de-alta-exposicion-cuando-te-odian-por-destacar\/<\/a><\/p>\n\n\n\n<p><strong>Una de las grandes contradicciones en los seres humanos tiene que ver con la dificultad<\/strong><strong>&nbsp;para apreciar honestamente las virtudes de otro, sin sentirnos molestos por ello<\/strong>. No es exactamente envidia. Tiene que ver con lo que se denomina el s\u00edndrome de alta exposici\u00f3n o s\u00edndrome de la amapola alta.<\/p>\n\n\n\n<p>El s\u00edndrome de alta exposici\u00f3n nos habla de que cuando las personas destacan demasiado en alg\u00fan \u00e1rea generan odio en los dem\u00e1s. Ese odio no se puede llamar envidia como tal. M\u00e1s bien&nbsp;<strong>est\u00e1 relacionado con el hecho de que el&nbsp;\u00e9xito&nbsp;de los dem\u00e1s hace que las propias limitaciones se hagan m\u00e1s visibles<\/strong>.<\/p>\n\n\n\n<blockquote class=\"wp-block-quote is-layout-flow wp-block-quote-is-layout-flow\"><p>\u201c<em>Existe algo mucho m\u00e1s escaso, fino y raro que el talento. Es el talento de reconocer a los talentosos<\/em>\u201d.<\/p><p>-Elbert Hubbard-<\/p><\/blockquote>\n\n\n\n<p>De ah\u00ed que al s\u00edndrome de alta exposici\u00f3n tambi\u00e9n se le llame \u201cs\u00edndrome de la amapola alta\u201d. Esto es porque&nbsp;<strong>la l\u00f3gica que impera es la de cortar aquellas flores&nbsp;que crezcan m\u00e1s que otras, para que las dem\u00e1s no salgan perdiendo por comparaci\u00f3n<\/strong>.<\/p>\n\n\n\n<h2 class=\"wp-block-heading\"><strong>La leyenda de origen<\/strong><\/h2>\n\n\n\n<p><strong>Se cuenta que el tema del s\u00edndrome de alta exposici\u00f3n tiene sus primeras referencias en los libros de Her\u00f3doto y en las reflexiones de&nbsp;Arist\u00f3teles<\/strong>. Tambi\u00e9n aparece en un relato de Livio sobre el tirano \u201cTarquino el orgulloso\u201d.<\/p>\n\n\n\n<p>Seg\u00fan Her\u00f3doto el emperador envi\u00f3 a un mensajero para pedirle consejo a Tras\u00edbulo, sobre la mejor manera de mantener el control sobre el imperio. El mensajero se lo pregunt\u00f3, pero&nbsp;<strong>Tras\u00edbulo&nbsp;solo comenz\u00f3 a caminar entre los trigales. Cada vez que encontraba una espiga m\u00e1s alta, la cortaba y la arrojaba al suelo<\/strong>. Y no dijo ni una palabra.<\/p>\n\n\n\n<p>Cuando el mensajero volvi\u00f3 con el emperador, le habl\u00f3 acerca de la extra\u00f1a actitud del consejero. El emperador lo comprendi\u00f3. El mensaje significaba que deb\u00eda eliminar a todo aquel que estuviera por encima de los dem\u00e1s.&nbsp;<strong>Acabar con los mejores, para que su poder<\/strong><strong>&nbsp;y su supremac\u00eda jam\u00e1s fueran puestos en entredicho<\/strong>.<\/p>\n\n\n\n<h2 class=\"wp-block-heading\"><strong>El s\u00edndrome de alta exposici\u00f3n en el mundo de hoy<\/strong><\/h2>\n\n\n\n<p>Es claro que las tiran\u00edas no permiten que surjan figuras destacadas que puedan verse superiores, en alg\u00fan sentido, a quien detenta el poder.&nbsp;<strong>En el \u00e1mbito de la&nbsp;pol\u00edtica&nbsp;es muy frecuente que busque desprestigiarse a quien desaf\u00eda el status quo o al establecimiento<\/strong>. Sin embargo, el s\u00edndrome de alta exposici\u00f3n no es algo que se limite a los asuntos de gobierno.<\/p>\n\n\n\n<p><strong>En el d\u00eda a d\u00eda vemos c\u00f3mo se nos invita a destacar por encima de los dem\u00e1s, pero al mismo tiempo se nos imponen l\u00edmites muy precisos<\/strong>. La idea es que t\u00fa te adhieras a unos par\u00e1metros determinados de lo que significa ser exitoso. Por ejemplo, \u201cel empleado del mes\u201d no es necesariamente es el que m\u00e1s creci\u00f3 o aport\u00f3 elementos relevantes, sino quien cumpli\u00f3 a cabalidad las metas que le fueron fijadas.<\/p>\n\n\n\n<p>Si esto ocurre, no hay problema. No se cortar\u00e1 de ra\u00edz esa planta que ha crecido m\u00e1s que las dem\u00e1s, porque se ha adherido a lo que el jardinero quiere. En cambio,&nbsp;<strong>si alguien llega a destacarse mucho por razones diferentes a las que se consideran v\u00e1lidas, es probable que desate suspicacias<\/strong>y que, eventualmente, se le excluya.<\/p>\n\n\n\n<h2 class=\"wp-block-heading\"><strong>El s\u00edndrome opera en doble sentido<\/strong><\/h2>\n\n\n\n<p>El s\u00edndrome de alta exposici\u00f3n genera consecuencias en dos dimensiones. La primera tiene que ver con lo se\u00f1alado.&nbsp;<strong>Hay una tendencia, casi natural, a no permitir que alguien destaque demasiado, porque genera&nbsp;inseguridades&nbsp;o crea la sensaci\u00f3n de amenaza en los dem\u00e1s<\/strong>. Por lo tanto, a quienes destacan, muy frecuentemente se les critica con excesiva severidad. O se les exige en demas\u00eda. O se busca minimizar su talento o sus logros.<\/p>\n\n\n\n<p><strong>La segunda consecuencia del s\u00edndrome de alta exposici\u00f3n es que le va ense\u00f1ando a la gente a tener miedo de destacar<\/strong>. Precisamente por todo lo dicho, las personas aprenden, m\u00e1s impl\u00edcita que expl\u00edcitamente, que estar por encima de los dem\u00e1s puede ponerlos en riesgo. \u00bfEn riesgo de qu\u00e9? De rechazo, de cuestionamiento, de cr\u00edtica e incluso de ostracismo.<\/p>\n\n\n\n<p> Por lo tanto, muchos asumen que lo correcto es no destacar en ninguna circunstancia. Asumen el \u201cbajo perfil\u201d como una norma y les aterra verse expuestos a los dem\u00e1s.&nbsp;<strong>De una u otra manera, terminan siendo adiestrados para no&nbsp;desafiarlo establecido<\/strong>. Es una l\u00e1stima, porque en ese proceso tambi\u00e9n se pierden capacidades, se dejan de lado talentos genuinos o se renuncia al \u00e9xito mismo. <\/p>\n\n\n\n<p>Fuente.   <br><a href=\"https:\/\/lamenteesmaravillosa.com\/sindrome-de-alta-exposicion-cuando-te-odian-por-destacar\">https:\/\/lamenteesmaravillosa.com\/sindrome-de-alta-exposicion-cuando-te-odian-por-destacar\/<\/a> <br><\/p>\n\n\n\n<p><br><\/p>\n","protected":false},"excerpt":{"rendered":"<p>Tomado de https:\/\/lamenteesmaravillosa.com\/sindrome-de-alta-exposicion-cuando-te-odian-por-destacar\/ Una de las grandes contradicciones en los seres humanos tiene que ver con la dificultad&nbsp;para apreciar honestamente las virtudes de otro, sin sentirnos molestos por ello. No [&hellip;]<\/p>\n","protected":false},"author":4,"featured_media":4347,"comment_status":"open","ping_status":"open","sticky":false,"template":"","format":"standard","meta":{"footnotes":""},"categories":[1],"tags":[],"class_list":["post-4346","post","type-post","status-publish","format-standard","has-post-thumbnail","hentry","category-sin-categoria"],"_links":{"self":[{"href":"https:\/\/juliancastiblanco.com\/web\/wp-json\/wp\/v2\/posts\/4346","targetHints":{"allow":["GET"]}}],"collection":[{"href":"https:\/\/juliancastiblanco.com\/web\/wp-json\/wp\/v2\/posts"}],"about":[{"href":"https:\/\/juliancastiblanco.com\/web\/wp-json\/wp\/v2\/types\/post"}],"author":[{"embeddable":true,"href":"https:\/\/juliancastiblanco.com\/web\/wp-json\/wp\/v2\/users\/4"}],"replies":[{"embeddable":true,"href":"https:\/\/juliancastiblanco.com\/web\/wp-json\/wp\/v2\/comments?post=4346"}],"version-history":[{"count":3,"href":"https:\/\/juliancastiblanco.com\/web\/wp-json\/wp\/v2\/posts\/4346\/revisions"}],"predecessor-version":[{"id":4351,"href":"https:\/\/juliancastiblanco.com\/web\/wp-json\/wp\/v2\/posts\/4346\/revisions\/4351"}],"wp:featuredmedia":[{"embeddable":true,"href":"https:\/\/juliancastiblanco.com\/web\/wp-json\/wp\/v2\/media\/4347"}],"wp:attachment":[{"href":"https:\/\/juliancastiblanco.com\/web\/wp-json\/wp\/v2\/media?parent=4346"}],"wp:term":[{"taxonomy":"category","embeddable":true,"href":"https:\/\/juliancastiblanco.com\/web\/wp-json\/wp\/v2\/categories?post=4346"},{"taxonomy":"post_tag","embeddable":true,"href":"https:\/\/juliancastiblanco.com\/web\/wp-json\/wp\/v2\/tags?post=4346"}],"curies":[{"name":"wp","href":"https:\/\/api.w.org\/{rel}","templated":true}]}}