{"id":4391,"date":"2019-06-18T12:51:44","date_gmt":"2019-06-18T12:51:44","guid":{"rendered":"https:\/\/juliancastiblanco.com\/web\/?p=4391"},"modified":"2019-06-18T12:51:46","modified_gmt":"2019-06-18T12:51:46","slug":"en-congreso-iberoamericano-de-comunicacion-politica-en-bogota-se-lanzo-el-libro-los-estadios-de-la-paz-en-colombia","status":"publish","type":"post","link":"https:\/\/juliancastiblanco.com\/web\/en-congreso-iberoamericano-de-comunicacion-politica-en-bogota-se-lanzo-el-libro-los-estadios-de-la-paz-en-colombia\/","title":{"rendered":"En Congreso Iberoamericano de Comunicaci\u00f3n Pol\u00edtica en Bogot\u00e1 Se lanz\u00f3 el libro \u201cLos Estadios de la Paz en Colombia\u201d"},"content":{"rendered":"\n<p>Coautores los consultores\ncolombianos Martha Hern\u00e1ndez, Andr\u00e9s Lizarralde Henao y Carlos Villota\nSantacruz. Pr\u00f3logo&nbsp; del consultor espa\u00f1ol\nAntonio Sola. Introducci\u00f3n del presidente de la Cumbre Mundial de Comunicaci\u00f3n\nPol\u00edtica el argentino Daniel Ivoskus.<\/p>\n\n\n\n<p>\u201cLa primera condici\u00f3n para\nla paz es la voluntad de lograrla\u201d. Juan Luis Vives, humanista y fil\u00f3sofo\nespa\u00f1ol del siglo XV\u201d con esta cita el consultor pol\u00edtico espa\u00f1ol Antonio Sola\ninici\u00f3 el pr\u00f3logo del libro \u201clos Estadios de la Paz en Colombia\u201d, que fue\nlanzando el pasado 4 de abril de 2019, en la ciudad de Bogot\u00e1, en el marco del\nCongreso Iberoamericano de Comunicaci\u00f3n Pol\u00edtica.<\/p>\n\n\n\n<p>Esta obra editorial de\nlos&nbsp; consultores pol\u00edticos Martha\nHern\u00e1ndez, Andr\u00e9s Lizarralde y Carlos Villota Santacruz analiza de esta ciencia\ndel conocimiento el antes, el durante y el ahora del proceso de paz en\nColombia, que tuvo su \u201cclimax\u201d durante la segunda administraci\u00f3n del ex\npresidente Juan Manuel Santos, que&nbsp; sent\u00f3\na dialogar con uno de los grupos guerrilleros m\u00e1s antiguos de Am\u00e9rica Latina:\nlas Farc, que se gan\u00f3 adem\u00e1s el t\u00edtulo de narcoterroristas.<\/p>\n\n\n\n<p>En palabras de Sola \u201cno hay pueblo que merezca amanecer\ncada d\u00eda con miedo, con sobresaltos, con titulares que anuncien v\u00edctimas y que\npasan a engrosar las listas de todas las barbaridades vividas, entre asesinatos\nselectivos, abusos sexuales, torturas, secuestros, etc. Los colombianos han\nsoportado esto durante m\u00e1s de medio siglo, en el que el conflicto ha reinado en\nsu geograf\u00eda. Por ello, no es de extra\u00f1ar que la paz sea una necesidad vital\u201d<\/p>\n\n\n\n<p>Durante la presentaci\u00f3n del\nlibro \u201cLos Estadios de la Paz en Colombia \u201d record\u00f3 que su incursi\u00f3n en la\ncampa\u00f1a del pa\u00eds suramericano. \u201cComenz\u00f3 aproximadamente mes y medio antes de\ncelebrarse la primera vuelta. En ese momento. Lleg\u00f3 el 25 de mayo y la\nciudadan\u00eda nos dio un fuerte varapalo en las urnas\u201d<\/p>\n\n\n\n<p>\u201cEsa noche Santos convoc\u00f3\nuna reuni\u00f3n con su cuartel general en la que estuve presente. \u2013dijo-&nbsp; Apenas hab\u00edan pasado unas semanas desde que\nle hab\u00eda conocido, pero fue, entonces, cuando descubr\u00ed una cara del candidato\nnovedosa hasta ese momento. En ese preciso instante, Santos decidi\u00f3 tomar,\nrealmente, el control de su campa\u00f1a. Decidi\u00f3 hacer cambios dr\u00e1sticos en su\nequipo y encauzar la campa\u00f1a en lo que ya le hab\u00edamos recomendado: la paz. Tres\nveces paz: la paz de tu pa\u00eds, la paz de tu familia, la paz de tu dignidad. No\nse trataba s\u00f3lo de los acuerdos de Paz negoci\u00e1ndose en Cuba, era mucho m\u00e1s que\neso. De esta forma, surgi\u00f3 el eslogan de: \u201cCon Paz, haremos m\u00e1s\u201d y nos\nfocalizamos directamente en eso\u201d<\/p>\n\n\n\n<p>Como se observa el aporte\neditorial de la pluma&nbsp; de Martha\nHern\u00e1ndez, Andr\u00e9s Lizarralde y Carlos Villota Santacruz&nbsp; acerca a las ra\u00edces del conflicto, su\ndesarrollo y resoluci\u00f3n, al tiempo que tiende un puente hist\u00f3rico para entender\nque la unidad un pueblo es fundamental en la reconstrucci\u00f3n de un pa\u00eds que ha\nvivido experiencias duras y que son extrapolables a otra serie de situaciones\u201d<\/p>\n\n\n\n<p>M\u00e1s adelante, el presidente\nde la Cumbre Mundial de Comunicaci\u00f3n Pol\u00edtica Daniel Ivoskus \u2013qui\u00e9n realiz\u00f3 la\ninstrucci\u00f3n de la obra que se puede adquirir por la plataforma AMAZON.ES\nconsider\u00f3&nbsp; que \u201cel proceso de paz dej\u00f3 un\nsin n\u00famero de preguntas para los colombianos con muy pocas respuestas. En el\nmedio una campa\u00f1a desorganizada que no logr\u00f3 unificar un mensaje, sino que se\nfragment\u00f3 en la apat\u00eda pol\u00edtica de embanderar esta causa. Sentimientos cruzados;\nsobre la mesa la impunidad, el perd\u00f3n y la reconciliaci\u00f3n no lograron ser la\nmezcla perfecta de lo que parec\u00eda ser en s\u00ed mismo el plebiscito perfecto. El\npresidente colombiano encabez\u00f3 la campa\u00f1a del \u201cSI\u201d en un periodo caracterizado\npor su baja popularidad. Del otro lado, su contrincante \u00c1lvaro Uribe V\u00e9lez\ndirigi\u00f3 la campa\u00f1a del \u201cNO\u201d; logrando ganar adeptos, convulsion\u00f3 el escenario\nde la paz, polarizando la sociedad colombiana entre el SI y el NO al acuerdo\nfirmado en la Habana. El deseo de la paz se sumergi\u00f3 entre las dudas, el ruido\nmedi\u00e1tico y las campa\u00f1as en torno al plebiscito tuvieron m\u00e1s errores que\naciertos. Esto permiti\u00f3 que el \u00fanico ganador de la consulta popular fuera el\npico abstencionista, tocando un elevado porcentaje: situaci\u00f3n preocupante para\nuna democracia sana y participativa\u201d<\/p>\n\n\n\n<p>Para el argentino Daniel\nIvoskus \u2013referente de la comunicaci\u00f3n pol\u00edtica mundial- el libro \u201clos Estadios\nde la Paz en Colombia\u201d llega al lector \u201centre nuevas ciudadan\u00edas, participaci\u00f3n\ndigital, conexi\u00f3n e interacci\u00f3n se levanta una nueva generaci\u00f3n de paz para\nnuestra regi\u00f3n y la comunicaci\u00f3n pol\u00edtica ser\u00e1 su mejor herramienta de cara a\nuna gesti\u00f3n inteligente. Sin lugar a dudas la mejor estrategia de comunicaci\u00f3n\nes volver a lo esencial: comunicar con sentido de manera clara, sencilla y\nconcreta. La sociedad pide ser escuchada y quiere incidir sobre la toma de\ndecisiones, involucr\u00e1ndose en el proceso democr\u00e1tico\u201d.<\/p>\n\n\n\n<p>Durante el lanzamiento de la\nobra los coautores Martha Hern\u00e1ndez, Andr\u00e9s Lizarralde y Carlos Villota\nSantacruz dejaron algunas reflexiones, que colocaron a pensar a los asistentes\ny quienes siguieron el Congreso Iberoamericano de Comunicaci\u00f3n Pol\u00edtica el\npasado 4 y 5 de abril de 2019 en Bogot\u00e1 record\u00f3&nbsp;\nlas palabras del ex presidente de Uruguay Pepe M\u00fajica: \u201cno se debe\nolvidar que la democracia vale mucho m\u00e1s que el poder. Colombia necesita ser un\nEstado social de derecho en democracia.&nbsp; Se\nvan a presentar grandes dilemas entre verdad y justicia, pero la paz y la\nverdad deben estar sobre la justicia por el bien de todos\u201d.<\/p>\n\n\n\n<p>En esa l\u00ednea Andr\u00e9s\nLizarralde Henao recalc\u00f3 que \u201cla paz s\u00ed de Colombia, pero no as\u00ed. La paz es un\nanhelo de todos, pero no puede convertirse en una excusa para seguir sacando\nadelante procesos cargados de impunidad, donde en medio de las injusticias que\nazotan al pa\u00eds, criminales, abusadores y secuestradores gocen de beneficios\nocupando cargos de poder en el Estado. Este no es un rechazo a la paz, es un\nrechazo a la construcci\u00f3n de m\u00e1s procesos que ser\u00e1n el incentivo o ejemplo para\nque los actuales alzados en armas sigan aumentando su capacidad delictiva en\ncontra de la poblaci\u00f3n, a fin de presionar al gobierno para a futuro gozar de\nlos mismos o mayores beneficios alcanzados por las Farc con los acuerdos de La\nHabana\u201d<\/p>\n\n\n\n<p>Finalmente, para Carlos\nVillota Santacruz qui\u00e9n relat\u00f3 durante la presentaci\u00f3n del libro que vivi\u00f3 el\nsecuestro de las Farc en el Departamento del Vichada en el a\u00f1o 2002 por espacio\nde 5 d\u00edas con el camar\u00f3grafo Freddy Forero&nbsp;\nanot\u00f3 que&nbsp; \u201cle corresponde al\nGobierno del presiente&nbsp; Iv\u00e1n Duque y los\nmandatarios municipales y departamentales \u2013incluidos los que resulten electos\nen las elecciones de octubre de 2019-&nbsp;\nconstruir un cambio de modelo de desarrollo econ\u00f3mico y social con\namplitud en lo participativo, en el di\u00e1logo y el apoyo en el fortalecimiento\ninstitucional del Estado\u201d.<\/p>\n\n\n\n<p>En ese contexto, -manifest\u00f3-\n&nbsp;\u201cla academia debe ser un actor de primer\norden. La raz\u00f3n. La construcci\u00f3n de una cultura de paz es inconcebible fuera\ndel marco \u00e9tico. El hombre es la \u00fanica especie animal que tiene sentido del\nbien y del mal, sentido de finalidad y sentido de la vida: el hombre es un\nanimal \u00e9tico. La \u00e9tica no es un lujo, ni una moda trasnochada, ni una\nespecializaci\u00f3n de las religiones. Este argumento se fundamenta en el hecho la\npaz de naturaleza racional, se comprende como un ideal y una tarea de\nnaturaleza \u00e9tica y moral. Desde cualquier ciencia del conocimiento, la b\u00fasqueda\nde la felicidad es un imperativo \u00e9tico. Sin la paz no hay felicidad, dice el\npapa Francisco. Lo que nos lleva a decir, en este marco de conclusiones, que la\nconstrucci\u00f3n de la paz es una exigencia de la \u00e9tica\u201d.<\/p>\n\n\n\n<p>El libro \u201cLos Estadios de la\nPaz en Colombia est\u00e1 llamado a ser una lectura obligatoria en los cinco\ncontinentes para que los ciudadanos del mundo, los medios de comunicaci\u00f3n e\ninvestigadores de Am\u00e9rica Latina, conozcan de cerca como este pa\u00eds suramericano\nes un actor de primer orden de la geopol\u00edtica del siglo XXI. Que adem\u00e1s sufre\nel impacto directo de la crisis social, econ\u00f3mica y humanitaria. Un hecho contundente,\nque se puede resumir: \u201cel retorno a la democracia de Venezuela es un paso\nnecesario para la estabilidad de la regi\u00f3n\u201d. <\/p>\n\n\n\n<p>Mayor informaci\u00f3n email: martachester@gmail.com M\u00f3vil: +5491159041023 email: lizarraldeandres@gmail.com M\u00f3vil: +573008875380 email: villotasantacruzcarlos@yahoo.com.co M\u00f3vil: +573153540770<\/p>\n\n\n\n<div class=\"wp-block-columns has-2-columns is-layout-flex wp-container-core-columns-is-layout-9d6595d7 wp-block-columns-is-layout-flex\">\n<div class=\"wp-block-column is-layout-flow wp-block-column-is-layout-flow\">\n<figure class=\"wp-block-image\"><img loading=\"lazy\" decoding=\"async\" width=\"960\" height=\"720\" src=\"https:\/\/juliancastiblanco.com\/web\/wp-content\/uploads\/2019\/06\/LIBRO-LANZAMIENTO.-4.jpg\" alt=\"\" class=\"wp-image-4394\" srcset=\"https:\/\/juliancastiblanco.com\/web\/wp-content\/uploads\/2019\/06\/LIBRO-LANZAMIENTO.-4.jpg 960w, https:\/\/juliancastiblanco.com\/web\/wp-content\/uploads\/2019\/06\/LIBRO-LANZAMIENTO.-4-300x225.jpg 300w, https:\/\/juliancastiblanco.com\/web\/wp-content\/uploads\/2019\/06\/LIBRO-LANZAMIENTO.-4-768x576.jpg 768w, https:\/\/juliancastiblanco.com\/web\/wp-content\/uploads\/2019\/06\/LIBRO-LANZAMIENTO.-4-810x608.jpg 810w\" sizes=\"auto, (max-width: 960px) 100vw, 960px\" \/><\/figure>\n\n\n\n<figure class=\"wp-block-image\"><img loading=\"lazy\" decoding=\"async\" width=\"576\" height=\"960\" src=\"https:\/\/juliancastiblanco.com\/web\/wp-content\/uploads\/2019\/06\/LIBRO-LANZAMIENTO.-2.jpg\" alt=\"\" class=\"wp-image-4393\" srcset=\"https:\/\/juliancastiblanco.com\/web\/wp-content\/uploads\/2019\/06\/LIBRO-LANZAMIENTO.-2.jpg 576w, https:\/\/juliancastiblanco.com\/web\/wp-content\/uploads\/2019\/06\/LIBRO-LANZAMIENTO.-2-180x300.jpg 180w\" sizes=\"auto, (max-width: 576px) 100vw, 576px\" \/><\/figure>\n<\/div>\n\n\n\n<div class=\"wp-block-column is-layout-flow wp-block-column-is-layout-flow\">\n<figure class=\"wp-block-image\"><img loading=\"lazy\" decoding=\"async\" width=\"1024\" height=\"768\" src=\"https:\/\/juliancastiblanco.com\/web\/wp-content\/uploads\/2019\/06\/LIBRO-LANZAMIENTO.-5-1024x768.jpg\" alt=\"\" class=\"wp-image-4395\" srcset=\"https:\/\/juliancastiblanco.com\/web\/wp-content\/uploads\/2019\/06\/LIBRO-LANZAMIENTO.-5-1024x768.jpg 1024w, https:\/\/juliancastiblanco.com\/web\/wp-content\/uploads\/2019\/06\/LIBRO-LANZAMIENTO.-5-300x225.jpg 300w, https:\/\/juliancastiblanco.com\/web\/wp-content\/uploads\/2019\/06\/LIBRO-LANZAMIENTO.-5-768x576.jpg 768w, https:\/\/juliancastiblanco.com\/web\/wp-content\/uploads\/2019\/06\/LIBRO-LANZAMIENTO.-5-810x608.jpg 810w, https:\/\/juliancastiblanco.com\/web\/wp-content\/uploads\/2019\/06\/LIBRO-LANZAMIENTO.-5-1140x855.jpg 1140w, https:\/\/juliancastiblanco.com\/web\/wp-content\/uploads\/2019\/06\/LIBRO-LANZAMIENTO.-5.jpg 1280w\" sizes=\"auto, (max-width: 1024px) 100vw, 1024px\" \/><\/figure>\n\n\n\n<figure class=\"wp-block-image\"><img loading=\"lazy\" decoding=\"async\" width=\"750\" height=\"926\" src=\"https:\/\/juliancastiblanco.com\/web\/wp-content\/uploads\/2019\/06\/LIBRO-LANZAMIENTO.-1.jpg\" alt=\"\" class=\"wp-image-4392\" srcset=\"https:\/\/juliancastiblanco.com\/web\/wp-content\/uploads\/2019\/06\/LIBRO-LANZAMIENTO.-1.jpg 750w, https:\/\/juliancastiblanco.com\/web\/wp-content\/uploads\/2019\/06\/LIBRO-LANZAMIENTO.-1-243x300.jpg 243w\" sizes=\"auto, (max-width: 750px) 100vw, 750px\" \/><\/figure>\n<\/div>\n<\/div>\n","protected":false},"excerpt":{"rendered":"<p>Coautores los consultores colombianos Martha Hern\u00e1ndez, Andr\u00e9s Lizarralde Henao y Carlos Villota Santacruz. Pr\u00f3logo&nbsp; del consultor espa\u00f1ol Antonio Sola. Introducci\u00f3n del presidente de la Cumbre Mundial de Comunicaci\u00f3n Pol\u00edtica el [&hellip;]<\/p>\n","protected":false},"author":4,"featured_media":4396,"comment_status":"open","ping_status":"open","sticky":false,"template":"","format":"standard","meta":{"footnotes":""},"categories":[13],"tags":[],"class_list":["post-4391","post","type-post","status-publish","format-standard","has-post-thumbnail","hentry","category-lanzamientos"],"_links":{"self":[{"href":"https:\/\/juliancastiblanco.com\/web\/wp-json\/wp\/v2\/posts\/4391","targetHints":{"allow":["GET"]}}],"collection":[{"href":"https:\/\/juliancastiblanco.com\/web\/wp-json\/wp\/v2\/posts"}],"about":[{"href":"https:\/\/juliancastiblanco.com\/web\/wp-json\/wp\/v2\/types\/post"}],"author":[{"embeddable":true,"href":"https:\/\/juliancastiblanco.com\/web\/wp-json\/wp\/v2\/users\/4"}],"replies":[{"embeddable":true,"href":"https:\/\/juliancastiblanco.com\/web\/wp-json\/wp\/v2\/comments?post=4391"}],"version-history":[{"count":1,"href":"https:\/\/juliancastiblanco.com\/web\/wp-json\/wp\/v2\/posts\/4391\/revisions"}],"predecessor-version":[{"id":4397,"href":"https:\/\/juliancastiblanco.com\/web\/wp-json\/wp\/v2\/posts\/4391\/revisions\/4397"}],"wp:featuredmedia":[{"embeddable":true,"href":"https:\/\/juliancastiblanco.com\/web\/wp-json\/wp\/v2\/media\/4396"}],"wp:attachment":[{"href":"https:\/\/juliancastiblanco.com\/web\/wp-json\/wp\/v2\/media?parent=4391"}],"wp:term":[{"taxonomy":"category","embeddable":true,"href":"https:\/\/juliancastiblanco.com\/web\/wp-json\/wp\/v2\/categories?post=4391"},{"taxonomy":"post_tag","embeddable":true,"href":"https:\/\/juliancastiblanco.com\/web\/wp-json\/wp\/v2\/tags?post=4391"}],"curies":[{"name":"wp","href":"https:\/\/api.w.org\/{rel}","templated":true}]}}