{"id":5572,"date":"2020-09-04T21:19:58","date_gmt":"2020-09-04T21:19:58","guid":{"rendered":"https:\/\/juliancastiblanco.com\/web\/?p=5572"},"modified":"2020-09-04T21:19:58","modified_gmt":"2020-09-04T21:19:58","slug":"cambios-y-actualizaciones-en-el-manejo-de-datos-para-las-empresas-en-facebook","status":"publish","type":"post","link":"https:\/\/juliancastiblanco.com\/web\/cambios-y-actualizaciones-en-el-manejo-de-datos-para-las-empresas-en-facebook\/","title":{"rendered":"Cambios y actualizaciones en el manejo de Datos para las empresas en Facebook"},"content":{"rendered":"<p style=\"text-align: justify;\"><span style=\"font-weight: 400; font-family: verdana, geneva, sans-serif; font-size: 14px;\">Facebook anunci\u00f3 a finales de agosto nuevos cambios y actualizaciones en su plataforma para empresas conocida como Business Manager que entraron en vigor el 31 de agosto de este a\u00f1o 2020, esto con el fin de ayudar a las empresas activas en la plataforma.<\/span><\/p>\n<p style=\"text-align: justify;\"><span style=\"font-weight: 400; font-family: verdana, geneva, sans-serif; font-size: 14px;\">Actualizaci\u00f3n de las condiciones para empresas<\/span><\/p>\n<ul style=\"text-align: justify;\">\n<li style=\"font-weight: 400;\"><span style=\"font-family: verdana, geneva, sans-serif; font-size: 14px;\"><span style=\"font-weight: 400;\">Lanza nuevas <\/span><a href=\"https:\/\/www.facebook.com\/legal\/terms\/dataprocessing\/update\"><span style=\"font-weight: 400;\">Condiciones del tratamiento de los datos<\/span><\/a><span style=\"font-weight: 400;\">, que se aplicar\u00e1n no solo a los anunciantes sujetos al RGPD, sino tambi\u00e9n a otros anunciantes de todo el mundo. Estas nuevas condiciones ayudar\u00e1n a los anunciantes que, por las leyes vigentes en su jurisdicci\u00f3n, necesitan un acuerdo de tratamiento de datos para usar las herramientas empresariales de Facebook o los p\u00fablicos personalizados de listas de clientes.<\/span><\/span><\/li>\n<li style=\"font-weight: 400;\"><span style=\"font-family: verdana, geneva, sans-serif; font-size: 14px;\"><span style=\"font-weight: 400;\">Actualizaci\u00f3n en\u00a0 las <\/span><a href=\"https:\/\/www.facebook.com\/legal\/terms\/businesstools\/update\"><span style=\"font-weight: 400;\">Condiciones de las herramientas empresariales<\/span><\/a><span style=\"font-weight: 400;\">. Entre otros cambios, incorpora un <\/span><a href=\"https:\/\/www.facebook.com\/legal\/controller_addendum\"><span style=\"font-weight: 400;\">ap\u00e9ndice sobre corresponsables<\/span><\/a><span style=\"font-weight: 400;\"> para aclarar las responsabilidades de Facebook Ireland y las de las empresas sujetas al Reglamento General de Protecci\u00f3n de Datos (RGPD). Es recomendable que todas las empresas que usen herramientas como los plugins sociales, los SDK o el p\u00edxel, y est\u00e9n sujetas al RGPD que hagan las modificaciones necesarias en sus pol\u00edticas de privacidad para reflejar ese cambio.<\/span><\/span><\/li>\n<li style=\"font-weight: 400;\"><span style=\"font-family: verdana, geneva, sans-serif; font-size: 14px;\"><span style=\"font-weight: 400;\">En un nuevo conjunto de <\/span><a href=\"https:\/\/www.facebook.com\/legal\/terms\/data_security_terms\"><span style=\"font-weight: 400;\">Condiciones de seguridad de los datos<\/span><\/a><span style=\"font-weight: 400;\">, describen pr\u00e1cticas y las normas para mantener los datos seguros, como los controles de seguridad que llevan a cabo en los centros de datos, a fin de responder algunas preguntas frecuentes sobre seguridad de sus clientes y socios.<\/span><\/span><\/li>\n<li style=\"font-weight: 400;\"><span style=\"font-family: verdana, geneva, sans-serif; font-size: 14px;\"><span style=\"font-weight: 400;\">Tambi\u00e9n realizaron\u00a0 algunos cambios en las <\/span><a href=\"https:\/\/www.facebook.com\/legal\/terms\/customaudience\/update\"><span style=\"font-weight: 400;\">Condiciones de los p\u00fablicos personalizados de listas de clientes<\/span><\/a><span style=\"font-weight: 400;\">, las <\/span><a href=\"https:\/\/www.facebook.com\/legal\/self_service_ads_terms\/update\"><span style=\"font-weight: 400;\">Condiciones de los anuncios de autoservicio<\/span><\/a><span style=\"font-weight: 400;\"> y las <\/span><a href=\"https:\/\/www.facebook.com\/legal\/commercial_terms\/update\"><span style=\"font-weight: 400;\">Condiciones comerciales<\/span><\/a><span style=\"font-weight: 400;\"> para que sean m\u00e1s claras y f\u00e1ciles de entender.<\/span><\/span><\/li>\n<\/ul>\n<p style=\"text-align: justify;\">\n<p style=\"text-align: justify;\"><span style=\"font-family: verdana, geneva, sans-serif; font-size: 14px;\"><span style=\"font-weight: 400;\">Adem\u00e1s, simplific\u00f3 las <\/span><a href=\"https:\/\/developers.facebook.com\/terms\"><span style=\"font-weight: 400;\">Condiciones de la plataforma<\/span><\/a><span style=\"font-weight: 400;\"> y las <\/span><a href=\"https:\/\/developers.facebook.com\/devpolicy\"><span style=\"font-weight: 400;\">Pol\u00edticas para desarrolladores<\/span><\/a><span style=\"font-weight: 400;\"> a fin de brindar una orientaci\u00f3n m\u00e1s clara sobre las restricciones de uso de datos y describir los derechos y las responsabilidades fundamentales de los desarrolladores que usan la plataforma. Para m\u00e1s informaci\u00f3n puedes ingresar aqu\u00ed:\u00a0 <\/span><a href=\"https:\/\/developers.facebook.com\/blog\/post\/2020\/07\/01\/platform-terms-developer-policies\"><span style=\"font-weight: 400;\">https:\/\/developers.facebook.com\/blog\/post\/2020\/07\/01\/platform-terms-developer-policies<\/span><\/a><span style=\"font-weight: 400;\">\u00a0<\/span><\/span><\/p>\n<p style=\"text-align: justify;\"><span style=\"font-weight: 400; font-family: verdana, geneva, sans-serif; font-size: 14px;\">Puede que\u00a0 este compromiso de facebook con la protecci\u00f3n de los datos, el manejo de ellos y la privacidad de las personas en su plataforma sea un intento\u00a0<\/span><span style=\"font-weight: 400; font-family: verdana, geneva, sans-serif; font-size: 14px;\">de evitar m\u00e1s esc\u00e1ndalos y de mejorar su plataforma para proporcionarnos un buen servicio.\u00a0<\/span><\/p>\n<p style=\"text-align: justify;\">\n<p style=\"text-align: justify;\"><span style=\"font-weight: 400; font-family: verdana, geneva, sans-serif; font-size: 14px;\">Fuente: Facebook for Business\u00a0<\/span><\/p>\n<p style=\"text-align: justify;\">\n<p style=\"text-align: justify;\"><span style=\"font-weight: 400; font-family: verdana, geneva, sans-serif; font-size: 14px;\">Por: Monica Pacheco Especialista en Campa\u00f1as Digitales\u00a0<\/span><\/p>\n<p>&nbsp;<\/p>\n<p><span style=\"font-family: verdana, geneva, sans-serif; font-size: 14px;\">Tambi\u00e9n te puede interesar el siguiente art\u00edculo:<\/span><\/p>\n<blockquote class=\"wp-embedded-content\" data-secret=\"mpGjg49uPB\"><p><a href=\"https:\/\/juliancastiblanco.com\/web\/como-buscar-soporte-en-facebook\/\">C\u00f3mo buscar soporte en Facebook<\/a><\/p><\/blockquote>\n<p><iframe loading=\"lazy\" class=\"wp-embedded-content\" sandbox=\"allow-scripts\" security=\"restricted\" style=\"position: absolute; clip: rect(1px, 1px, 1px, 1px);\" title=\"\u00abC\u00f3mo buscar soporte en Facebook\u00bb \u2014 JulianCastiblanco.com\" src=\"https:\/\/juliancastiblanco.com\/web\/como-buscar-soporte-en-facebook\/embed\/#?secret=mpGjg49uPB\" data-secret=\"mpGjg49uPB\" width=\"600\" height=\"338\" frameborder=\"0\" marginwidth=\"0\" marginheight=\"0\" scrolling=\"no\"><\/iframe><\/p>\n","protected":false},"excerpt":{"rendered":"<p>Facebook anunci\u00f3 a finales de agosto nuevos cambios y actualizaciones en su plataforma para empresas conocida como Business Manager que entraron en vigor el 31 de agosto de este a\u00f1o [&hellip;]<\/p>\n","protected":false},"author":4,"featured_media":5575,"comment_status":"closed","ping_status":"closed","sticky":false,"template":"","format":"standard","meta":{"footnotes":""},"categories":[23,9],"tags":[],"class_list":["post-5572","post","type-post","status-publish","format-standard","has-post-thumbnail","hentry","category-julian-castiblanco","category-tecnologia"],"_links":{"self":[{"href":"https:\/\/juliancastiblanco.com\/web\/wp-json\/wp\/v2\/posts\/5572","targetHints":{"allow":["GET"]}}],"collection":[{"href":"https:\/\/juliancastiblanco.com\/web\/wp-json\/wp\/v2\/posts"}],"about":[{"href":"https:\/\/juliancastiblanco.com\/web\/wp-json\/wp\/v2\/types\/post"}],"author":[{"embeddable":true,"href":"https:\/\/juliancastiblanco.com\/web\/wp-json\/wp\/v2\/users\/4"}],"replies":[{"embeddable":true,"href":"https:\/\/juliancastiblanco.com\/web\/wp-json\/wp\/v2\/comments?post=5572"}],"version-history":[{"count":1,"href":"https:\/\/juliancastiblanco.com\/web\/wp-json\/wp\/v2\/posts\/5572\/revisions"}],"predecessor-version":[{"id":5576,"href":"https:\/\/juliancastiblanco.com\/web\/wp-json\/wp\/v2\/posts\/5572\/revisions\/5576"}],"wp:featuredmedia":[{"embeddable":true,"href":"https:\/\/juliancastiblanco.com\/web\/wp-json\/wp\/v2\/media\/5575"}],"wp:attachment":[{"href":"https:\/\/juliancastiblanco.com\/web\/wp-json\/wp\/v2\/media?parent=5572"}],"wp:term":[{"taxonomy":"category","embeddable":true,"href":"https:\/\/juliancastiblanco.com\/web\/wp-json\/wp\/v2\/categories?post=5572"},{"taxonomy":"post_tag","embeddable":true,"href":"https:\/\/juliancastiblanco.com\/web\/wp-json\/wp\/v2\/tags?post=5572"}],"curies":[{"name":"wp","href":"https:\/\/api.w.org\/{rel}","templated":true}]}}