{"id":5582,"date":"2020-09-07T19:58:26","date_gmt":"2020-09-07T19:58:26","guid":{"rendered":"https:\/\/juliancastiblanco.com\/web\/?p=5582"},"modified":"2020-09-07T19:58:26","modified_gmt":"2020-09-07T19:58:26","slug":"nueva-experiencia-de-ventas-en-las-tiendas-de-facebook","status":"publish","type":"post","link":"https:\/\/juliancastiblanco.com\/web\/nueva-experiencia-de-ventas-en-las-tiendas-de-facebook\/","title":{"rendered":"Nueva experiencia de ventas en las tiendas de Facebook"},"content":{"rendered":"<p style=\"text-align: justify;\"><span style=\"font-weight: 400; font-family: verdana, geneva, sans-serif; font-size: 14px;\">Facebook ha mejorado la experiencia de ventas con la tienda, con la\u00a0 funcionalidad en el Business Manager llamada administrador de ventas\u00a0<\/span><\/p>\n<p style=\"text-align: justify;\"><span style=\"font-weight: 400; font-family: verdana, geneva, sans-serif; font-size: 14px;\">El administrador de ventas es un conjunto de herramientas en el que puedes administrar inventarios de tus productos, vender productos y entregar pedidos de tus negocios en facebook e instagram y puedes hacer uso de ella tanto si es una tienda peque\u00f1a o si usas plataformas como shopify.<\/span><\/p>\n<p style=\"text-align: justify;\"><span style=\"font-weight: 400; font-family: verdana, geneva, sans-serif; font-size: 14px;\">Miremos lo nuevo:\u00a0<\/span><\/p>\n<p style=\"text-align: justify;\"><span style=\"font-family: verdana, geneva, sans-serif; font-size: 14px;\"><b>Un nuevo espacio para el cat\u00e1logo: <\/b><span style=\"font-weight: 400;\">Ahora se agregan y administran los art\u00edculos o productos directamente all\u00ed\u00a0<\/span><\/span><\/p>\n<p style=\"text-align: justify;\"><span style=\"font-family: verdana, geneva, sans-serif; font-size: 14px;\"><b>Crear y personalizar la tienda: <\/b><span style=\"font-weight: 400;\">Agrega y organiza colecciones en la pesta\u00f1a dise\u00f1o y crear aspectos de texto y botones con la pesta\u00f1a estilo\u00a0<\/span><\/span><\/p>\n<p style=\"text-align: justify;\"><span style=\"font-family: verdana, geneva, sans-serif; font-size: 14px;\"><img loading=\"lazy\" decoding=\"async\" class=\"alignnone size-full wp-image-5587\" src=\"https:\/\/juliancastiblanco.com\/web\/wp-content\/uploads\/2020\/09\/Nueva-experiencia-de-ventas-en-las-tiendas-de-facebook4.png\" alt=\"\" width=\"313\" height=\"105\" srcset=\"https:\/\/juliancastiblanco.com\/web\/wp-content\/uploads\/2020\/09\/Nueva-experiencia-de-ventas-en-las-tiendas-de-facebook4.png 313w, https:\/\/juliancastiblanco.com\/web\/wp-content\/uploads\/2020\/09\/Nueva-experiencia-de-ventas-en-las-tiendas-de-facebook4-300x101.png 300w\" sizes=\"auto, (max-width: 313px) 100vw, 313px\" \/><\/span><\/p>\n<p style=\"text-align: justify;\"><span style=\"font-family: verdana, geneva, sans-serif; font-size: 14px;\"><b>Obt\u00e9n una vista previa de la tienda: <\/b><span style=\"font-weight: 400;\">Observa como se mostrar\u00e1 la tienda en facebook e instagram si tienes habilitada la tienda para esta plataforma.<\/span><\/span><\/p>\n<p style=\"text-align: justify;\"><span style=\"font-family: verdana, geneva, sans-serif; font-size: 14px;\"><img loading=\"lazy\" decoding=\"async\" class=\"alignnone size-full wp-image-5585\" src=\"https:\/\/juliancastiblanco.com\/web\/wp-content\/uploads\/2020\/09\/Nueva-experiencia-de-ventas-en-las-tiendas-de-facebook2.png\" alt=\"\" width=\"253\" height=\"580\" srcset=\"https:\/\/juliancastiblanco.com\/web\/wp-content\/uploads\/2020\/09\/Nueva-experiencia-de-ventas-en-las-tiendas-de-facebook2.png 253w, https:\/\/juliancastiblanco.com\/web\/wp-content\/uploads\/2020\/09\/Nueva-experiencia-de-ventas-en-las-tiendas-de-facebook2-131x300.png 131w\" sizes=\"auto, (max-width: 253px) 100vw, 253px\" \/><\/span><\/p>\n<p style=\"text-align: justify;\"><span style=\"font-family: verdana, geneva, sans-serif; font-size: 14px;\"><b>Destacar colecciones: <\/b><span style=\"font-weight: 400;\">Puedes elegir una colecci\u00f3n para que se destaque en la parte superior de la tienda.<\/span><\/span><\/p>\n<p style=\"text-align: justify;\"><span style=\"font-family: verdana, geneva, sans-serif; font-size: 14px;\"><img loading=\"lazy\" decoding=\"async\" class=\"alignnone size-full wp-image-5586\" src=\"https:\/\/juliancastiblanco.com\/web\/wp-content\/uploads\/2020\/09\/Nueva-experiencia-de-ventas-en-las-tiendas-de-facebook3.png\" alt=\"\" width=\"287\" height=\"169\" \/><\/span><\/p>\n<p style=\"text-align: justify;\"><span style=\"font-family: verdana, geneva, sans-serif; font-size: 14px;\"><b>Mostrar inventario: <\/b><span style=\"font-weight: 400;\">Los intereses de cada usuario determinar\u00e1 que se le mostrar\u00e1\u00a0<\/span><\/span><\/p>\n<p style=\"text-align: justify;\"><span style=\"font-family: verdana, geneva, sans-serif; font-size: 14px;\"><b>Crear secuencias: <\/b><span style=\"font-weight: 400;\">Agrega m\u00e1s colecciones debajo de tu inventario para crear una secuencia en la parte inferior de la tienda.\u00a0<\/span><\/span><\/p>\n<p style=\"text-align: justify;\"><span style=\"font-family: verdana, geneva, sans-serif; font-size: 14px;\"><img loading=\"lazy\" decoding=\"async\" class=\"alignnone size-full wp-image-5583\" src=\"https:\/\/juliancastiblanco.com\/web\/wp-content\/uploads\/2020\/09\/Nueva-experiencia-de-ventas-en-las-tiendas-de-facebook.png\" alt=\"\" width=\"344\" height=\"242\" srcset=\"https:\/\/juliancastiblanco.com\/web\/wp-content\/uploads\/2020\/09\/Nueva-experiencia-de-ventas-en-las-tiendas-de-facebook.png 344w, https:\/\/juliancastiblanco.com\/web\/wp-content\/uploads\/2020\/09\/Nueva-experiencia-de-ventas-en-las-tiendas-de-facebook-300x211.png 300w\" sizes=\"auto, (max-width: 344px) 100vw, 344px\" \/><\/span><\/p>\n<p style=\"text-align: justify;\"><span style=\"font-family: verdana, geneva, sans-serif; font-size: 14px;\"><b>Obtener estad\u00edsticas: <\/b><span style=\"font-weight: 400;\">Puedes adquirir estad\u00edsticas que te permitan optimizar tu estrateg\u00eda.<\/span><\/span><\/p>\n<p style=\"text-align: justify;\"><span style=\"font-weight: 400; font-family: verdana, geneva, sans-serif; font-size: 14px;\">Puedes hacer cambios y dejarlos como borrador y publicarlos cuando lo desees\u00a0<\/span><\/p>\n<p style=\"text-align: justify;\"><span style=\"font-family: verdana, geneva, sans-serif; font-size: 14px;\"><span style=\"font-weight: 400;\">Esta <\/span><b>nueva experiencia<\/b><span style=\"font-weight: 400;\"> no est\u00e1 habilitada para todos los Business Manager, se ir\u00e1 habilitando gradualmente como considere la plataforma misma.\u00a0<\/span><\/span><\/p>\n<p style=\"text-align: justify;\"><span style=\"font-weight: 400; font-family: verdana, geneva, sans-serif; font-size: 14px;\">Si ya la tienes activa comienza ya a personalizarla y potencializarla para lograr tus objetivos<\/span><\/p>\n<p style=\"text-align: justify;\"><span style=\"font-weight: 400; font-family: verdana, geneva, sans-serif; font-size: 14px;\">Cabe aclarar que el administrador de ventas se habilita para quienes poseen una tienda en facebook.<\/span><\/p>\n<p style=\"text-align: justify;\">\n<p style=\"text-align: justify;\"><span style=\"font-weight: 400; font-family: verdana, geneva, sans-serif; font-size: 14px;\">Por: Monica Pacheco especialista en campa\u00f1as digitales <\/span><\/p>\n<p>&nbsp;<\/p>\n<p>&nbsp;<\/p>\n<p style=\"text-align: justify;\"><span style=\"font-weight: 400; font-family: verdana, geneva, sans-serif; font-size: 14px;\">Tambi\u00e9n te puede interesar el siguiente art\u00edculo:<\/span><\/p>\n<blockquote class=\"wp-embedded-content\" data-secret=\"lkajmy41N6\"><p><a href=\"https:\/\/juliancastiblanco.com\/web\/cambios-y-actualizaciones-en-el-manejo-de-datos-para-las-empresas-en-facebook\/\">Cambios y actualizaciones en el manejo de Datos para las empresas en Facebook<\/a><\/p><\/blockquote>\n<p><iframe loading=\"lazy\" class=\"wp-embedded-content\" sandbox=\"allow-scripts\" security=\"restricted\" style=\"position: absolute; clip: rect(1px, 1px, 1px, 1px);\" title=\"\u00abCambios y actualizaciones en el manejo de Datos para las empresas en Facebook\u00bb \u2014 JulianCastiblanco.com\" src=\"https:\/\/juliancastiblanco.com\/web\/cambios-y-actualizaciones-en-el-manejo-de-datos-para-las-empresas-en-facebook\/embed\/#?secret=lkajmy41N6\" data-secret=\"lkajmy41N6\" width=\"600\" height=\"338\" frameborder=\"0\" marginwidth=\"0\" marginheight=\"0\" scrolling=\"no\"><\/iframe><\/p>\n","protected":false},"excerpt":{"rendered":"<p>Facebook ha mejorado la experiencia de ventas con la tienda, con la\u00a0 funcionalidad en el Business Manager llamada administrador de ventas\u00a0 El administrador de ventas es un conjunto de herramientas [&hellip;]<\/p>\n","protected":false},"author":4,"featured_media":5592,"comment_status":"closed","ping_status":"closed","sticky":false,"template":"","format":"standard","meta":{"footnotes":""},"categories":[9],"tags":[],"class_list":["post-5582","post","type-post","status-publish","format-standard","has-post-thumbnail","hentry","category-tecnologia"],"_links":{"self":[{"href":"https:\/\/juliancastiblanco.com\/web\/wp-json\/wp\/v2\/posts\/5582","targetHints":{"allow":["GET"]}}],"collection":[{"href":"https:\/\/juliancastiblanco.com\/web\/wp-json\/wp\/v2\/posts"}],"about":[{"href":"https:\/\/juliancastiblanco.com\/web\/wp-json\/wp\/v2\/types\/post"}],"author":[{"embeddable":true,"href":"https:\/\/juliancastiblanco.com\/web\/wp-json\/wp\/v2\/users\/4"}],"replies":[{"embeddable":true,"href":"https:\/\/juliancastiblanco.com\/web\/wp-json\/wp\/v2\/comments?post=5582"}],"version-history":[{"count":1,"href":"https:\/\/juliancastiblanco.com\/web\/wp-json\/wp\/v2\/posts\/5582\/revisions"}],"predecessor-version":[{"id":5593,"href":"https:\/\/juliancastiblanco.com\/web\/wp-json\/wp\/v2\/posts\/5582\/revisions\/5593"}],"wp:featuredmedia":[{"embeddable":true,"href":"https:\/\/juliancastiblanco.com\/web\/wp-json\/wp\/v2\/media\/5592"}],"wp:attachment":[{"href":"https:\/\/juliancastiblanco.com\/web\/wp-json\/wp\/v2\/media?parent=5582"}],"wp:term":[{"taxonomy":"category","embeddable":true,"href":"https:\/\/juliancastiblanco.com\/web\/wp-json\/wp\/v2\/categories?post=5582"},{"taxonomy":"post_tag","embeddable":true,"href":"https:\/\/juliancastiblanco.com\/web\/wp-json\/wp\/v2\/tags?post=5582"}],"curies":[{"name":"wp","href":"https:\/\/api.w.org\/{rel}","templated":true}]}}