{"id":5621,"date":"2020-09-11T20:33:20","date_gmt":"2020-09-11T20:33:20","guid":{"rendered":"https:\/\/juliancastiblanco.com\/web\/?p=5621"},"modified":"2020-09-11T20:33:20","modified_gmt":"2020-09-11T20:33:20","slug":"con-la-escuela-del-comercio-detallista-camcomercio-ratifica-compromiso-con-empresarios-minoristas","status":"publish","type":"post","link":"https:\/\/juliancastiblanco.com\/web\/con-la-escuela-del-comercio-detallista-camcomercio-ratifica-compromiso-con-empresarios-minoristas\/","title":{"rendered":"Con la Escuela del Comercio detallista, CamComercio ratifica compromiso con empresarios minoristas"},"content":{"rendered":"<p style=\"text-align: justify;\"><span style=\"font-family: verdana, geneva, sans-serif; font-size: 14px;\">La C\u00e1mara de Comercio de Cartagena, a trav\u00e9s de la\u00a0<strong>Escuela del Comercio Detallista<\/strong>, sella y cumple una vez m\u00e1s con su compromiso de fortalecer el\u00a0<strong>ecosistema empresarial y econ\u00f3mico de la regi\u00f3n<\/strong>.<\/span><\/p>\n<p style=\"text-align: justify;\"><span style=\"font-family: verdana, geneva, sans-serif; font-size: 14px;\">En lo que es su tercera versi\u00f3n y primera en la modalidad virtual, este programa estrat\u00e9gico de la C\u00e1mara, conformado por un equipo profesional especializado, capacit\u00f3 y brind\u00f3 asistencias t\u00e9cnicas para el mejoramiento de las competencias empresariales a 110 propietarios de comercios.<\/span><\/p>\n<p style=\"text-align: justify;\"><span style=\"font-family: verdana, geneva, sans-serif; font-size: 14px;\"><em>\u201cHoy es un momento muy importante, pues destacaremos el esfuerzo, el tiempo y la dedicaci\u00f3n de todos aquellos empresarios que dijeron s\u00ed a pesar de la situaci\u00f3n de emergencia que estamos viviendo debido a la pandemia por Covid19, e hicieron parte de este cap\u00edtulo del programa Escuela del Comercio Detallista\u201d,<\/em>\u00a0destaca\u00a0<strong>Juan Pablo V\u00e9lez<\/strong>, Presidente Ejecutivo de la entidad. @jpvelezc1<\/span><\/p>\n<p style=\"text-align: justify;\"><span style=\"font-family: verdana, geneva, sans-serif; font-size: 14px;\"><img loading=\"lazy\" decoding=\"async\" class=\"alignnone  wp-image-5622\" src=\"https:\/\/juliancastiblanco.com\/web\/wp-content\/uploads\/2020\/09\/Juan-pablo-velez-castellanos.jpeg\" alt=\"\" width=\"410\" height=\"434\" srcset=\"https:\/\/juliancastiblanco.com\/web\/wp-content\/uploads\/2020\/09\/Juan-pablo-velez-castellanos.jpeg 768w, https:\/\/juliancastiblanco.com\/web\/wp-content\/uploads\/2020\/09\/Juan-pablo-velez-castellanos-283x300.jpeg 283w\" sizes=\"auto, (max-width: 410px) 100vw, 410px\" \/><\/span><\/p>\n<p style=\"text-align: justify;\"><span style=\"font-family: verdana, geneva, sans-serif; font-size: 14px;\">Explica el directivo que, despu\u00e9s de 6 meses, en los que los beneficiarios asistieron a todas las formaciones, se conquist\u00f3 el objetivo de contribuir, en gran medida, con el crecimiento profesional y empresarial de estos, motiv\u00e1ndolos adem\u00e1s a reinventarse y avanzar muy a pesar de los momentos adversos que se han presentado.<\/span><\/p>\n<p style=\"text-align: justify;\"><span style=\"font-family: verdana, geneva, sans-serif; font-size: 14px;\">La metodolog\u00eda de la asistencia t\u00e9cnica benefici\u00f3 empresarios entre Cartagena y la Jurisdicci\u00f3n en sus \u00e1reas tem\u00e1ticas, dentro de las cuales hubo\u00a0tiendas, panader\u00edas, droguer\u00edas, ferreter\u00edas, reposter\u00edas, lubricentros, inmobiliarias y minimarkets, restaurantes, entre otros.<\/span><\/p>\n<p style=\"text-align: justify;\"><span style=\"font-family: verdana, geneva, sans-serif; font-size: 14px;\"><strong>Espacio institucionalizado<\/strong><\/span><\/p>\n<p style=\"text-align: justify;\"><span style=\"font-family: verdana, geneva, sans-serif; font-size: 14px;\">La Escuela del Comercio Detallista se ha institucionalizado como uno de los programas estrella, al cual la C\u00e1mara le seguir\u00e1 apostando para que m\u00e1s empresarios tengan la oportunidad de participar. En esta oportunidad, hubo participantes de Cartagena y de los 19 municipios de la jurisdicci\u00f3n de la entidad, lo cual permiti\u00f3 fortalecer el tejido empresarial en los sectores rurales y urbanos, as\u00ed como incentivar el aprendizaje y las nuevas tendencias en innovaci\u00f3n, en tecnolog\u00edas y gesti\u00f3n colaborativa como herramientas de progreso.<\/span><\/p>\n<p style=\"text-align: justify;\"><span style=\"font-family: verdana, geneva, sans-serif; font-size: 14px;\">A lo largo de sus tres ediciones, el programa ha beneficiado a 249 empresas y ha formado a 310 personas con conocimientos que les permitir\u00e1n generar capacidades y habilidades como tambi\u00e9n espacios de relacionamiento para sus sectores. #noticiasvital<\/span><\/p>\n<p style=\"text-align: justify;\"><span style=\"font-family: verdana, geneva, sans-serif; font-size: 14px;\">Fuente:<a href=\"http:\/\/noticiasvital.com\/2020\/09\/11\/con-la-escuela-del-comercio-detallista-camcomercio-ratifica-compromiso-con-empresarios-minoristas\/\">http:\/\/noticiasvital.com\/2020\/09\/11\/con-la-escuela-del-comercio-detallista-camcomercio-ratifica-compromiso-con-empresarios-minoristas\/<\/a><\/span><\/p>\n<p>&nbsp;<\/p>\n<p><span style=\"font-family: verdana, geneva, sans-serif; font-size: 14px;\">Tambi\u00e9n te puede interesar el siguiente art\u00edculo:<\/span><\/p>\n<blockquote class=\"wp-embedded-content\" data-secret=\"nrKfyiMppC\"><p><a href=\"https:\/\/juliancastiblanco.com\/web\/caso-de-exito-maduracion-digital-en-caribe-colombiano-escuela-detallista-camara-de-comercio-de-cartagena\/\">Caso de \u00c9xito Maduraci\u00f3n Digital en Caribe Colombiano  Escuela Detallista C\u00e1mara de Comercio de Cartagena<\/a><\/p><\/blockquote>\n<p><iframe loading=\"lazy\" class=\"wp-embedded-content\" sandbox=\"allow-scripts\" security=\"restricted\" style=\"position: absolute; clip: rect(1px, 1px, 1px, 1px);\" title=\"\u00abCaso de \u00c9xito Maduraci\u00f3n Digital en Caribe Colombiano  Escuela Detallista C\u00e1mara de Comercio de Cartagena\u00bb \u2014 JulianCastiblanco.com\" src=\"https:\/\/juliancastiblanco.com\/web\/caso-de-exito-maduracion-digital-en-caribe-colombiano-escuela-detallista-camara-de-comercio-de-cartagena\/embed\/#?secret=nrKfyiMppC\" data-secret=\"nrKfyiMppC\" width=\"600\" height=\"338\" frameborder=\"0\" marginwidth=\"0\" marginheight=\"0\" scrolling=\"no\"><\/iframe><\/p>\n","protected":false},"excerpt":{"rendered":"<p>La C\u00e1mara de Comercio de Cartagena, a trav\u00e9s de la\u00a0Escuela del Comercio Detallista, sella y cumple una vez m\u00e1s con su compromiso de fortalecer el\u00a0ecosistema empresarial y econ\u00f3mico de la [&hellip;]<\/p>\n","protected":false},"author":4,"featured_media":5623,"comment_status":"closed","ping_status":"closed","sticky":false,"template":"","format":"standard","meta":{"footnotes":""},"categories":[23,25,9],"tags":[],"class_list":["post-5621","post","type-post","status-publish","format-standard","has-post-thumbnail","hentry","category-julian-castiblanco","category-marketing-digital","category-tecnologia"],"_links":{"self":[{"href":"https:\/\/juliancastiblanco.com\/web\/wp-json\/wp\/v2\/posts\/5621","targetHints":{"allow":["GET"]}}],"collection":[{"href":"https:\/\/juliancastiblanco.com\/web\/wp-json\/wp\/v2\/posts"}],"about":[{"href":"https:\/\/juliancastiblanco.com\/web\/wp-json\/wp\/v2\/types\/post"}],"author":[{"embeddable":true,"href":"https:\/\/juliancastiblanco.com\/web\/wp-json\/wp\/v2\/users\/4"}],"replies":[{"embeddable":true,"href":"https:\/\/juliancastiblanco.com\/web\/wp-json\/wp\/v2\/comments?post=5621"}],"version-history":[{"count":1,"href":"https:\/\/juliancastiblanco.com\/web\/wp-json\/wp\/v2\/posts\/5621\/revisions"}],"predecessor-version":[{"id":5624,"href":"https:\/\/juliancastiblanco.com\/web\/wp-json\/wp\/v2\/posts\/5621\/revisions\/5624"}],"wp:featuredmedia":[{"embeddable":true,"href":"https:\/\/juliancastiblanco.com\/web\/wp-json\/wp\/v2\/media\/5623"}],"wp:attachment":[{"href":"https:\/\/juliancastiblanco.com\/web\/wp-json\/wp\/v2\/media?parent=5621"}],"wp:term":[{"taxonomy":"category","embeddable":true,"href":"https:\/\/juliancastiblanco.com\/web\/wp-json\/wp\/v2\/categories?post=5621"},{"taxonomy":"post_tag","embeddable":true,"href":"https:\/\/juliancastiblanco.com\/web\/wp-json\/wp\/v2\/tags?post=5621"}],"curies":[{"name":"wp","href":"https:\/\/api.w.org\/{rel}","templated":true}]}}