{"id":5771,"date":"2020-09-28T14:06:11","date_gmt":"2020-09-28T14:06:11","guid":{"rendered":"https:\/\/juliancastiblanco.com\/web\/?p=5771"},"modified":"2020-09-28T14:06:11","modified_gmt":"2020-09-28T14:06:11","slug":"la-transformacion-de-las-pymes-ante-la-epoca-de-pandemia","status":"publish","type":"post","link":"https:\/\/juliancastiblanco.com\/web\/la-transformacion-de-las-pymes-ante-la-epoca-de-pandemia\/","title":{"rendered":"La Transformaci\u00f3n De Las Pymes Ante La \u00c9poca De Pandemia"},"content":{"rendered":"<p><span style=\"font-family: verdana, geneva, sans-serif; font-size: 14px;\">A causa de la pandemia generada por el\u00a0SARCoV-2 se ha desatado una crisis de \u00edndole sanitaria, social y econ\u00f3mica, desestabilizando la supervivencia de innumerables empresas en todos los sectores, dentro de las m\u00e1s afectadas se encuentran las mipymes, pues sus recursos para enfrentar este tiempo de escasez son limitados y muchas no han contado con el debido apoyo gubernamental, y aunque la incertidumbre todav\u00eda persiste, muchos siguen luchando para no dejar caer los proyectos que con tanto esfuerzo han logrado.<\/span><\/p>\n<p><span style=\"font-family: verdana, geneva, sans-serif; font-size: 14px;\"><b>Leer tambi\u00e9n:\u00a0<\/b><a href=\"https:\/\/byviti.com\/cinco-aspectos-que-las-empresas-deben-tener-en-cuenta-para-adaptarse-a-la-nueva-normalidad\/\"><b>Cinco Aspectos Que Las Empresas Deben Tener En Cuenta Para Adaptarse A La Nueva Normalidad<\/b><\/a><b>.<\/b><\/span><\/p>\n<p><span style=\"font-family: verdana, geneva, sans-serif; font-size: 14px;\">Es as\u00ed como la C\u00e1mara de Comercio de Bogot\u00e1, en alianza con la Uni\u00f3n Europea, el Ministerio de Comercio, Industria y Turismo, y con el apoyo del Programa de las Naciones Unidas para el Desarrollo sobre las estrategias y acciones que est\u00e1n realizando las micro, peque\u00f1as y medianas en medio de la coyuntura por el coronavirus, realiz\u00f3 un estudio para ver que podr\u00eda pasar respecto a la situaci\u00f3n en los pr\u00f3ximos seis meses, el 59% de las pymes del pa\u00eds esperan mantener igual su planta de personal, el 24% disminuir\u00e1 la disminuir\u00e1 y el 17% la aumentar\u00e1.<\/span><\/p>\n<p><span style=\"font-family: verdana, geneva, sans-serif; font-size: 14px;\">De acuerdo con el documento, que pregunt\u00f3 a 2.397 empresarios entre el 16 y el 20 de junio, el 89% de las empresas sobreviven y la mayor\u00eda percibe que la situaci\u00f3n va a mejorar.<\/span><\/p>\n<p><span style=\"font-family: verdana, geneva, sans-serif; font-size: 14px;\">Mientras que sobre el tema del empleo, el 51,8% de los empresarios tom\u00f3 medidas reduciendo las horas de trabajo; 15.9% redujo el n\u00famero de trabajadores, el 12,1% hizo recortes salariales, el 11% envi\u00f3 a sus colaboradores a vacaciones anticipadas y el 9,3% aument\u00f3 las horas de trabajo en cargos esenciales.<\/span><\/p>\n<p><span style=\"font-family: verdana, geneva, sans-serif; font-size: 14px;\">Asimismo, el 77,5% dijo no haber utilizado ayudas del gobierno nacional. En ese contexto, el 52,7% de los empresarios asegur\u00f3 no haber recibido ning\u00fan apoyo, mientras que el 17,5% afirm\u00f3 que la ayuda lleg\u00f3 por redes familiares y de amigos.<\/span><\/p>\n<p><span style=\"font-family: verdana, geneva, sans-serif; font-size: 14px;\">En lo que tiene que ver con la transformaci\u00f3n en tiempos de pandemia, el 76% de los empresarios ha realizado alguna acci\u00f3n de transformaci\u00f3n de su negocio. De ellas, el 22% dice que trabaja en identificar nuevas oportunidades; 21% busca acudir a consumidores y clientes; 13% transformar los procesos de comercializaci\u00f3n; 9% redefinir los objetivos del negocio.<\/span><\/p>\n<p><span style=\"font-family: verdana, geneva, sans-serif; font-size: 14px;\">El 28,1% de las mipymes han buscado asesor\u00eda en su mayor\u00eda para contar con protocolos de seguridad; el 15% para identificar nuevas oportunidades de negocio y 13% para mejorar su tecnolog\u00eda digital.<\/span><\/p>\n<p><span style=\"font-family: verdana, geneva, sans-serif; font-size: 14px;\">Para mejorar la comercializaci\u00f3n el 27,7% de los encuestados asegur\u00f3 estar ofreciendo productos y servicios por medios digitales y el 24,9% entregas a domicilio.<\/span><\/p>\n<p><span style=\"font-family: verdana, geneva, sans-serif; font-size: 14px;\">Leer tambi\u00e9n:\u00a0<a href=\"https:\/\/byviti.com\/empresas-inteligentes-impulso-para-la-reactivacion-economica-del-pais\/\">Empresas Inteligentes, Impulso Para La Reactivaci\u00f3n Econ\u00f3mica Del Pa\u00eds<\/a><\/span><\/p>\n<p>&nbsp;<\/p>\n<p><span style=\"font-family: verdana, geneva, sans-serif; font-size: 14px;\">Finalmente, los empresarios colombianos han demostrado su capacidad resiliente para adaptarse a los cambios que les exige la nueva normalidad, tomando las medidas necesarias que les permita la continuidad en sus negocios. Esto dejar\u00e1 como aprendizaje prever los riesgos latentes que pueden afectar su estabilidad y trabajar en ellos para responder \u00e1gilmente a las necesidades.<\/span><\/p>\n<p>&nbsp;<\/p>\n<p><span style=\"font-family: verdana, geneva, sans-serif; font-size: 14px;\">EDITADO POR: Alexander Mart\u00ednez Ortiz<\/span><\/p>\n<p><span style=\"font-family: verdana, geneva, sans-serif; font-size: 14px;\">08 de julio de 2020<\/span><\/p>\n<p>&nbsp;<\/p>\n<p><span style=\"font-family: verdana, geneva, sans-serif; font-size: 14px;\">Fuente:<\/span><\/p>\n<p><span style=\"font-family: verdana, geneva, sans-serif; font-size: 14px;\">https:\/\/www.portafolio.co\/economia\/transformacion-del-negocio-la-apuesta-de-las-pymes-en-la-pandemia-542147<\/span><\/p>\n<p><span style=\"font-family: verdana, geneva, sans-serif; font-size: 14px;\">Uberlis Blanco\u00a0<\/span><\/p>\n<p><span style=\"font-family: verdana, geneva, sans-serif; font-size: 14px;\">CEO VIT\u00cd<\/span><\/p>\n<p><span style=\"font-family: verdana, geneva, sans-serif; font-size: 14px;\">FUNDADORA VIT\u00cd WOMAN<\/span><\/p>\n<p><span style=\"font-family: verdana, geneva, sans-serif; font-size: 14px;\"><a href=\"http:\/\/www.byviti.com\/\">www.byviti.com\u00a0\u00a0<\/a><\/span><\/p>\n<blockquote class=\"wp-embedded-content\" data-secret=\"nwBh5QHFJz\"><p><a href=\"https:\/\/byviti.com\/blog\/\">Blog &#8211; No es la apariencia, es la esencia<\/a><\/p><\/blockquote>\n<p><iframe loading=\"lazy\" class=\"wp-embedded-content\" sandbox=\"allow-scripts\" security=\"restricted\" style=\"position: absolute; clip: rect(1px, 1px, 1px, 1px);\" title=\"\u00abBlog &#8211; No es la apariencia, es la esencia\u00bb \u2014 Viti Control\" src=\"https:\/\/byviti.com\/blog\/embed\/#?secret=nwBh5QHFJz\" data-secret=\"nwBh5QHFJz\" width=\"600\" height=\"338\" frameborder=\"0\" marginwidth=\"0\" marginheight=\"0\" scrolling=\"no\"><\/iframe><\/p>\n<p><span style=\"font-family: verdana, geneva, sans-serif; font-size: 14px;\">Tomado de:<a href=\"https:\/\/byviti.com\/la-transformacion-de-las-pymes-ante-la-epoca-de-pandemia\/\"> https:\/\/byviti.com\/la-transformacion-de-las-pymes-ante-la-epoca-de-pandemia\/\u00a0<\/a><\/span><\/p>\n<p><span style=\"font-family: verdana, geneva, sans-serif; font-size: 14px;\">Tambi\u00e9n te puede interesar el siguiente art\u00edculo: <a href=\"https:\/\/ingenierosdemarketing.com.co\/2020\/09\/10\/imk-data-solutions-market-research\/\">https:\/\/ingenierosdemarketing.com.co\/2020\/09\/10\/imk-data-solutions-market-research\/<\/a><\/span><\/p>\n","protected":false},"excerpt":{"rendered":"<p>A causa de la pandemia generada por el\u00a0SARCoV-2 se ha desatado una crisis de \u00edndole sanitaria, social y econ\u00f3mica, desestabilizando la supervivencia de innumerables empresas en todos los sectores, dentro [&hellip;]<\/p>\n","protected":false},"author":4,"featured_media":5773,"comment_status":"closed","ping_status":"closed","sticky":false,"template":"","format":"standard","meta":{"footnotes":""},"categories":[23,9],"tags":[],"class_list":["post-5771","post","type-post","status-publish","format-standard","has-post-thumbnail","hentry","category-julian-castiblanco","category-tecnologia"],"_links":{"self":[{"href":"https:\/\/juliancastiblanco.com\/web\/wp-json\/wp\/v2\/posts\/5771","targetHints":{"allow":["GET"]}}],"collection":[{"href":"https:\/\/juliancastiblanco.com\/web\/wp-json\/wp\/v2\/posts"}],"about":[{"href":"https:\/\/juliancastiblanco.com\/web\/wp-json\/wp\/v2\/types\/post"}],"author":[{"embeddable":true,"href":"https:\/\/juliancastiblanco.com\/web\/wp-json\/wp\/v2\/users\/4"}],"replies":[{"embeddable":true,"href":"https:\/\/juliancastiblanco.com\/web\/wp-json\/wp\/v2\/comments?post=5771"}],"version-history":[{"count":1,"href":"https:\/\/juliancastiblanco.com\/web\/wp-json\/wp\/v2\/posts\/5771\/revisions"}],"predecessor-version":[{"id":5774,"href":"https:\/\/juliancastiblanco.com\/web\/wp-json\/wp\/v2\/posts\/5771\/revisions\/5774"}],"wp:featuredmedia":[{"embeddable":true,"href":"https:\/\/juliancastiblanco.com\/web\/wp-json\/wp\/v2\/media\/5773"}],"wp:attachment":[{"href":"https:\/\/juliancastiblanco.com\/web\/wp-json\/wp\/v2\/media?parent=5771"}],"wp:term":[{"taxonomy":"category","embeddable":true,"href":"https:\/\/juliancastiblanco.com\/web\/wp-json\/wp\/v2\/categories?post=5771"},{"taxonomy":"post_tag","embeddable":true,"href":"https:\/\/juliancastiblanco.com\/web\/wp-json\/wp\/v2\/tags?post=5771"}],"curies":[{"name":"wp","href":"https:\/\/api.w.org\/{rel}","templated":true}]}}