{"id":5841,"date":"2020-10-02T20:40:50","date_gmt":"2020-10-02T20:40:50","guid":{"rendered":"https:\/\/juliancastiblanco.com\/web\/?p=5841"},"modified":"2020-10-08T01:55:18","modified_gmt":"2020-10-08T01:55:18","slug":"entro-a-facebook-ads-y-ya-no-encuentro-la-misma-interfaz","status":"publish","type":"post","link":"https:\/\/juliancastiblanco.com\/web\/entro-a-facebook-ads-y-ya-no-encuentro-la-misma-interfaz\/","title":{"rendered":"Entro a Facebook Ads y ya no encuentro la misma interfaz"},"content":{"rendered":"<p style=\"text-align: justify;\"><span style=\"font-weight: 400; font-family: verdana, geneva, sans-serif; font-size: 12px;\">Facebook ha desarrollado una nueva\u00a0 forma m\u00e1s r\u00e1pida y f\u00e1cil de administrar la presencia de los negocio en Facebook e Instagram<\/span><\/p>\n<p style=\"text-align: justify;\"><span style=\"font-family: verdana, geneva, sans-serif; font-size: 12px;\"><span style=\"font-weight: 400;\">Con la pandemia, las peque\u00f1as empresas han tenido que encontrar nuevas formas de vender y llegar a los clientes a trav\u00e9s del mundo digital. Las herramientas gratuitas y los anuncios personalizados de Facebook se han convertido en un salvavidas para muchos que est\u00e1n haciendo esta transici\u00f3n, por lo que facebook se ha\u00a0 enfocado en crear nuevos productos como <\/span><i><span style=\"font-weight: 400;\">Shops<\/span><\/i><span style=\"font-weight: 400;\"> para que les sea m\u00e1s f\u00e1cil promocionar y vender sus productos directamente.<\/span><\/span><\/p>\n<p style=\"text-align: justify;\"><span style=\"font-weight: 400; font-family: verdana, geneva, sans-serif; font-size: 12px;\">Actualmente ha activado gradualmente una nueva interfaz llamada Facebook Business Suite, para ayudar a los peque\u00f1os negocios a administrar f\u00e1cilmente sus P\u00e1ginas y Perfiles utilizando todas las soluciones que ofrece la plataforma en un solo lugar: publicar en Facebook e Instagram, recibir y responder mensajes, y atender notificaciones y alertas. Tambi\u00e9n permite revisar f\u00e1cilmente lo que est\u00e1 funcionando en las plataformas y conocer el comportamiento de la audiencia gracias a las estad\u00edsticas de Facebook e Instagram.<\/span><\/p>\n<p style=\"text-align: justify;\"><span style=\"font-family: verdana, geneva, sans-serif; font-size: 12px;\"><img loading=\"lazy\" decoding=\"async\" class=\"alignnone size-large wp-image-5853\" src=\"https:\/\/juliancastiblanco.com\/web\/wp-content\/uploads\/2020\/10\/WhatsApp-Image-2020-10-01-at-8.54.48-AM-1024x542.jpeg\" alt=\"\" width=\"810\" height=\"429\" srcset=\"https:\/\/juliancastiblanco.com\/web\/wp-content\/uploads\/2020\/10\/WhatsApp-Image-2020-10-01-at-8.54.48-AM-1024x542.jpeg 1024w, https:\/\/juliancastiblanco.com\/web\/wp-content\/uploads\/2020\/10\/WhatsApp-Image-2020-10-01-at-8.54.48-AM-300x159.jpeg 300w, https:\/\/juliancastiblanco.com\/web\/wp-content\/uploads\/2020\/10\/WhatsApp-Image-2020-10-01-at-8.54.48-AM-768x406.jpeg 768w, https:\/\/juliancastiblanco.com\/web\/wp-content\/uploads\/2020\/10\/WhatsApp-Image-2020-10-01-at-8.54.48-AM-810x428.jpeg 810w, https:\/\/juliancastiblanco.com\/web\/wp-content\/uploads\/2020\/10\/WhatsApp-Image-2020-10-01-at-8.54.48-AM-1140x603.jpeg 1140w, https:\/\/juliancastiblanco.com\/web\/wp-content\/uploads\/2020\/10\/WhatsApp-Image-2020-10-01-at-8.54.48-AM.jpeg 1280w\" sizes=\"auto, (max-width: 810px) 100vw, 810px\" \/><\/span><\/p>\n<p style=\"text-align: justify;\"><span style=\"font-family: verdana, geneva, sans-serif; font-size: 12px;\"><img loading=\"lazy\" decoding=\"async\" class=\"alignnone size-large wp-image-5842\" src=\"https:\/\/juliancastiblanco.com\/web\/wp-content\/uploads\/2020\/10\/WhatsApp-Image-2020-10-01-at-8.59.35-AM-1024x543.jpeg\" alt=\"\" width=\"810\" height=\"430\" srcset=\"https:\/\/juliancastiblanco.com\/web\/wp-content\/uploads\/2020\/10\/WhatsApp-Image-2020-10-01-at-8.59.35-AM-1024x543.jpeg 1024w, https:\/\/juliancastiblanco.com\/web\/wp-content\/uploads\/2020\/10\/WhatsApp-Image-2020-10-01-at-8.59.35-AM-300x159.jpeg 300w, https:\/\/juliancastiblanco.com\/web\/wp-content\/uploads\/2020\/10\/WhatsApp-Image-2020-10-01-at-8.59.35-AM-768x407.jpeg 768w, https:\/\/juliancastiblanco.com\/web\/wp-content\/uploads\/2020\/10\/WhatsApp-Image-2020-10-01-at-8.59.35-AM-810x430.jpeg 810w, https:\/\/juliancastiblanco.com\/web\/wp-content\/uploads\/2020\/10\/WhatsApp-Image-2020-10-01-at-8.59.35-AM-1140x605.jpeg 1140w, https:\/\/juliancastiblanco.com\/web\/wp-content\/uploads\/2020\/10\/WhatsApp-Image-2020-10-01-at-8.59.35-AM.jpeg 1280w\" sizes=\"auto, (max-width: 810px) 100vw, 810px\" \/><\/span><\/p>\n<p style=\"text-align: justify;\"><span style=\"font-weight: 400; font-family: verdana, geneva, sans-serif; font-size: 12px;\">Por ahora est\u00e1 enfocada para peque\u00f1os negocios, pero a largo plazo se convertir\u00e1 en\u00a0 la interfaz principal para empresas de todos los tama\u00f1os que utilizan Facebook, Messenger, Instagram y WhatsApp. Est\u00e1 disponible gradualmente en lo que queda del a\u00f1o para peque\u00f1as empresas o negocios y para los dem\u00e1s hasta el pr\u00f3ximo a\u00f1o\u00a0<\/span><\/p>\n<p style=\"text-align: justify;\"><span style=\"font-family: verdana, geneva, sans-serif; font-size: 12px;\"><span style=\"font-weight: 400;\">Para sacarle el m\u00e1ximo provecho a Business Suite, es\u00a0 necesario vincular las cuentas\u00a0 empresariales de Facebook e Instagram y para acceder solo se debe iniciar sesi\u00f3n en la cuenta de Facebook asociada a tu negocio. Luego, si cumples los requisitos, ser\u00e1s redirigido autom\u00e1ticamente a Business Suite cuando visites <\/span><a href=\"https:\/\/business.facebook.com\/\"><span style=\"font-weight: 400;\">https:\/\/business.facebook.com\/<\/span><\/a><span style=\"font-weight: 400;\"> \u00a0 en el escritorio.<\/span><\/span><\/p>\n<p style=\"text-align: justify;\"><span style=\"font-weight: 400; font-family: verdana, geneva, sans-serif; font-size: 12px;\">Est\u00e1 disponible para computador y en app para dispositivos m\u00f3viles. \u00c9sta reemplaza la aplicaci\u00f3n antes llamada administrador de p\u00e1ginas<\/span><\/p>\n<p style=\"text-align: justify;\"><span style=\"font-family: verdana, geneva, sans-serif; font-size: 12px;\"><img loading=\"lazy\" decoding=\"async\" class=\"alignnone size-full wp-image-5845\" src=\"https:\/\/juliancastiblanco.com\/web\/wp-content\/uploads\/2020\/10\/WhatsApp-Image-2020-10-01-at-6.18.21-PM.jpeg\" alt=\"\" width=\"576\" height=\"1024\" srcset=\"https:\/\/juliancastiblanco.com\/web\/wp-content\/uploads\/2020\/10\/WhatsApp-Image-2020-10-01-at-6.18.21-PM.jpeg 576w, https:\/\/juliancastiblanco.com\/web\/wp-content\/uploads\/2020\/10\/WhatsApp-Image-2020-10-01-at-6.18.21-PM-169x300.jpeg 169w\" sizes=\"auto, (max-width: 576px) 100vw, 576px\" \/><\/span><\/p>\n<p style=\"text-align: justify;\"><span style=\"font-family: verdana, geneva, sans-serif; font-size: 12px;\"><span style=\"font-weight: 400;\">Si ya est\u00e1s usando la aplicaci\u00f3n <\/span><i><span style=\"font-weight: 400;\">administrador de p\u00e1ginas <\/span><\/i><span style=\"font-weight: 400;\">\u00a0en tu celular, ver\u00e1s autom\u00e1ticamente la opci\u00f3n de optar por Business Suite.. Ten en cuenta que este producto no est\u00e1 destinado actualmente a quienes utilizan Ads Manager para hacer publicidad.\u00a0<\/span><\/span><\/p>\n<p style=\"text-align: justify;\"><span style=\"font-family: verdana, geneva, sans-serif; font-size: 12px;\"><b>App Administrador de p\u00e1ginas\u00a0<\/b><\/span><\/p>\n<div style=\"width: 810px;\" class=\"wp-video\"><video class=\"wp-video-shortcode\" id=\"video-5841-1\" width=\"810\" height=\"1440\" preload=\"metadata\" controls=\"controls\"><source type=\"video\/mp4\" src=\"https:\/\/juliancastiblanco.com\/web\/wp-content\/uploads\/2020\/10\/app-facebook-.mp4?_=1\" \/><a href=\"https:\/\/juliancastiblanco.com\/web\/wp-content\/uploads\/2020\/10\/app-facebook-.mp4\">https:\/\/juliancastiblanco.com\/web\/wp-content\/uploads\/2020\/10\/app-facebook-.mp4<\/a><\/video><\/div>\n<p>&nbsp;<\/p>\n<p>&nbsp;<\/p>\n<p>&nbsp;<\/p>\n<p>&nbsp;<\/p>\n<p>&nbsp;<\/p>\n<p style=\"text-align: justify;\"><span style=\"font-family: verdana, geneva, sans-serif; font-size: 12px;\"><b>Fuente:<\/b><span style=\"font-weight: 400;\"> Facebook\u00a0<\/span><\/span><\/p>\n<p style=\"text-align: justify;\"><span style=\"font-family: verdana, geneva, sans-serif; font-size: 12px;\"><span style=\"font-weight: 400;\">Por Monica Pacheco especialista en Campa\u00f1as Digitales en colaboraci\u00f3n con Andr\u00e9s C\u00e1rdenas <\/span><span style=\"font-weight: 400;\">Consultor ADS y Web de\u00a0 Ingenieros de Marketing<\/span><\/span><\/p>\n<p>&nbsp;<\/p>\n<p><span style=\"font-family: verdana, geneva, sans-serif; font-size: 12px;\"><b>Juli\u00e1n Castiblanco<\/b><\/span><\/p>\n<p><span style=\"font-family: verdana, geneva, sans-serif; font-size: 12px;\">CEO Ingenieros de Marketing<\/span><\/p>\n<p><span style=\"font-family: verdana, geneva, sans-serif; font-size: 12px;\">Email: coach@ingenierosdemarketing.com.co<\/span><\/p>\n<p><span style=\"font-family: verdana, geneva, sans-serif; font-size: 12px;\">Habla con Pili, Vicente y Pablo aqu\u00ed:\u00a0<a href=\"https:\/\/wa.me\/573217333276\">https:\/\/wa.me\/573217333276<\/a><\/span><\/p>\n<p><span style=\"font-family: verdana, geneva, sans-serif; font-size: 12px;\"><a href=\"http:\/\/www.ingenierosdemarketing.com.co\/\">www.ingenierosdemarketing.com.co<\/a><\/span><\/p>\n<p><span style=\"font-family: verdana, geneva, sans-serif; font-size: 12px;\"><a href=\"http:\/\/www.juliancastiblanco.com\/\">www.JulianCastiblanco.com<\/a><\/span><\/p>\n<p><span style=\"font-family: verdana, geneva, sans-serif; font-size: 12px;\">Mas informaci\u00f3n sobre IMK Academy aqu\u00ed:\u00a0<a href=\"https:\/\/aprendizajeconresultados.com\/\">https:\/\/aprendizajeconresultados.com\/<\/a><\/span><\/p>\n<p>&nbsp;<\/p>\n<p><span style=\"font-family: verdana, geneva, sans-serif; font-size: 12px;\">Tambi\u00e9n te puede interesar el siguiente art\u00edculo:<\/span><\/p>\n<blockquote class=\"wp-embedded-content\" data-secret=\"H7C3cL9U40\"><p><a href=\"https:\/\/juliancastiblanco.com\/web\/diferencias-entre-cuenta-publicitaria-personal-y-profesional-en-facebook\/\">Diferencias entre cuenta publicitaria personal y profesional en Facebook<\/a><\/p><\/blockquote>\n<p><iframe loading=\"lazy\" class=\"wp-embedded-content\" sandbox=\"allow-scripts\" security=\"restricted\" style=\"position: absolute; clip: rect(1px, 1px, 1px, 1px);\" title=\"\u00abDiferencias entre cuenta publicitaria personal y profesional en Facebook\u00bb \u2014 JulianCastiblanco.com\" src=\"https:\/\/juliancastiblanco.com\/web\/diferencias-entre-cuenta-publicitaria-personal-y-profesional-en-facebook\/embed\/#?secret=H7C3cL9U40\" data-secret=\"H7C3cL9U40\" width=\"600\" height=\"338\" frameborder=\"0\" marginwidth=\"0\" marginheight=\"0\" scrolling=\"no\"><\/iframe><\/p>\n","protected":false},"excerpt":{"rendered":"<p>Facebook ha desarrollado una nueva\u00a0 forma m\u00e1s r\u00e1pida y f\u00e1cil de administrar la presencia de los negocio en Facebook e Instagram Con la pandemia, las peque\u00f1as empresas han tenido que [&hellip;]<\/p>\n","protected":false},"author":4,"featured_media":5863,"comment_status":"closed","ping_status":"closed","sticky":false,"template":"","format":"standard","meta":{"footnotes":""},"categories":[23,25,9],"tags":[],"class_list":["post-5841","post","type-post","status-publish","format-standard","has-post-thumbnail","hentry","category-julian-castiblanco","category-marketing-digital","category-tecnologia"],"_links":{"self":[{"href":"https:\/\/juliancastiblanco.com\/web\/wp-json\/wp\/v2\/posts\/5841","targetHints":{"allow":["GET"]}}],"collection":[{"href":"https:\/\/juliancastiblanco.com\/web\/wp-json\/wp\/v2\/posts"}],"about":[{"href":"https:\/\/juliancastiblanco.com\/web\/wp-json\/wp\/v2\/types\/post"}],"author":[{"embeddable":true,"href":"https:\/\/juliancastiblanco.com\/web\/wp-json\/wp\/v2\/users\/4"}],"replies":[{"embeddable":true,"href":"https:\/\/juliancastiblanco.com\/web\/wp-json\/wp\/v2\/comments?post=5841"}],"version-history":[{"count":11,"href":"https:\/\/juliancastiblanco.com\/web\/wp-json\/wp\/v2\/posts\/5841\/revisions"}],"predecessor-version":[{"id":5975,"href":"https:\/\/juliancastiblanco.com\/web\/wp-json\/wp\/v2\/posts\/5841\/revisions\/5975"}],"wp:featuredmedia":[{"embeddable":true,"href":"https:\/\/juliancastiblanco.com\/web\/wp-json\/wp\/v2\/media\/5863"}],"wp:attachment":[{"href":"https:\/\/juliancastiblanco.com\/web\/wp-json\/wp\/v2\/media?parent=5841"}],"wp:term":[{"taxonomy":"category","embeddable":true,"href":"https:\/\/juliancastiblanco.com\/web\/wp-json\/wp\/v2\/categories?post=5841"},{"taxonomy":"post_tag","embeddable":true,"href":"https:\/\/juliancastiblanco.com\/web\/wp-json\/wp\/v2\/tags?post=5841"}],"curies":[{"name":"wp","href":"https:\/\/api.w.org\/{rel}","templated":true}]}}