{"id":5867,"date":"2020-10-03T16:10:35","date_gmt":"2020-10-03T16:10:35","guid":{"rendered":"https:\/\/juliancastiblanco.com\/web\/?p=5867"},"modified":"2020-10-08T01:54:49","modified_gmt":"2020-10-08T01:54:49","slug":"rise-nuevo-programa-de-entrenamiento-de-facebook","status":"publish","type":"post","link":"https:\/\/juliancastiblanco.com\/web\/rise-nuevo-programa-de-entrenamiento-de-facebook\/","title":{"rendered":"Rise, nuevo programa de entrenamiento de facebook"},"content":{"rendered":"<p style=\"text-align: justify;\"><span style=\"font-weight: 400; font-family: verdana, geneva, sans-serif; font-size: 14px;\">Con la crisis del Covid 19 muchos profesionales en publicidad perdieron su empleo y con el objetivo de contribuir con recursos y herramientas para que puedan reubicarse en el mercado laboral o ingresar al mismo, Facebook lanza \u201cRise\u201d, un nuevo programa de entrenamiento dirigido a profesionales en publicidad<\/span><\/p>\n<p style=\"text-align: justify;\"><span style=\"font-weight: 400; font-family: verdana, geneva, sans-serif; font-size: 14px;\">\u00a0<\/span><\/p>\n<p style=\"text-align: justify;\"><span style=\"font-weight: 400; font-family: verdana, geneva, sans-serif; font-size: 14px;\">Facebook comenta:\u00a0<\/span><\/p>\n<p style=\"text-align: justify;\"><span style=\"font-weight: 400; font-family: verdana, geneva, sans-serif; font-size: 14px;\">\u201c<\/span><\/p>\n<p style=\"text-align: justify;\"><span style=\"font-weight: 400; font-family: verdana, geneva, sans-serif; font-size: 14px;\">Los talentos en publicidad nutren nuestra comunidad en Facebook y queremos apoyarlos. Somos conscientes de los retos que ha tra\u00eddo consigo la pandemia, por eso, queremos contribuir ofreci\u00e9ndoles recursos que puedan aprovechar para mantenerse al d\u00eda con el mercado y continuar sus proyectos profesionales.<\/span><\/p>\n<p style=\"text-align: justify;\"><span style=\"font-weight: 400; font-family: verdana, geneva, sans-serif; font-size: 14px;\">\u2014 Mariano Filarent, L\u00edder de Agencias de Facebook para Latinoam\u00e9rica.<\/span><\/p>\n<p style=\"text-align: justify;\"><span style=\"font-weight: 400; font-family: verdana, geneva, sans-serif; font-size: 14px;\">El programa, comenzar\u00e1 en octubre y se extender\u00e1 hasta diciembre, ofrecer\u00e1 capacitaciones para conocer c\u00f3mo utilizar las herramientas y aprovechar a\u00fan m\u00e1s las plataformas de Facebook con el fin de poder potenciar sus habilidades y estar mejor preparados para su reinserci\u00f3n laboral. Adem\u00e1s, tendr\u00e1n acceso a los cursos y la certificaci\u00f3n en marketing digital de Blueprint.<\/span><\/p>\n<p style=\"text-align: justify;\"><span style=\"font-family: verdana, geneva, sans-serif; font-size: 14px;\"><span style=\"font-weight: 400;\">Los profesionales podr\u00e1n registrarse a los entrenamientos de forma gratuita en el <\/span><a href=\"https:\/\/rise2020spla.splashthat.com\/?fbclid=IwAR1nSt7oD04VqXXVc5uycne793v7fC4DOEEdYhRwy-RjcErPOf_VAT7XTIU\"><span style=\"font-weight: 400;\">sitio web<\/span><\/a><span style=\"font-weight: 400;\">, en donde encontrar\u00e1n todo el contenido del programa, as\u00ed como un <\/span><a href=\"https:\/\/www.facebook.com\/groups\/RiseSSA\/\"><span style=\"font-weight: 400;\">Grupo de Facebook<\/span><\/a><span style=\"font-weight: 400;\"> para que los participantes intercambien dudas, consejos y experiencias, inspir\u00e1ndose para seguir adelante.<\/span><\/span><\/p>\n<p style=\"text-align: justify;\"><span style=\"font-family: verdana, geneva, sans-serif; font-size: 14px;\"><img loading=\"lazy\" decoding=\"async\" class=\"alignnone size-large wp-image-5868\" src=\"https:\/\/juliancastiblanco.com\/web\/wp-content\/uploads\/2020\/10\/WhatsApp-Image-2020-10-02-at-4.54.18-PM-1024x652.jpeg\" alt=\"\" width=\"810\" height=\"516\" srcset=\"https:\/\/juliancastiblanco.com\/web\/wp-content\/uploads\/2020\/10\/WhatsApp-Image-2020-10-02-at-4.54.18-PM-1024x652.jpeg 1024w, https:\/\/juliancastiblanco.com\/web\/wp-content\/uploads\/2020\/10\/WhatsApp-Image-2020-10-02-at-4.54.18-PM-300x191.jpeg 300w, https:\/\/juliancastiblanco.com\/web\/wp-content\/uploads\/2020\/10\/WhatsApp-Image-2020-10-02-at-4.54.18-PM-768x489.jpeg 768w, https:\/\/juliancastiblanco.com\/web\/wp-content\/uploads\/2020\/10\/WhatsApp-Image-2020-10-02-at-4.54.18-PM-810x516.jpeg 810w, https:\/\/juliancastiblanco.com\/web\/wp-content\/uploads\/2020\/10\/WhatsApp-Image-2020-10-02-at-4.54.18-PM-1140x726.jpeg 1140w, https:\/\/juliancastiblanco.com\/web\/wp-content\/uploads\/2020\/10\/WhatsApp-Image-2020-10-02-at-4.54.18-PM.jpeg 1280w\" sizes=\"auto, (max-width: 810px) 100vw, 810px\" \/><\/span><\/p>\n<p><span style=\"font-weight: 400; font-family: verdana, geneva, sans-serif; font-size: 14px;\">Fuente Facebook Business<\/span><\/p>\n<p>&nbsp;<\/p>\n<p><span style=\"font-weight: 400; font-family: verdana, geneva, sans-serif; font-size: 14px;\">Por Monica Pacheco Especialista en Campa\u00f1as Digitales\u00a0<\/span><\/p>\n<p>&nbsp;<\/p>\n<p><span style=\"font-family: verdana, geneva, sans-serif; font-size: 14px;\"><b>Juli\u00e1n Castiblanco<\/b><\/span><\/p>\n<p><span style=\"font-family: verdana, geneva, sans-serif; font-size: 14px;\">CEO Ingenieros de Marketing<\/span><\/p>\n<p><span style=\"font-family: verdana, geneva, sans-serif; font-size: 14px;\">Email: coach@ingenierosdemarketing.com.co<\/span><\/p>\n<p><span style=\"font-family: verdana, geneva, sans-serif; font-size: 14px;\">Habla con Pili, Vicente y Pablo aqu\u00ed:\u00a0<a href=\"https:\/\/wa.me\/573217333276\">https:\/\/wa.me\/573217333276<\/a><\/span><\/p>\n<p><span style=\"font-family: verdana, geneva, sans-serif; font-size: 14px;\"><a href=\"http:\/\/www.ingenierosdemarketing.com.co\/\">www.ingenierosdemarketing.com.co<\/a><\/span><\/p>\n<p><span style=\"font-family: verdana, geneva, sans-serif; font-size: 14px;\"><a href=\"http:\/\/www.juliancastiblanco.com\/\">www.JulianCastiblanco.com<\/a><\/span><\/p>\n<p><span style=\"font-family: verdana, geneva, sans-serif; font-size: 14px;\">Mas informaci\u00f3n sobre IMK Academy aqu\u00ed:\u00a0<a href=\"https:\/\/aprendizajeconresultados.com\/\">https:\/\/aprendizajeconresultados.com\/<\/a><\/span><\/p>\n<p>&nbsp;<\/p>\n<p>&nbsp;<\/p>\n<p>&nbsp;<\/p>\n<p><span style=\"font-family: verdana, geneva, sans-serif; font-size: 14px;\">Tambi\u00e9n te puede interesar el siguiente art\u00edculo:<\/span><\/p>\n<p><a href=\"https:\/\/juliancastiblanco.com\/web\/entro-a-facebook-ads-y-ya-no-encuentro-la-misma-interfaznueva-interfaz-de-facebook\/\">https:\/\/juliancastiblanco.com\/web\/entro-a-facebook-ads-y-ya-no-encuentro-la-misma-interfaznueva-interfaz-de-facebook\/<\/a><\/p>\n","protected":false},"excerpt":{"rendered":"<p>Con la crisis del Covid 19 muchos profesionales en publicidad perdieron su empleo y con el objetivo de contribuir con recursos y herramientas para que puedan reubicarse en el mercado [&hellip;]<\/p>\n","protected":false},"author":4,"featured_media":5870,"comment_status":"closed","ping_status":"closed","sticky":false,"template":"","format":"standard","meta":{"footnotes":""},"categories":[23,25,9],"tags":[],"class_list":["post-5867","post","type-post","status-publish","format-standard","has-post-thumbnail","hentry","category-julian-castiblanco","category-marketing-digital","category-tecnologia"],"_links":{"self":[{"href":"https:\/\/juliancastiblanco.com\/web\/wp-json\/wp\/v2\/posts\/5867","targetHints":{"allow":["GET"]}}],"collection":[{"href":"https:\/\/juliancastiblanco.com\/web\/wp-json\/wp\/v2\/posts"}],"about":[{"href":"https:\/\/juliancastiblanco.com\/web\/wp-json\/wp\/v2\/types\/post"}],"author":[{"embeddable":true,"href":"https:\/\/juliancastiblanco.com\/web\/wp-json\/wp\/v2\/users\/4"}],"replies":[{"embeddable":true,"href":"https:\/\/juliancastiblanco.com\/web\/wp-json\/wp\/v2\/comments?post=5867"}],"version-history":[{"count":4,"href":"https:\/\/juliancastiblanco.com\/web\/wp-json\/wp\/v2\/posts\/5867\/revisions"}],"predecessor-version":[{"id":5974,"href":"https:\/\/juliancastiblanco.com\/web\/wp-json\/wp\/v2\/posts\/5867\/revisions\/5974"}],"wp:featuredmedia":[{"embeddable":true,"href":"https:\/\/juliancastiblanco.com\/web\/wp-json\/wp\/v2\/media\/5870"}],"wp:attachment":[{"href":"https:\/\/juliancastiblanco.com\/web\/wp-json\/wp\/v2\/media?parent=5867"}],"wp:term":[{"taxonomy":"category","embeddable":true,"href":"https:\/\/juliancastiblanco.com\/web\/wp-json\/wp\/v2\/categories?post=5867"},{"taxonomy":"post_tag","embeddable":true,"href":"https:\/\/juliancastiblanco.com\/web\/wp-json\/wp\/v2\/tags?post=5867"}],"curies":[{"name":"wp","href":"https:\/\/api.w.org\/{rel}","templated":true}]}}