{"id":5926,"date":"2020-10-07T16:38:11","date_gmt":"2020-10-07T16:38:11","guid":{"rendered":"https:\/\/juliancastiblanco.com\/web\/?p=5926"},"modified":"2020-10-08T01:52:06","modified_gmt":"2020-10-08T01:52:06","slug":"como-diseno-el-plan-de-mercadeo-de-mi-organizacion","status":"publish","type":"post","link":"https:\/\/juliancastiblanco.com\/web\/como-diseno-el-plan-de-mercadeo-de-mi-organizacion\/","title":{"rendered":"\u00bfC\u00f3mo dise\u00f1o el plan de mercadeo de mi organizaci\u00f3n?"},"content":{"rendered":"<p style=\"text-align: justify;\"><span style=\"font-family: verdana, geneva, sans-serif; font-size: 14px;\"><strong><em>Entonces el SE\u00d1OR me respondi\u00f3 diciendo: \u2014Escribe la visi\u00f3n y gr\u00e1bala claramente en tablas para que corra el que las lea. Habacuc 2:2 RVA<\/em><\/strong><\/span><\/p>\n<p style=\"text-align: justify;\"><span style=\"font-family: verdana, geneva, sans-serif; font-size: 14px;\">Este vers\u00edculo nos habla de tres componentes: <strong>Escribir \/ Comunicar \/ Correr<\/strong>. Nos recuerda la importancia de escribir porque adem\u00e1s de que nos permite enfocarnos en un objetivo, nos permite comunicarla e ir m\u00e1s r\u00e1pido para hacerla realidad. Por el contrario, cuando no escribimos nuestras metas, vamos a tientas o caminando y por eso nos demoramos en cumplirlas.<\/span><\/p>\n<p style=\"text-align: justify;\"><span style=\"font-family: verdana, geneva, sans-serif; font-size: 14px;\">Cuando estudiaba Ingenier\u00eda de Mercados en la Universidad conoc\u00ed una frase an\u00f3nima que me impact\u00f3 acerca de la importancia de escribir: \u201cMientras usted no ponga sus metas en el papel tendr\u00e1 intenciones que son semillas sin tierra\u201d.<\/span><\/p>\n<p style=\"text-align: justify;\"><span style=\"font-family: verdana, geneva, sans-serif; font-size: 14px;\">En pa\u00edses desarrollados como Estados Unidos, Jap\u00f3n o Australia no se concibe una organizaci\u00f3n sin un plan de mercadeo, que no tenga un \u00e1rea de mercadeo o que est\u00e9 enfocada principalmente hacia las ventas y no hacia el mercadeo (como ocurre en la mayor\u00eda de micro, peque\u00f1as y medianas empresas).<\/span><\/p>\n<p style=\"text-align: justify;\"><span style=\"font-family: verdana, geneva, sans-serif; font-size: 14px;\">No tener un plan de mercadeo puede significar la quiebra de una organizaci\u00f3n porque no conoce a las personas que son sus clientes y ellos son los que con su dinero ayudan a que la organizaci\u00f3n sea sostenible, pague los sueldos de los colaboradores y cumpla sus obligaciones financieras. Antes de profundizar en el plan de mercadeo es necesario hacer una distinci\u00f3n de conceptos que parecen sin\u00f3nimos:<\/span><\/p>\n<p style=\"text-align: justify;\"><span style=\"font-family: verdana, geneva, sans-serif; font-size: 14px;\">Planificaci\u00f3n de Mercadeo: Es un proceso.<\/span><\/p>\n<p style=\"text-align: justify;\"><span style=\"font-family: verdana, geneva, sans-serif; font-size: 14px;\">Plan de Mercadeo: Es el resultado del proceso.<\/span><\/p>\n<p style=\"text-align: justify;\"><span style=\"font-family: verdana, geneva, sans-serif; font-size: 14px;\">Un plan de mercadeo es un <strong>documento de trabajo<\/strong> que detalla acciones preestablecidas y espec\u00edficas de mercadeo. Tambi\u00e9n es una <strong>herramienta de comunicaci\u00f3n<\/strong> que integra los componentes del Mercadeo Estrat\u00e9gico y el Mercadeo T\u00e1ctico. La raz\u00f3n para hacerlo es crear una <strong>ventaja competitiva <\/strong>sostenible a largo plazo para la organizaci\u00f3n.<\/span><\/p>\n<p style=\"text-align: justify;\"><span style=\"font-family: verdana, geneva, sans-serif; font-size: 14px;\">Los elementos de un plan de mercadeo son:<\/span><\/p>\n<ol style=\"text-align: justify;\">\n<li><span style=\"font-family: verdana, geneva, sans-serif; font-size: 14px;\">Declaraci\u00f3n de la misi\u00f3n de la organizaci\u00f3n<\/span><\/li>\n<li><span style=\"font-family: verdana, geneva, sans-serif; font-size: 14px;\">Objetivos<\/span><\/li>\n<li><span style=\"font-family: verdana, geneva, sans-serif; font-size: 14px;\">An\u00e1lisis situacional (FODA)<\/span><\/li>\n<li><span style=\"font-family: verdana, geneva, sans-serif; font-size: 14px;\">Mercadeo Estrat\u00e9gico (Segmentaci\u00f3n, Definici\u00f3n del mercado meta, posicionamiento y diferenciaci\u00f3n)<\/span><\/li>\n<li><span style=\"font-family: verdana, geneva, sans-serif; font-size: 14px;\">Mercadeo T\u00e1ctico (Producto, Precio, Distribuci\u00f3n y Comunicaci\u00f3n Integrada de Mercadeo)<\/span><\/li>\n<li><span style=\"font-family: verdana, geneva, sans-serif; font-size: 14px;\">Ejecuci\u00f3n<\/span><\/li>\n<li><span style=\"font-family: verdana, geneva, sans-serif; font-size: 14px;\">Evaluaci\u00f3n<\/span><\/li>\n<li><span style=\"font-family: verdana, geneva, sans-serif; font-size: 14px;\">Control<\/span><\/li>\n<\/ol>\n<p style=\"text-align: justify;\"><span style=\"font-family: verdana, geneva, sans-serif; font-size: 14px;\">Un gerente debe convertir un dato en informaci\u00f3n y con an\u00e1lisis convertir esa informaci\u00f3n en estrategia para generar resultados.<\/span><\/p>\n<p style=\"text-align: justify;\"><span style=\"font-family: verdana, geneva, sans-serif; font-size: 14px;\">Este periodo de reactivaci\u00f3n es la ocasi\u00f3n ideal para escribir, comunicar y correr (actuar) con una nueva visi\u00f3n para su organizaci\u00f3n. Lo invito a que comience a diligenciar los ocho elementos del plan de mercadeo y que recuerde lo que ense\u00f1\u00f3 Salom\u00f3n acerca de los beneficios de la planeaci\u00f3n y la acci\u00f3n:<\/span><\/p>\n<p style=\"text-align: justify;\"><span style=\"font-family: verdana, geneva, sans-serif; font-size: 14px;\"><strong><em>Los planes bien pensados y el arduo trabajo llevan a la prosperidad, pero los atajos tomados a la carrera conducen a la pobreza. Proverbios 21:5 NTV<\/em><\/strong><\/span><\/p>\n<p style=\"text-align: justify;\"><span style=\"font-family: verdana, geneva, sans-serif; font-size: 14px;\">Escrito por:<\/span><\/p>\n<p style=\"text-align: justify;\"><span style=\"font-family: verdana, geneva, sans-serif; font-size: 14px;\"><strong>Carlos David Galeano B.<\/strong><\/span><\/p>\n<p style=\"text-align: justify;\"><span style=\"font-family: verdana, geneva, sans-serif; font-size: 14px;\"><strong>Ing. de Mercados. Esp. en Alta Gerencia<\/strong><\/span><\/p>\n<p style=\"text-align: justify;\"><span style=\"font-family: verdana, geneva, sans-serif; font-size: 14px;\"><strong>Instagram: @davidgaleanob\u00a0\u00a0\u00a0\u00a0\u00a0\u00a0\u00a0\u00a0\u00a0\u00a0\u00a0\u00a0\u00a0\u00a0\u00a0\u00a0\u00a0\u00a0\u00a0\u00a0\u00a0\u00a0\u00a0\u00a0\u00a0\u00a0\u00a0\u00a0\u00a0\u00a0\u00a0\u00a0\u00a0\u00a0\u00a0\u00a0<\/strong><\/span><\/p>\n<p style=\"text-align: justify;\"><span style=\"font-family: verdana, geneva, sans-serif; font-size: 14px;\"><strong>Whatsapp: (+57) 315 545 7698<\/strong><\/span><\/p>\n<hr \/>\n<p style=\"text-align: justify;\"><span style=\"font-family: verdana, geneva, sans-serif; font-size: 14px;\"><b>Juli\u00e1n Castiblanco<\/b><\/span><\/p>\n<p style=\"text-align: justify;\"><span style=\"font-family: verdana, geneva, sans-serif; font-size: 14px;\">CEO Ingenieros de Marketing<\/span><\/p>\n<p style=\"text-align: justify;\"><span style=\"font-family: verdana, geneva, sans-serif; font-size: 14px;\">Email: coach@ingenierosdemarketing.com.co<\/span><\/p>\n<p style=\"text-align: justify;\"><span style=\"font-family: verdana, geneva, sans-serif; font-size: 14px;\">Habla con Pili, Vicente y Pablo aqu\u00ed:\u00a0<a href=\"https:\/\/wa.me\/573217333276\">https:\/\/wa.me\/573217333276<\/a><\/span><\/p>\n<p style=\"text-align: justify;\"><span style=\"font-family: verdana, geneva, sans-serif; font-size: 14px;\"><a href=\"http:\/\/www.ingenierosdemarketing.com.co\/\">www.ingenierosdemarketing.com.co<\/a><\/span><\/p>\n<p style=\"text-align: justify;\"><span style=\"font-family: verdana, geneva, sans-serif; font-size: 14px;\"><a href=\"http:\/\/www.juliancastiblanco.com\/\">www.JulianCastiblanco.com<\/a><\/span><\/p>\n<p style=\"text-align: justify;\"><span style=\"font-family: verdana, geneva, sans-serif; font-size: 14px;\">Mas informaci\u00f3n sobre IMK Academy aqu\u00ed:\u00a0<a href=\"https:\/\/aprendizajeconresultados.com\/\">https:\/\/aprendizajeconresultados.com\/<\/a><\/span><\/p>\n<p style=\"text-align: justify;\"><span style=\"font-family: verdana, geneva, sans-serif; font-size: 14px;\">Fotograf\u00eda portada tomada de galer\u00eda de:<a href=\"https:\/\/www.canva.com\/\">\u00a0www.canva.com<\/a><\/span><\/p>\n<p style=\"text-align: justify;\"><span style=\"font-family: verdana, geneva, sans-serif; font-size: 14px;\">Tambi\u00e9n te puede interesar el siguiente art\u00edculo:<\/span><\/p>\n<blockquote class=\"wp-embedded-content\" data-secret=\"ij787IgkX5\"><p><a href=\"https:\/\/juliancastiblanco.com\/web\/como-afrontar-las-dificultades-generadas-por-el-desempleo\/\">\u00bfC\u00f3mo afrontar las dificultades generadas por el desempleo?<\/a><\/p><\/blockquote>\n<p><iframe loading=\"lazy\" class=\"wp-embedded-content\" sandbox=\"allow-scripts\" security=\"restricted\" style=\"position: absolute; clip: rect(1px, 1px, 1px, 1px);\" title=\"\u00ab\u00bfC\u00f3mo afrontar las dificultades generadas por el desempleo?\u00bb \u2014 JulianCastiblanco.com\" src=\"https:\/\/juliancastiblanco.com\/web\/como-afrontar-las-dificultades-generadas-por-el-desempleo\/embed\/#?secret=ij787IgkX5\" data-secret=\"ij787IgkX5\" width=\"600\" height=\"338\" frameborder=\"0\" marginwidth=\"0\" marginheight=\"0\" scrolling=\"no\"><\/iframe><\/p>\n","protected":false},"excerpt":{"rendered":"<p>Entonces el SE\u00d1OR me respondi\u00f3 diciendo: \u2014Escribe la visi\u00f3n y gr\u00e1bala claramente en tablas para que corra el que las lea. Habacuc 2:2 RVA Este vers\u00edculo nos habla de tres [&hellip;]<\/p>\n","protected":false},"author":4,"featured_media":5928,"comment_status":"closed","ping_status":"closed","sticky":false,"template":"","format":"standard","meta":{"footnotes":""},"categories":[23,9],"tags":[],"class_list":["post-5926","post","type-post","status-publish","format-standard","has-post-thumbnail","hentry","category-julian-castiblanco","category-tecnologia"],"_links":{"self":[{"href":"https:\/\/juliancastiblanco.com\/web\/wp-json\/wp\/v2\/posts\/5926","targetHints":{"allow":["GET"]}}],"collection":[{"href":"https:\/\/juliancastiblanco.com\/web\/wp-json\/wp\/v2\/posts"}],"about":[{"href":"https:\/\/juliancastiblanco.com\/web\/wp-json\/wp\/v2\/types\/post"}],"author":[{"embeddable":true,"href":"https:\/\/juliancastiblanco.com\/web\/wp-json\/wp\/v2\/users\/4"}],"replies":[{"embeddable":true,"href":"https:\/\/juliancastiblanco.com\/web\/wp-json\/wp\/v2\/comments?post=5926"}],"version-history":[{"count":2,"href":"https:\/\/juliancastiblanco.com\/web\/wp-json\/wp\/v2\/posts\/5926\/revisions"}],"predecessor-version":[{"id":5967,"href":"https:\/\/juliancastiblanco.com\/web\/wp-json\/wp\/v2\/posts\/5926\/revisions\/5967"}],"wp:featuredmedia":[{"embeddable":true,"href":"https:\/\/juliancastiblanco.com\/web\/wp-json\/wp\/v2\/media\/5928"}],"wp:attachment":[{"href":"https:\/\/juliancastiblanco.com\/web\/wp-json\/wp\/v2\/media?parent=5926"}],"wp:term":[{"taxonomy":"category","embeddable":true,"href":"https:\/\/juliancastiblanco.com\/web\/wp-json\/wp\/v2\/categories?post=5926"},{"taxonomy":"post_tag","embeddable":true,"href":"https:\/\/juliancastiblanco.com\/web\/wp-json\/wp\/v2\/tags?post=5926"}],"curies":[{"name":"wp","href":"https:\/\/api.w.org\/{rel}","templated":true}]}}