{"id":5952,"date":"2020-10-09T14:20:52","date_gmt":"2020-10-09T14:20:52","guid":{"rendered":"https:\/\/juliancastiblanco.com\/web\/?p=5952"},"modified":"2020-10-09T14:20:52","modified_gmt":"2020-10-09T14:20:52","slug":"desarrolle-su-marca-personal-en-tiempos-de-crisis","status":"publish","type":"post","link":"https:\/\/juliancastiblanco.com\/web\/desarrolle-su-marca-personal-en-tiempos-de-crisis\/","title":{"rendered":"Desarrolle su Marca Personal en tiempos de crisis"},"content":{"rendered":"<p style=\"text-align: justify;\"><span style=\"font-family: verdana, geneva, sans-serif; font-size: 14px;\"><strong><em>De m\u00e1s estima es el buen nombre que las muchas riquezas, y la buena fama m\u00e1s que la plata y el oro.<\/em><\/strong> (Proverbios 22:1 RVR 60)<\/span><\/p>\n<p style=\"text-align: justify;\"><span style=\"font-family: verdana, geneva, sans-serif; font-size: 14px;\">Hoy en d\u00eda vemos muchas marcas en el comercio; algunas son destacadas, otras apenas perceptibles, a algunas las amamos y de otras desconfiamos. \u00bfSe ha dado cuenta que nos relacionamos con las marcas como nos relacionamos con una persona? Y, \u00bfse ha dado cuenta que como personas dejamos una marca en otros, algunas veces intencionalmente y otras sin darnos cuenta?<\/span><\/p>\n<p style=\"text-align: justify;\"><span style=\"font-family: verdana, geneva, sans-serif; font-size: 14px;\">Todos tenemos una marca personal, nos guste o no nos guste, lo creamos o no. Pero, \u00bfQu\u00e9 es? Seg\u00fan el conferenciante espa\u00f1ol Andr\u00e9s P\u00e9rez, esta es: Descubrir lo que hay en ti que resulta \u00fatil y valioso para los otros y que adem\u00e1s te ayuda a aumentar tu valor y tener el control de tu vida.<\/span><\/p>\n<p style=\"text-align: justify;\"><span style=\"font-family: verdana, geneva, sans-serif; font-size: 14px;\">La marca personal viene de la mano del prop\u00f3sito de vida. Alguna vez ha pensado \u00bfQu\u00e9 es lo que lo hace \u00fanico?, \u00bfCu\u00e1les son los dones y talentos que DIOS le dio para desarrollar en la vida? Pienso que el problema del desempleo y de la falta de sentido en la vida se pueden mitigar a trav\u00e9s del proceso de construir, desarrollar y comunicar la marca personal.<\/span><\/p>\n<p style=\"text-align: justify;\"><span style=\"font-family: verdana, geneva, sans-serif; font-size: 14px;\">Este proceso inicia con un autodiagn\u00f3stico personal donde usted identifica sus fortalezas o dones que lo hacen \u00fanico. Es triste ver c\u00f3mo en conversaciones entre amigos o en entrevistas laborales las personas no conocen sus fortalezas o dudan de ellas (aunque s\u00ed perciben o sobrevaloran las de los dem\u00e1s). Te invito a que escribas a continuaci\u00f3n y le preguntes a alguien que te estime: \u00bfCu\u00e1les son sus tres dones m\u00e1s sobresalientes?<\/span><\/p>\n<ol style=\"text-align: justify;\">\n<li><span style=\"font-family: verdana, geneva, sans-serif; font-size: 14px;\">_____________________________________________________<\/span><\/li>\n<li><span style=\"font-family: verdana, geneva, sans-serif; font-size: 14px;\">_____________________________________________________<\/span><\/li>\n<li><span style=\"font-family: verdana, geneva, sans-serif; font-size: 14px;\">_____________________________________________________<\/span><\/li>\n<\/ol>\n<p style=\"text-align: justify;\"><span style=\"font-family: verdana, geneva, sans-serif; font-size: 14px;\">Recuerde que DIOS ya lo dot\u00f3 de dones (Salmos 68:18) para cumplir el prop\u00f3sito por el cu\u00e1l lo creo.\u00a0 \u00a1Desc\u00fabralos, desarr\u00f3llelos y ded\u00edquelo a \u00c9L!<\/span><\/p>\n<p style=\"text-align: justify;\"><span style=\"font-family: verdana, geneva, sans-serif; font-size: 14px;\">Escrito por:<\/span><\/p>\n<p style=\"text-align: justify;\"><span style=\"font-family: verdana, geneva, sans-serif; font-size: 14px;\"><strong>Carlos David Galeano B.<\/strong><\/span><\/p>\n<p style=\"text-align: justify;\"><span style=\"font-family: verdana, geneva, sans-serif; font-size: 14px;\"><strong>Ing. de Mercados. Esp. en Alta Gerencia<\/strong><\/span><\/p>\n<p style=\"text-align: justify;\"><span style=\"font-family: verdana, geneva, sans-serif; font-size: 14px;\"><strong>Instagram: @davidgaleanob\u00a0\u00a0\u00a0\u00a0\u00a0\u00a0\u00a0\u00a0\u00a0\u00a0\u00a0\u00a0\u00a0\u00a0\u00a0\u00a0\u00a0\u00a0\u00a0\u00a0\u00a0\u00a0\u00a0\u00a0\u00a0\u00a0\u00a0\u00a0\u00a0\u00a0\u00a0\u00a0\u00a0\u00a0\u00a0\u00a0<\/strong><\/span><\/p>\n<p style=\"text-align: justify;\"><span style=\"font-family: verdana, geneva, sans-serif; font-size: 14px;\"><strong>Whatsapp: (+57) 315 545 7698<\/strong><\/span><\/p>\n<hr \/>\n<p style=\"text-align: justify;\"><span style=\"font-family: verdana, geneva, sans-serif; font-size: 14px;\"><b>Juli\u00e1n Castiblanco<\/b><\/span><\/p>\n<p style=\"text-align: justify;\"><span style=\"font-family: verdana, geneva, sans-serif; font-size: 14px;\">CEO Ingenieros de Marketing<\/span><\/p>\n<p style=\"text-align: justify;\"><span style=\"font-family: verdana, geneva, sans-serif; font-size: 14px;\">Email: coach@ingenierosdemarketing.com.co<\/span><\/p>\n<p style=\"text-align: justify;\"><span style=\"font-family: verdana, geneva, sans-serif; font-size: 14px;\">Habla con Pili, Vicente y Pablo aqu\u00ed:\u00a0<a href=\"https:\/\/wa.me\/573217333276\">https:\/\/wa.me\/57217333276<\/a><\/span><\/p>\n<p style=\"text-align: justify;\"><span style=\"font-family: verdana, geneva, sans-serif; font-size: 14px;\"><a href=\"http:\/\/www.ingenierosdemarketing.com.co\/\">www.ingenierosdemarketing.com.co<\/a><\/span><\/p>\n<p style=\"text-align: justify;\"><span style=\"font-family: verdana, geneva, sans-serif; font-size: 14px;\"><a href=\"http:\/\/www.juliancastiblanco.com\/\">www.JulianCastiblanco.com<\/a><\/span><\/p>\n<p style=\"text-align: justify;\"><span style=\"font-family: verdana, geneva, sans-serif; font-size: 14px;\">Mas informaci\u00f3n sobre IMK Academy aqu\u00ed:\u00a0<a href=\"https:\/\/aprendizajeconresultados.com\/\">https:\/\/aprendizajeconresultados.com\/<\/a><\/span><\/p>\n<p style=\"text-align: justify;\"><span style=\"font-family: verdana, geneva, sans-serif; font-size: 14px;\">Fotograf\u00eda portada tomada de galer\u00eda de:<a href=\"https:\/\/www.canva.com\/\">\u00a0www.canva.com<\/a><\/span><\/p>\n<p style=\"text-align: justify;\"><span style=\"font-family: verdana, geneva, sans-serif; font-size: 14px;\">Tambi\u00e9n te puede interesar el siguiente art\u00edculo:<\/span><\/p>\n<blockquote class=\"wp-embedded-content\" data-secret=\"Jg92pUGARJ\"><p><a href=\"https:\/\/juliancastiblanco.com\/web\/quiere-medir-su-madurez-digital\/\">\u00bfQuiere medir su Madurez Digital?<\/a><\/p><\/blockquote>\n<p><iframe loading=\"lazy\" class=\"wp-embedded-content\" sandbox=\"allow-scripts\" security=\"restricted\" style=\"position: absolute; clip: rect(1px, 1px, 1px, 1px);\" title=\"\u00ab\u00bfQuiere medir su Madurez Digital?\u00bb \u2014 JulianCastiblanco.com\" src=\"https:\/\/juliancastiblanco.com\/web\/quiere-medir-su-madurez-digital\/embed\/#?secret=Jg92pUGARJ\" data-secret=\"Jg92pUGARJ\" width=\"600\" height=\"338\" frameborder=\"0\" marginwidth=\"0\" marginheight=\"0\" scrolling=\"no\"><\/iframe><\/p>\n","protected":false},"excerpt":{"rendered":"<p>De m\u00e1s estima es el buen nombre que las muchas riquezas, y la buena fama m\u00e1s que la plata y el oro. (Proverbios 22:1 RVR 60) Hoy en d\u00eda vemos [&hellip;]<\/p>\n","protected":false},"author":4,"featured_media":5953,"comment_status":"closed","ping_status":"closed","sticky":false,"template":"","format":"standard","meta":{"footnotes":""},"categories":[23,9],"tags":[],"class_list":["post-5952","post","type-post","status-publish","format-standard","has-post-thumbnail","hentry","category-julian-castiblanco","category-tecnologia"],"_links":{"self":[{"href":"https:\/\/juliancastiblanco.com\/web\/wp-json\/wp\/v2\/posts\/5952","targetHints":{"allow":["GET"]}}],"collection":[{"href":"https:\/\/juliancastiblanco.com\/web\/wp-json\/wp\/v2\/posts"}],"about":[{"href":"https:\/\/juliancastiblanco.com\/web\/wp-json\/wp\/v2\/types\/post"}],"author":[{"embeddable":true,"href":"https:\/\/juliancastiblanco.com\/web\/wp-json\/wp\/v2\/users\/4"}],"replies":[{"embeddable":true,"href":"https:\/\/juliancastiblanco.com\/web\/wp-json\/wp\/v2\/comments?post=5952"}],"version-history":[{"count":2,"href":"https:\/\/juliancastiblanco.com\/web\/wp-json\/wp\/v2\/posts\/5952\/revisions"}],"predecessor-version":[{"id":5984,"href":"https:\/\/juliancastiblanco.com\/web\/wp-json\/wp\/v2\/posts\/5952\/revisions\/5984"}],"wp:featuredmedia":[{"embeddable":true,"href":"https:\/\/juliancastiblanco.com\/web\/wp-json\/wp\/v2\/media\/5953"}],"wp:attachment":[{"href":"https:\/\/juliancastiblanco.com\/web\/wp-json\/wp\/v2\/media?parent=5952"}],"wp:term":[{"taxonomy":"category","embeddable":true,"href":"https:\/\/juliancastiblanco.com\/web\/wp-json\/wp\/v2\/categories?post=5952"},{"taxonomy":"post_tag","embeddable":true,"href":"https:\/\/juliancastiblanco.com\/web\/wp-json\/wp\/v2\/tags?post=5952"}],"curies":[{"name":"wp","href":"https:\/\/api.w.org\/{rel}","templated":true}]}}