{"id":6018,"date":"2020-10-19T12:50:54","date_gmt":"2020-10-19T12:50:54","guid":{"rendered":"https:\/\/juliancastiblanco.com\/web\/?p=6018"},"modified":"2020-10-19T12:50:54","modified_gmt":"2020-10-19T12:50:54","slug":"la-pandemia-pone-a-prueba-a-la-economia-creativa-ideas-y-recomendaciones-de-una-red-de-expertos","status":"publish","type":"post","link":"https:\/\/juliancastiblanco.com\/web\/la-pandemia-pone-a-prueba-a-la-economia-creativa-ideas-y-recomendaciones-de-una-red-de-expertos\/","title":{"rendered":"La pandemia pone a prueba a la econom\u00eda creativa: Ideas y recomendaciones de una red de expertos"},"content":{"rendered":"<p style=\"text-align: justify;\"><span style=\"font-family: verdana, geneva, sans-serif; font-size: 14px;\">Este documento recoge las principales ideas y conclusiones de un grupo de expertos del sector cultural y creativo de Am\u00e9rica Latina para revisar sobre el impacto de la pandemia en la econom\u00eda cultural y creativa. Identifica adem\u00e1s soluciones y medidas que pueden ser incorporadas en las estrategias de respuesta a la crisis con un enfoque integral y de largo plazo.<\/span><\/p>\n<p><span style=\"font-family: verdana, geneva, sans-serif; font-size: 14px;\">A pesar de que la cultura y las industrias creativas fueron las primeras en verse afectadas por la cancelaci\u00f3n de eventos, festivales y otras actividades creativas grupales, estas han desempe\u00f1ado un papel fundamental durante la crisis. El sector se encuentra en un estado de fragilidad in\u00e9dito y a desaf\u00edos sin precedentes, que necesitan soluciones excepcionales. Este documento busca ser un aporte a la creaci\u00f3n de estas soluciones.<\/span><\/p>\n<p style=\"text-align: justify;\"><span style=\"font-family: verdana, geneva, sans-serif; font-size: 14px;\">Descarga aqu\u00ed el documento: <a href=\"https:\/\/juliancastiblanco.com\/web\/wp-content\/uploads\/2020\/10\/La-pandemia-pone-a-prueba-a-la-economia-creativa-Ideas-y-recomendaciones-de-una-red-de-expertos.pdf\">La-pandemia-pone-a-prueba-a-la-economia-creativa-Ideas-y-recomendaciones-de-una-red-de-expertos<\/a><\/span><\/p>\n<p style=\"text-align: justify;\"><span style=\"font-family: verdana, geneva, sans-serif; font-size: 14px;\">Fuente: <a href=\"https:\/\/publications.iadb.org\/es\/la-pandemia-pone-prueba-la-economia-creativa-ideas-y-recomendaciones-de-una-red-de-expertos?fbclid=IwAR2OgUNIsStCqPqgnc8fZOJJfgH4bLQ6pC0yKefn-1DXxiNAE8vZKb-hJ54\">https:\/\/publications.iadb.org\/es\/la-pandemia-pone-prueba-la-economia-creativa-ideas-y-recomendaciones-de-una-red-de-expertos?fbclid=IwAR2OgUNIsStCqPqgnc8fZOJJfgH4bLQ6pC0yKefn-1DXxiNAE8vZKb-hJ54<\/a><\/span><\/p>\n<p style=\"text-align: justify;\"><span style=\"font-family: verdana, geneva, sans-serif; font-size: 14px;\">________________________________________________________<\/span><\/p>\n<p style=\"text-align: justify;\">\n<p style=\"text-align: justify;\"><span style=\"font-family: verdana, geneva, sans-serif; font-size: 14px;\"><b>Juli\u00e1n Castiblanco<\/b><\/span><\/p>\n<p style=\"text-align: justify;\"><span style=\"font-family: verdana, geneva, sans-serif; font-size: 14px;\">CEO Ingenieros de Marketing<\/span><\/p>\n<p style=\"text-align: justify;\"><span style=\"font-family: verdana, geneva, sans-serif; font-size: 14px;\">Email: coach@ingenierosdemarketing.com.co<\/span><\/p>\n<p style=\"text-align: justify;\"><span style=\"font-family: verdana, geneva, sans-serif; font-size: 14px;\">Habla con Pili, Vicente y Pablo aqu\u00ed:\u00a0<a href=\"https:\/\/wa.me\/573217333276\">https:\/\/wa.me\/57217333276<\/a><\/span><\/p>\n<p style=\"text-align: justify;\"><span style=\"font-family: verdana, geneva, sans-serif; font-size: 14px;\"><a href=\"http:\/\/www.ingenierosdemarketing.com.co\/\">www.ingenierosdemarketing.com.co<\/a><\/span><\/p>\n<p style=\"text-align: justify;\"><span style=\"font-family: verdana, geneva, sans-serif; font-size: 14px;\"><a href=\"http:\/\/www.juliancastiblanco.com\/\">www.JulianCastiblanco.com<\/a><\/span><\/p>\n<p style=\"text-align: justify;\"><span style=\"font-family: verdana, geneva, sans-serif; font-size: 14px;\">Mas informaci\u00f3n sobre IMK Academy aqu\u00ed:\u00a0<a href=\"https:\/\/aprendizajeconresultados.com\/\">https:\/\/aprendizajeconresultados.com\/<\/a><\/span><\/p>\n<p style=\"text-align: justify;\">\n<p style=\"text-align: justify;\"><span style=\"font-family: verdana, geneva, sans-serif; font-size: 14px;\">Fotograf\u00eda portada tomada de galer\u00eda de:<a href=\"https:\/\/www.canva.com\/\">www.canva.com<\/a><\/span><\/p>\n<p style=\"text-align: justify;\">\n<p style=\"text-align: justify;\"><span style=\"font-family: verdana, geneva, sans-serif; font-size: 14px;\">Tambi\u00e9n te puede interesar el siguiente art\u00edculo:<\/span><\/p>\n<blockquote class=\"wp-embedded-content\" data-secret=\"zrLFfp2qsh\"><p><a href=\"https:\/\/juliancastiblanco.com\/web\/el-poder-de-los-datos-para-la-toma-de-decisiones\/\">El poder de los datos para la toma de decisiones<\/a><\/p><\/blockquote>\n<p><iframe loading=\"lazy\" class=\"wp-embedded-content\" sandbox=\"allow-scripts\" security=\"restricted\" style=\"position: absolute; clip: rect(1px, 1px, 1px, 1px);\" title=\"\u00abEl poder de los datos para la toma de decisiones\u00bb \u2014 JulianCastiblanco.com\" src=\"https:\/\/juliancastiblanco.com\/web\/el-poder-de-los-datos-para-la-toma-de-decisiones\/embed\/#?secret=zrLFfp2qsh\" data-secret=\"zrLFfp2qsh\" width=\"600\" height=\"338\" frameborder=\"0\" marginwidth=\"0\" marginheight=\"0\" scrolling=\"no\"><\/iframe><\/p>\n","protected":false},"excerpt":{"rendered":"<p>Este documento recoge las principales ideas y conclusiones de un grupo de expertos del sector cultural y creativo de Am\u00e9rica Latina para revisar sobre el impacto de la pandemia en [&hellip;]<\/p>\n","protected":false},"author":4,"featured_media":6021,"comment_status":"closed","ping_status":"closed","sticky":false,"template":"","format":"standard","meta":{"footnotes":""},"categories":[23,9],"tags":[],"class_list":["post-6018","post","type-post","status-publish","format-standard","has-post-thumbnail","hentry","category-julian-castiblanco","category-tecnologia"],"_links":{"self":[{"href":"https:\/\/juliancastiblanco.com\/web\/wp-json\/wp\/v2\/posts\/6018","targetHints":{"allow":["GET"]}}],"collection":[{"href":"https:\/\/juliancastiblanco.com\/web\/wp-json\/wp\/v2\/posts"}],"about":[{"href":"https:\/\/juliancastiblanco.com\/web\/wp-json\/wp\/v2\/types\/post"}],"author":[{"embeddable":true,"href":"https:\/\/juliancastiblanco.com\/web\/wp-json\/wp\/v2\/users\/4"}],"replies":[{"embeddable":true,"href":"https:\/\/juliancastiblanco.com\/web\/wp-json\/wp\/v2\/comments?post=6018"}],"version-history":[{"count":1,"href":"https:\/\/juliancastiblanco.com\/web\/wp-json\/wp\/v2\/posts\/6018\/revisions"}],"predecessor-version":[{"id":6022,"href":"https:\/\/juliancastiblanco.com\/web\/wp-json\/wp\/v2\/posts\/6018\/revisions\/6022"}],"wp:featuredmedia":[{"embeddable":true,"href":"https:\/\/juliancastiblanco.com\/web\/wp-json\/wp\/v2\/media\/6021"}],"wp:attachment":[{"href":"https:\/\/juliancastiblanco.com\/web\/wp-json\/wp\/v2\/media?parent=6018"}],"wp:term":[{"taxonomy":"category","embeddable":true,"href":"https:\/\/juliancastiblanco.com\/web\/wp-json\/wp\/v2\/categories?post=6018"},{"taxonomy":"post_tag","embeddable":true,"href":"https:\/\/juliancastiblanco.com\/web\/wp-json\/wp\/v2\/tags?post=6018"}],"curies":[{"name":"wp","href":"https:\/\/api.w.org\/{rel}","templated":true}]}}