{"id":6026,"date":"2020-10-20T00:07:51","date_gmt":"2020-10-20T00:07:51","guid":{"rendered":"https:\/\/juliancastiblanco.com\/web\/?p=6026"},"modified":"2023-03-21T21:34:56","modified_gmt":"2023-03-21T21:34:56","slug":"aprendizaje1-camina-por-tus-posibilidades-y-tus-capacidades-se-iran-desarrollando","status":"publish","type":"post","link":"https:\/\/juliancastiblanco.com\/web\/aprendizaje1-camina-por-tus-posibilidades-y-tus-capacidades-se-iran-desarrollando\/","title":{"rendered":"Camina por tus posibilidades y tus capacidades se ir\u00e1n desarrollando."},"content":{"rendered":"<p style=\"text-align: justify;\"><span style=\"font-family: arial, helvetica, sans-serif; font-size: 14px;\">12 de julio de 2011, un d\u00eda antes de nacer mi segundo hijo, Emanuel Andr\u00e9s, recib\u00ed, creo que, como revelaci\u00f3n, esta afirmaci\u00f3n: <em>camina por tus posibilidades, y tus capacidades se ir\u00e1n desarrollando. <\/em>Para entonces, reci\u00e9n renunciaba a un trabajo bien remunerado en una importante multinacional de telecomunicaciones. Ten\u00eda una visi\u00f3n y convicci\u00f3n claras, que las din\u00e1micas de comunicaci\u00f3n, interacci\u00f3n, educaci\u00f3n, negociaci\u00f3n y ventas, tendr\u00edan r\u00e1pida transformaci\u00f3n, que ahora las vemos catalizadas con ocasi\u00f3n de la pandemia del C\u00f3vid, la que mostr\u00f3 que, en su mayor\u00eda, empresas, instituciones, individuos y familias, no estaban preparadas para aprovechar de manera \u00f3ptima los instrumentos y bondades del mundo digital.<\/span><\/p>\n<p style=\"text-align: justify;\"><span style=\"font-family: arial, helvetica, sans-serif; font-size: 14px;\">Posibilidades y capacidades en los proyectos de vida no son disyuntivas, son complementarias y convergentes con gran potencial sin\u00e9rgico. Suele hacerse total \u00e9nfasis en el desarrollo de las competencias, efectivamente, se requieren. Desde ni\u00f1os vamos desarrollando esas competencias motoras y cognitivas, y muy temprano, vamos mostrando lo que nos gusta, para qu\u00e9 estamos dise\u00f1ados, vamos auscultando nuestra vocaci\u00f3n y desarrollando competencias m\u00faltiples.<\/span><\/p>\n<p><span style=\"font-family: arial, helvetica, sans-serif; font-size: 14px;\">Aqu\u00ed queremos resaltar esa facultad imaginativa, proyectiva y creativa que el Creador nos ha otorgado para conocerle a \u00c9l, y para conocer los secretos y las leyes de la creaci\u00f3n, del universo, del micro y del macrocosmos, de los negocios y de las peculiaridades de las interacciones sociales, para construir futuros, para crear nuevos escenarios y nuevas realidades, para influenciar y para transformar. Es ac\u00e1 donde las posibilidades son infinitas en alcances y en maneras de lograrse, en todas las dimensiones y disciplinas del quehacer humano, y particularmente en esta era digital, que tiene que ver con tecnolog\u00eda transversal a todas las esferas de conocimiento y actividad.<\/span><\/p>\n<p style=\"text-align: center;\"><iframe loading=\"lazy\" title=\"Camina por tus Posibilidades que tus capacidades se van desarrollando\" src=\"https:\/\/www.youtube.com\/embed\/-_J9Z6gHCjs\" width=\"640\" height=\"360\" frameborder=\"0\" allowfullscreen=\"allowfullscreen\"><\/iframe><\/p>\n<p style=\"text-align: justify;\"><span style=\"font-family: arial, helvetica, sans-serif; font-size: 14px;\">Empec\u00e9 a buscar qu\u00e9 es caminar por posibilidades y no prioritaria y exclusivamente por capacidades, este es un paradigma en la formaci\u00f3n, antes que prepararme para saltar, he de avanzar, aprovechando la experiencia, observaci\u00f3n e informaci\u00f3n diaria, me voy preparando para caminar mejor, un paso a la vez, permanente y continuamente, voy caminando, caminando, caminando. Mientras muchos quieren saltar para estar posicionados sin dar el paso en el d\u00eda a d\u00eda, por nuestra parte afirmamos la bondad de la disciplina, la permanencia y constancia en la elaboraci\u00f3n de nuevas comprensiones y formaci\u00f3n progresiva de competencias, como insumos b\u00e1sicos y seguros para alcanzar metas, logros y cumplir la visi\u00f3n que mueve a la persona, a la familia, a la empresa o a la instituci\u00f3n.<\/span><\/p>\n<p style=\"text-align: justify;\"><span style=\"font-family: arial, helvetica, sans-serif; font-size: 14px;\">Caminar involucra disposici\u00f3n, ejercicio y avance continuo, es distinto a correr y a saltar. Aplicado a la transformaci\u00f3n y a la maduraci\u00f3n digital, el caminar incluye \u00e1nimo permanente para observar, leer, conocer, ejercitar y capacitarse en los instrumentos existentes y avances diarios que va otorgando el mundo digital, puntualmente, para nuestro caso, en los negocios.<\/span><\/p>\n<p style=\"text-align: justify;\"><span style=\"font-family: arial, helvetica, sans-serif; font-size: 14px;\">La palabra posibilidad, de posible, habla de un camino, una alternativa, una meta, un proyecto, de m\u00e1s de un aparente ut\u00f3pico, que puede hacerse realidad, a partir de una visi\u00f3n, una sana ambici\u00f3n, un actuar permanente sobre un objetivo con apropiada gesti\u00f3n de recursos.<\/span><\/p>\n<p style=\"text-align: justify;\"><span style=\"font-family: arial, helvetica, sans-serif; font-size: 14px;\">Caminar, descubrir, aplicar y fortalecer el rico, eficiente y fruct\u00edfero mundo digital para los negocios asegura cambios positivos y sostenidos frente a saltos que pueden dar al vac\u00edo.<\/span><\/p>\n<div class=\"gmail_default\"><span style=\"font-family: arial, helvetica, sans-serif; font-size: 14px;\">Adaptado por Jes\u00fas Anton\u00edo Castiblanco\u00a0<\/span><\/div>\n<div class=\"gmail_default\"><span style=\"font-family: arial, helvetica, sans-serif; font-size: 14px;\">Tomado de: Apuntes de Investigaci\u00f3n y Conferencias de Ingenieros de Marketing y Juli\u00e1n Castiblanco<\/span><\/div>\n<div>_____________________________________________________<\/div>\n<div><\/div>\n<p><span style=\"font-family: arial, helvetica, sans-serif; font-size: 14px;\"><b>Juli\u00e1n Castiblanco<\/b><\/span><\/p>\n<p><span data-contrast=\"none\">Compartido por Contenidos Digitales Ingenieros de Marketing\u00a0\u00a0<\/span><span data-ccp-props=\"{&quot;201341983&quot;:1,&quot;335551550&quot;:1,&quot;335551620&quot;:1,&quot;335559739&quot;:160,&quot;335559740&quot;:315}\">\u00a0<\/span><\/p>\n<p><a href=\"https:\/\/imk.global\/\"><span data-contrast=\"none\">www.imk.global<\/span><\/a><span data-contrast=\"none\">\u00a0<\/span><span data-ccp-props=\"{&quot;201341983&quot;:1,&quot;335551550&quot;:1,&quot;335551620&quot;:1,&quot;335559739&quot;:160,&quot;335559740&quot;:315}\">\u00a0<\/span><\/p>\n<p><a href=\"http:\/\/www.ingenierosdemarketing.com.co\/\"><span data-contrast=\"none\">www.ingenierosdemarketing.com.co<\/span><\/a><span data-contrast=\"none\">\u00a0\u00a0<\/span><span data-ccp-props=\"{&quot;201341983&quot;:1,&quot;335551550&quot;:1,&quot;335551620&quot;:1,&quot;335559739&quot;:160,&quot;335559740&quot;:315}\">\u00a0<\/span><\/p>\n<p><a href=\"http:\/\/www.juliancastiblanco.com\/\"><span data-contrast=\"none\">www.JulianCastiblanco.com<\/span><\/a><span data-contrast=\"none\">\u00a0\u00a0<\/span><span data-ccp-props=\"{&quot;201341983&quot;:1,&quot;335551550&quot;:1,&quot;335551620&quot;:1,&quot;335559739&quot;:160,&quot;335559740&quot;:315}\">\u00a0<\/span><\/p>\n<p><a href=\"http:\/\/www.deceroasapo.com\/\"><span data-contrast=\"none\">www.deceroasapo.com<\/span><\/a><span data-contrast=\"none\">\u00a0\u00a0<\/span><span data-ccp-props=\"{&quot;201341983&quot;:1,&quot;335551550&quot;:1,&quot;335551620&quot;:1,&quot;335559739&quot;:160,&quot;335559740&quot;:315}\">\u00a0<\/span><\/p>\n<p><a href=\"https:\/\/experienciasimk.com\/\"><span data-contrast=\"none\">www.experienciasimk.com\u00a0<\/span><\/a><span data-contrast=\"none\">\u00a0\u00a0<\/span><span data-ccp-props=\"{&quot;201341983&quot;:1,&quot;335551550&quot;:1,&quot;335551620&quot;:1,&quot;335559739&quot;:160,&quot;335559740&quot;:315}\">\u00a0<\/span><\/p>\n<p><a href=\"http:\/\/www.tiasdigitales.com\/\"><span data-contrast=\"none\">www.tiasdigitales.com<\/span><\/a><span data-ccp-props=\"{&quot;201341983&quot;:1,&quot;335551550&quot;:1,&quot;335551620&quot;:1,&quot;335559739&quot;:160,&quot;335559740&quot;:315}\">\u00a0<\/span><\/p>\n<p><a href=\"http:\/\/www.oceanosvioleta.com\/\"><span data-contrast=\"none\">www.oceanosvioleta.com<\/span><\/a><span data-contrast=\"none\">\u00a0\u00a0<\/span><span data-ccp-props=\"{&quot;201341983&quot;:1,&quot;335551550&quot;:1,&quot;335551620&quot;:1,&quot;335559739&quot;:160,&quot;335559740&quot;:315}\">\u00a0<\/span><\/p>\n<p><a href=\"http:\/\/www.aprendizajeconresultados.com\/\"><span data-contrast=\"none\">www.aprendizajeconresultados.com<\/span><\/a><span data-contrast=\"none\">\u00a0\u00a0<\/span><span data-ccp-props=\"{&quot;201341983&quot;:1,&quot;335551550&quot;:1,&quot;335551620&quot;:1,&quot;335559739&quot;:160,&quot;335559740&quot;:315}\">\u00a0<\/span><\/p>\n<p><a href=\"http:\/\/www.gerenciadigital.com.co\/\"><span data-contrast=\"none\">www.GerenciaDigital.com.co<\/span><\/a><span data-contrast=\"none\">\u00a0\u00a0<\/span><span data-ccp-props=\"{&quot;201341983&quot;:1,&quot;335551550&quot;:1,&quot;335551620&quot;:1,&quot;335559739&quot;:160,&quot;335559740&quot;:315}\">\u00a0<\/span><\/p>\n<p><a href=\"http:\/\/www.socry.co\/\"><span data-contrast=\"none\">www.Socry.co<\/span><\/a><span data-contrast=\"none\">\u00a0<\/span><span data-ccp-props=\"{&quot;201341983&quot;:1,&quot;335551550&quot;:1,&quot;335551620&quot;:1,&quot;335559739&quot;:160,&quot;335559740&quot;:315}\">\u00a0<\/span><\/p>\n<p>&nbsp;<\/p>\n<p style=\"text-align: justify;\">\n","protected":false},"excerpt":{"rendered":"<p>12 de julio de 2011, un d\u00eda antes de nacer mi segundo hijo, Emanuel Andr\u00e9s, recib\u00ed, creo que, como revelaci\u00f3n, esta afirmaci\u00f3n: camina por tus posibilidades, y tus capacidades se [&hellip;]<\/p>\n","protected":false},"author":4,"featured_media":13157,"comment_status":"closed","ping_status":"closed","sticky":false,"template":"","format":"standard","meta":{"footnotes":""},"categories":[9],"tags":[227,108,102,226],"class_list":["post-6026","post","type-post","status-publish","format-standard","has-post-thumbnail","hentry","category-tecnologia","tag-capacidades","tag-experiencias","tag-ingenieros-de-marketing","tag-posibilidades"],"_links":{"self":[{"href":"https:\/\/juliancastiblanco.com\/web\/wp-json\/wp\/v2\/posts\/6026","targetHints":{"allow":["GET"]}}],"collection":[{"href":"https:\/\/juliancastiblanco.com\/web\/wp-json\/wp\/v2\/posts"}],"about":[{"href":"https:\/\/juliancastiblanco.com\/web\/wp-json\/wp\/v2\/types\/post"}],"author":[{"embeddable":true,"href":"https:\/\/juliancastiblanco.com\/web\/wp-json\/wp\/v2\/users\/4"}],"replies":[{"embeddable":true,"href":"https:\/\/juliancastiblanco.com\/web\/wp-json\/wp\/v2\/comments?post=6026"}],"version-history":[{"count":5,"href":"https:\/\/juliancastiblanco.com\/web\/wp-json\/wp\/v2\/posts\/6026\/revisions"}],"predecessor-version":[{"id":6093,"href":"https:\/\/juliancastiblanco.com\/web\/wp-json\/wp\/v2\/posts\/6026\/revisions\/6093"}],"wp:featuredmedia":[{"embeddable":true,"href":"https:\/\/juliancastiblanco.com\/web\/wp-json\/wp\/v2\/media\/13157"}],"wp:attachment":[{"href":"https:\/\/juliancastiblanco.com\/web\/wp-json\/wp\/v2\/media?parent=6026"}],"wp:term":[{"taxonomy":"category","embeddable":true,"href":"https:\/\/juliancastiblanco.com\/web\/wp-json\/wp\/v2\/categories?post=6026"},{"taxonomy":"post_tag","embeddable":true,"href":"https:\/\/juliancastiblanco.com\/web\/wp-json\/wp\/v2\/tags?post=6026"}],"curies":[{"name":"wp","href":"https:\/\/api.w.org\/{rel}","templated":true}]}}