{"id":6257,"date":"2020-11-05T14:05:57","date_gmt":"2020-11-05T14:05:57","guid":{"rendered":"https:\/\/juliancastiblanco.com\/web\/?p=6257"},"modified":"2020-11-05T14:05:57","modified_gmt":"2020-11-05T14:05:57","slug":"facebook-shops-una-alternativa-para-vender-en-linea","status":"publish","type":"post","link":"https:\/\/juliancastiblanco.com\/web\/facebook-shops-una-alternativa-para-vender-en-linea\/","title":{"rendered":"Facebook Shops, una alternativa para vender en l\u00ednea"},"content":{"rendered":"<p style=\"text-align: justify;\"><span style=\"font-family: arial, helvetica, sans-serif; font-size: 14px;\">El futuro de los e-commerce ya est\u00e1 aqu\u00ed. Facebook presenta Facebook Shop, una herramienta que permite cargar cat\u00e1logos de productos para aumentar las ventas y conversiones de las peque\u00f1as empresas.<\/span><\/p>\n<p style=\"text-align: justify;\"><span style=\"font-family: arial, helvetica, sans-serif; font-size: 14px;\">Evidentemente, uno de los cambios m\u00e1s significativos que ha dejado la pandemia producida por el Covid-19 ha sido la forma de comprar de los consumidores. Estos cambios en el comportamiento de compra no solo son un insumo vital para replantear un modelo de negocio, sino que traen consigo la necesidad de empezar a explorar canales y herramientas alternativos que sirvan de escaparate para que los usuarios lleguen a realizar la compra de sus art\u00edculos y\/o servicios por internet.<\/span><\/p>\n<p style=\"text-align: justify;\"><span style=\"font-family: arial, helvetica, sans-serif; font-size: 14px;\"><img loading=\"lazy\" decoding=\"async\" class=\"alignnone size-full wp-image-6258\" src=\"https:\/\/juliancastiblanco.com\/web\/wp-content\/uploads\/2020\/11\/ventas-fb-shop.png\" alt=\"\" width=\"600\" height=\"256\" srcset=\"https:\/\/juliancastiblanco.com\/web\/wp-content\/uploads\/2020\/11\/ventas-fb-shop.png 600w, https:\/\/juliancastiblanco.com\/web\/wp-content\/uploads\/2020\/11\/ventas-fb-shop-300x128.png 300w\" sizes=\"auto, (max-width: 600px) 100vw, 600px\" \/><\/span><\/p>\n<div class=\"single-contain\" style=\"text-align: justify;\">\n<div class=\"g1-flex4 g2-flex6 g3-flex10 g3-offset1\" data-gtm-vis-has-fired-2744136_230=\"1\">\n<p><span style=\"font-family: arial, helvetica, sans-serif; font-size: 14px;\">Por eso hoy hablaremos de\u00a0<strong>Facebook Shops<\/strong>, el nuevo producto que presenta Facebook en el marco del confinamiento mundial para\u00a0<strong><a href=\"https:\/\/www.pymas.com.co\/ideas-para-crecer\/active-su-negocio\/active-su-negocio-con-facebook-e-instagram\">ayudar a reactivar las pymes del mundo<\/a><\/strong>. En el Facebook Live de la presentaci\u00f3n del producto, el CEO de Facebook, Mark Zuckerberg, dijo que Shops \u201ces una experiencia simple y consistente en toda esta familia de aplicaciones, lo que significa que es m\u00e1s f\u00e1cil para las personas (\u2026) eso, por supuesto, significa que habr\u00e1 m\u00e1s conversiones y m\u00e1s ventas para las peque\u00f1as empresas\u201d.<\/span><\/p>\n<p><span style=\"font-family: arial, helvetica, sans-serif; font-size: 14px;\">Seguro le interesa:\u00a0<strong><a href=\"https:\/\/www.pymas.com.co\/ideas-para-crecer\/ecommerce\/estrategias-ventas-redes-sociales\">\u00bfC\u00f3mo aprovechar las redes sociales para impulsar sus ventas?<\/a><\/strong><\/span><\/p>\n<\/div>\n<\/div>\n<div class=\"single-contain\" style=\"text-align: justify;\">\n<div class=\"g1-flex4 g2-flex6 g3-flex10 g3-offset1\" data-gtm-vis-has-fired-2744136_230=\"1\">\n<header class=\"inner--header\">\n<h2 class=\"center caps\"><span style=\"font-family: arial, helvetica, sans-serif; font-size: 14px;\">SHOPS, EL COMERCIO ELECTR\u00d3NICO QUE AGRUPA LAS REDES SOCIALES DE MAYOR IMPACTO<\/span><\/h2>\n<div class=\"single-contain\">\n<div class=\"g1-flex4 g2-flex6 g3-flex10 g3-offset1\" data-gtm-vis-has-fired-2744136_230=\"1\">\n<p><span style=\"font-family: arial, helvetica, sans-serif; font-size: 14px;\">La idea central de Shops es facilitar el proceso de\u00a0<strong>compra y venta por internet<\/strong>, por eso integraron Facebook, WhatsApp, Messenger e Instagram Direct para responder preguntas, ofrecer asistencia y mucho m\u00e1s.<\/span><\/p>\n<p><span style=\"font-family: arial, helvetica, sans-serif; font-size: 14px;\"><strong>Facebook Shops es una herramienta gratuita que\u00a0<a href=\"https:\/\/www.pymas.com.co\/ideas-para-crecer\/mercadeo-y-ventas\/que-es-la-experiencia-de-cliente\">garantiza una buena experiencia<\/a><\/strong>\u00a0de compra, con un dise\u00f1o pensado para dispositivos m\u00f3viles, lo que hace que los peque\u00f1os empresarios puedan acceder f\u00e1cilmente a esta iniciativa de Facebook.<\/span><\/p>\n<\/div>\n<\/div>\n<div class=\"single-contain\">\n<div class=\"g1-flex4 g2-flex6 g3-flex10 g3-offset1\" data-gtm-vis-has-fired-2744136_230=\"1\">\n<header class=\"inner--header\">\n<h2 class=\"center caps\"><span style=\"font-family: arial, helvetica, sans-serif; font-size: 14px;\">\u00bfC\u00d3MO FUNCIONA FACEBOOK SHOPS?<\/span><\/h2>\n<\/header>\n<\/div>\n<\/div>\n<div class=\"single-contain\">\n<div class=\"g1-flex4 g2-flex6 g3-flex10 g3-offset1\" data-gtm-vis-has-fired-2744136_230=\"1\">\n<p><span style=\"font-family: arial, helvetica, sans-serif; font-size: 14px;\">Facebook Shops, que es gratuito, permitir\u00e1 a las empresas configurar listados de productos en su p\u00e1gina de Facebook, perfil de Instagram, historias o anuncios.<\/span><\/p>\n<p><span style=\"font-family: arial, helvetica, sans-serif; font-size: 14px;\">Con esta herramienta puede\u00a0<strong>personalizar colecciones con los productos<\/strong>\u00a0que quiere mostrar, usando im\u00e1genes y colores atractivos que reflejen la identidad de su marca.<\/span><\/p>\n<\/div>\n<\/div>\n<\/header>\n<div class=\"single-contain\">\n<div class=\"g1-flex4 g2-flex6 g3-flex10 g3-offset1\" data-gtm-vis-has-fired-2744136_230=\"1\">\n<p><span style=\"font-family: arial, helvetica, sans-serif; font-size: 14px;\"><img loading=\"lazy\" decoding=\"async\" class=\"alignnone size-full wp-image-6259\" src=\"https:\/\/juliancastiblanco.com\/web\/wp-content\/uploads\/2020\/11\/ventas-messenger-fb.jpg\" alt=\"\" width=\"600\" height=\"280\" srcset=\"https:\/\/juliancastiblanco.com\/web\/wp-content\/uploads\/2020\/11\/ventas-messenger-fb.jpg 600w, https:\/\/juliancastiblanco.com\/web\/wp-content\/uploads\/2020\/11\/ventas-messenger-fb-300x140.jpg 300w\" sizes=\"auto, (max-width: 600px) 100vw, 600px\" \/><\/span><\/p>\n<p><span style=\"font-family: arial, helvetica, sans-serif; font-size: 14px;\"><em>Imagen tomada de #ElColombiano<\/em><\/span><\/p>\n<p><span style=\"font-family: arial, helvetica, sans-serif; font-size: 14px;\">Pero Shops va m\u00e1s all\u00e1 de una tienda que se integra con otras apps. Facebook se ali\u00f3 con empresas como Shopify, BigCommerce, WooCommerce, Channel Advisor, CedCommerce, Cafe24, Tienda Nube y Feedonomics para que las\u00a0<strong><a href=\"https:\/\/www.pymas.com.co\/ideas-para-crecer\/mercadeo-y-ventas\/tienda-virtual-las-plataformas-mas-populares\">empresas se animen a empezar su comercio electr\u00f3nico<\/a><\/strong>\u00a0y actualicen sus canales de ventas.<\/span><\/p>\n<\/div>\n<\/div>\n<div class=\"single-contain\">\n<div class=\"g1-flex4 g2-flex6 g3-flex10 g3-offset1\" data-gtm-vis-has-fired-2744136_230=\"1\">\n<header class=\"inner--header\">\n<h2 class=\"center caps\"><span style=\"font-family: arial, helvetica, sans-serif; font-size: 14px;\">PASO A PASO PARA CONFIGURAR SHOPS EN MINUTOS<\/span><\/h2>\n<\/header>\n<\/div>\n<\/div>\n<div class=\"single-contain\">\n<div class=\"g1-flex4 g2-flex6 g3-flex10 g3-offset1\" data-gtm-vis-has-fired-2744136_230=\"1\">\n<p><span style=\"font-family: arial, helvetica, sans-serif; font-size: 14px;\">Seg\u00fan la p\u00e1gina de Facebook, configurar una tienda es f\u00e1cil, gratis y solo tarda unos minutos. Aqu\u00ed le dejamos el paso a paso que se menciona en la p\u00e1gina, para que empiece a explorar esta herramienta que abre el espectro del\u00a0<strong>comercio electr\u00f3nico a peque\u00f1as y medianas empresas<\/strong>:<\/span><\/p>\n<\/div>\n<\/div>\n<div class=\"single-contain\">\n<div class=\"g1-flex4 g2-flex6 g3-flex10 g3-offset1\" data-gtm-vis-has-fired-2744136_230=\"1\">\n<h3 class=\"center subfont caps\"><span style=\"font-family: arial, helvetica, sans-serif; font-size: 14px;\">1. Administre su cat\u00e1logo<\/span><\/h3>\n<\/div>\n<\/div>\n<div class=\"single-contain\">\n<div class=\"g1-flex4 g2-flex6 g3-flex10 g3-offset1\" data-gtm-vis-has-fired-2744136_230=\"1\">\n<p><span style=\"font-family: arial, helvetica, sans-serif; font-size: 14px;\">Puede usar un cat\u00e1logo preexistente o configurar uno nuevo que funcione en Facebook e Instagram.<\/span><\/p>\n<\/div>\n<\/div>\n<div class=\"single-contain\">\n<div class=\"g1-flex4 g2-flex6 g3-flex10 g3-offset1\" data-gtm-vis-has-fired-2744136_230=\"1\">\n<h3 class=\"center subfont caps\"><span style=\"font-family: arial, helvetica, sans-serif; font-size: 14px;\">2. Configure una tienda en el administrador de ventas<\/span><\/h3>\n<\/div>\n<\/div>\n<div class=\"single-contain\">\n<div class=\"g1-flex4 g2-flex6 g3-flex10 g3-offset1\" data-gtm-vis-has-fired-2744136_230=\"1\">\n<p><span style=\"font-family: arial, helvetica, sans-serif; font-size: 14px;\">Aseg\u00farese de haber seguido los pasos correctos para configurar su tienda en el administrador de ventas. Para conocer m\u00e1s sobre este paso, haga clic\u00a0<strong><a href=\"https:\/\/www.facebook.com\/business\/help\/268860861184453?id=1077620002609475\">aqu\u00ed<\/a><\/strong>.<\/span><\/p>\n<\/div>\n<\/div>\n<div class=\"single-contain\">\n<div class=\"g1-flex4 g2-flex6 g3-flex10 g3-offset1\" data-gtm-vis-has-fired-2744136_230=\"1\">\n<h3 class=\"center subfont caps\"><span style=\"font-family: arial, helvetica, sans-serif; font-size: 14px;\">3. Cree sus colecciones<\/span><\/h3>\n<\/div>\n<\/div>\n<div class=\"single-contain\">\n<div class=\"g1-flex4 g2-flex6 g3-flex10 g3-offset1\" data-gtm-vis-has-fired-2744136_230=\"1\">\n<p><span style=\"font-family: arial, helvetica, sans-serif; font-size: 14px;\">Agregue de 6 a 30 productos a una colecci\u00f3n y use im\u00e1genes de portada y nombres de colecciones que atraigan a las personas a ver el contenido<\/span><\/p>\n<\/div>\n<\/div>\n<div class=\"single-contain\">\n<div class=\"g1-flex4 g2-flex6 g3-flex10 g3-offset1\" data-gtm-vis-has-fired-2744136_230=\"1\">\n<h3 class=\"center subfont caps\"><span style=\"font-family: arial, helvetica, sans-serif; font-size: 14px;\">4. Personalice su tienda<\/span><\/h3>\n<\/div>\n<\/div>\n<div class=\"single-contain\">\n<div class=\"g1-flex4 g2-flex6 g3-flex10 g3-offset1\" data-gtm-vis-has-fired-2744136_230=\"1\">\n<p><span style=\"font-family: arial, helvetica, sans-serif; font-size: 14px;\">Use materiales visuales, elementos de marca y colores personalizados para que su marca cobre vida. Organice el dise\u00f1o y el orden de sus colecciones para que las personas vean primero las\u00a0<strong>colecciones nuevas y destacadas<\/strong>.<\/span><\/p>\n<p><span style=\"font-family: arial, helvetica, sans-serif; font-size: 14px;\">Entre los beneficios m\u00e1s destacados de Facebook Shops est\u00e1 la posibilidad de agregar\u00a0<strong><a href=\"https:\/\/www.pymas.com.co\/ideas-para-crecer\/agro\/como-hacer-catalogo-ecommerce\">colecciones de temporada<\/a><\/strong>, promociones; as\u00ed como escribir descripciones llamativas para atraer m\u00e1s clientes e incidir en la decisi\u00f3n de compra.<\/span><\/p>\n<p><span style=\"font-family: arial, helvetica, sans-serif; font-size: 14px;\">Adem\u00e1s, con Facebook Shops tendr\u00e1 la posibilidad de\u00a0<strong><a href=\"https:\/\/www.pymas.com.co\/ideas-para-crecer\/mercadeo-y-ventas\/herramientas-medicion-digital\">consultar estad\u00edsticas<\/a><\/strong>\u00a0de su tienda en el administrador de ventas, de esta manera podr\u00e1 determinar si sus esfuerzos o acciones est\u00e1n teniendo resultados positivos o si es necesario cambiar la estrategia de su tienda.<\/span><\/p>\n<p><span style=\"font-family: arial, helvetica, sans-serif; font-size: 14px;\">An\u00edmese a darle una experiencia de compra \u00fanica a sus clientes y haga que su negocio sirva de inspiraci\u00f3n a muchas otras pymes que empiezan a incursionar en el\u00a0<strong><a href=\"https:\/\/www.pymas.com.co\/ideas-para-crecer\/especial-py-live\/nuevos-negocios-tics\">ecosistema digital<\/a><\/strong>.<\/span><\/p>\n<p><span style=\"font-family: arial, helvetica, sans-serif; font-size: 14px;\"><strong><em>Fuentes consultadas:<\/em><\/strong><\/span><\/p>\n<p><span style=\"font-family: arial, helvetica, sans-serif; font-size: 14px;\"><em>Facebook,\u00a0Tiendas de Facebook, en: https:\/\/www.facebook.com\/<\/em><\/span><\/p>\n<p><span style=\"font-family: arial, helvetica, sans-serif; font-size: 14px;\"><em>CNBC,\u00a0Mark Zuckerberg anuncia Facebook Shops, en: https:\/\/www.cnbc.com\/<\/em><\/span><\/p>\n<p><span style=\"font-family: arial, helvetica, sans-serif; font-size: 14px;\"><em>Facebook for Business,\u00a0Presentamos las tiendas de Facebook, una nueva experiencia de compra online, en https:\/\/www.facebook.com<\/em><\/span><\/p>\n<\/div>\n<\/div>\n<div class=\"contain\">\n<section class=\"section-rating flex-row\">\n<div class=\"flex-col\"><span style=\"font-family: arial, helvetica, sans-serif; font-size: 14px;\">Fuente Noticia: https:\/\/www.pymas.com.co\/ideas-para-crecer\/mercadeo-y-ventas\/facebook-shops-para-pymes#.X569J-h8Oek.whatsapp<\/span><\/div>\n<\/section>\n<\/div>\n<\/div>\n<\/div>\n<div style=\"text-align: justify;\"><\/div>\n<div style=\"text-align: justify;\"><span style=\"font-family: arial, helvetica, sans-serif; font-size: 14px;\">Te invitamos a consultar nuestro curso de SocialCommerce <a href=\"https:\/\/imkrooms.yopuedoserdigital.com\/temas\">https:\/\/imkrooms.yopuedoserdigital.com\/temas<\/a><\/span><\/div>\n<div style=\"text-align: justify;\"><\/div>\n<p><iframe loading=\"lazy\" title=\"Tour   Socialcommerce desde Cero\" width=\"810\" height=\"456\" src=\"https:\/\/www.youtube.com\/embed\/-RJIqIcCF68?feature=oembed\" frameborder=\"0\" allow=\"accelerometer; autoplay; clipboard-write; encrypted-media; gyroscope; picture-in-picture\" allowfullscreen><\/iframe><\/p>\n<p>_______________________<\/p>\n<p style=\"text-align: justify;\"><span style=\"font-family: arial, helvetica, sans-serif; font-size: 14px;\"><b>Juli\u00e1n Castiblanco<\/b><\/span><\/p>\n<p style=\"text-align: justify;\"><span style=\"font-family: arial, helvetica, sans-serif; font-size: 14px;\">CEO Ingenieros de Marketing<\/span><\/p>\n<p style=\"text-align: justify;\"><span style=\"font-family: arial, helvetica, sans-serif; font-size: 14px;\">Email: coach@ingenierosdemarketing.com.co<\/span><\/p>\n<p style=\"text-align: justify;\"><span style=\"font-family: arial, helvetica, sans-serif; font-size: 14px;\">Habla con Pili, Vicente y Pablo aqu\u00ed:\u00a0<a href=\"https:\/\/wa.me\/573217333276\">https:\/\/wa.me\/573217333276<\/a><\/span><\/p>\n<p style=\"text-align: justify;\"><span style=\"font-family: arial, helvetica, sans-serif; font-size: 14px;\"><a href=\"http:\/\/www.ingenierosdemarketing.com.co\/\">www.ingenierosdemarketing.com.co<\/a><\/span><\/p>\n<p style=\"text-align: justify;\"><span style=\"font-family: arial, helvetica, sans-serif; font-size: 14px;\"><a href=\"http:\/\/www.juliancastiblanco.com\/\">www.JulianCastiblanco.com<\/a><\/span><\/p>\n<p style=\"text-align: justify;\"><span style=\"font-family: arial, helvetica, sans-serif; font-size: 14px;\">Mas informaci\u00f3n sobre IMK Academy aqu\u00ed:\u00a0<a href=\"https:\/\/aprendizajeconresultados.com\/\">https:\/\/aprendizajeconresultados.com\/<\/a><\/span><\/p>\n<p style=\"text-align: justify;\"><span style=\"font-family: arial, helvetica, sans-serif; font-size: 14px;\">Fotograf\u00eda portada tomada de\u00a0<a href=\"https:\/\/www.canva.com\/\">https:\/\/www.canva.com\/<\/a><\/span><\/p>\n<p style=\"text-align: justify;\"><span style=\"font-family: arial, helvetica, sans-serif; font-size: 14px;\">Tambi\u00e9n te puede interesar el siguiente art\u00edculo:<\/span><\/p>\n<blockquote class=\"wp-embedded-content\" data-secret=\"arfoSwNz2G\"><p><a href=\"https:\/\/juliancastiblanco.com\/web\/quiero-mas-likes-y-seguidores-en-facebook-e-instagram-o-como-conseguir-mas\/\">Quiero m\u00e1s likes y seguidores en Facebook e Instagram o como conseguir m\u00e1s<\/a><\/p><\/blockquote>\n<p><iframe loading=\"lazy\" class=\"wp-embedded-content\" sandbox=\"allow-scripts\" security=\"restricted\" style=\"position: absolute; clip: rect(1px, 1px, 1px, 1px);\" title=\"\u00abQuiero m\u00e1s likes y seguidores en Facebook e Instagram o como conseguir m\u00e1s\u00bb \u2014 JulianCastiblanco.com\" src=\"https:\/\/juliancastiblanco.com\/web\/quiero-mas-likes-y-seguidores-en-facebook-e-instagram-o-como-conseguir-mas\/embed\/#?secret=arfoSwNz2G\" data-secret=\"arfoSwNz2G\" width=\"600\" height=\"338\" frameborder=\"0\" marginwidth=\"0\" marginheight=\"0\" scrolling=\"no\"><\/iframe><\/p>\n","protected":false},"excerpt":{"rendered":"<p>El futuro de los e-commerce ya est\u00e1 aqu\u00ed. Facebook presenta Facebook Shop, una herramienta que permite cargar cat\u00e1logos de productos para aumentar las ventas y conversiones de las peque\u00f1as empresas. [&hellip;]<\/p>\n","protected":false},"author":4,"featured_media":6261,"comment_status":"closed","ping_status":"closed","sticky":false,"template":"","format":"standard","meta":{"footnotes":""},"categories":[23,9],"tags":[],"class_list":["post-6257","post","type-post","status-publish","format-standard","has-post-thumbnail","hentry","category-julian-castiblanco","category-tecnologia"],"_links":{"self":[{"href":"https:\/\/juliancastiblanco.com\/web\/wp-json\/wp\/v2\/posts\/6257","targetHints":{"allow":["GET"]}}],"collection":[{"href":"https:\/\/juliancastiblanco.com\/web\/wp-json\/wp\/v2\/posts"}],"about":[{"href":"https:\/\/juliancastiblanco.com\/web\/wp-json\/wp\/v2\/types\/post"}],"author":[{"embeddable":true,"href":"https:\/\/juliancastiblanco.com\/web\/wp-json\/wp\/v2\/users\/4"}],"replies":[{"embeddable":true,"href":"https:\/\/juliancastiblanco.com\/web\/wp-json\/wp\/v2\/comments?post=6257"}],"version-history":[{"count":1,"href":"https:\/\/juliancastiblanco.com\/web\/wp-json\/wp\/v2\/posts\/6257\/revisions"}],"predecessor-version":[{"id":6262,"href":"https:\/\/juliancastiblanco.com\/web\/wp-json\/wp\/v2\/posts\/6257\/revisions\/6262"}],"wp:featuredmedia":[{"embeddable":true,"href":"https:\/\/juliancastiblanco.com\/web\/wp-json\/wp\/v2\/media\/6261"}],"wp:attachment":[{"href":"https:\/\/juliancastiblanco.com\/web\/wp-json\/wp\/v2\/media?parent=6257"}],"wp:term":[{"taxonomy":"category","embeddable":true,"href":"https:\/\/juliancastiblanco.com\/web\/wp-json\/wp\/v2\/categories?post=6257"},{"taxonomy":"post_tag","embeddable":true,"href":"https:\/\/juliancastiblanco.com\/web\/wp-json\/wp\/v2\/tags?post=6257"}],"curies":[{"name":"wp","href":"https:\/\/api.w.org\/{rel}","templated":true}]}}